{"id":1234,"date":"2013-09-24T11:33:24","date_gmt":"2013-09-24T11:33:24","guid":{"rendered":"https:\/\/graziamagazine.com\/es\/?p=1234"},"modified":"2015-05-06T19:40:07","modified_gmt":"2015-05-06T17:40:07","slug":"el-colegio-hippie-de-leo-bardem","status":"publish","type":"articles","link":"https:\/\/graziamagazine.com\/es\/articles\/el-colegio-hippie-de-leo-bardem\/","title":{"rendered":"El colegio hippie de Leo Bardem"},"content":{"rendered":"<p>Tras pasar el pasado mes de septiembre unas semanas en Sud\u00e1frica por motivos profesionales (Javier ha rodado all\u00ed varias secuencias de su pr\u00f3xima pel\u00edcula <em>The Last Face,<\/em> dirigida por <strong>Sean Penn<\/strong>) el matrimonio <strong>Bardem-Cruz<\/strong> ya le ha echado el ojo a algunos colegios para su hijo <strong>Leo,<\/strong> de cuatro a\u00f1os de edad. Y no es casualidad que hayan reparado en <strong>el m\u00e9todo educativo Waldorf,<\/strong> al igual que otros colegas de profesi\u00f3n, como <strong>Harrison Ford, Clint Eastwood, Lenny Kravitz<\/strong> o <strong>Anna Paquin.<\/strong> En Espa\u00f1a son defensores de este tipo de ense\u00f1anza <strong>\u00c1ngeles Gonz\u00e1lez-Sinde<\/strong> o la actriz <strong>Rossy de Palma,<\/strong> entre otros.<\/p>\n<figure id=\"attachment_1237\" aria-describedby=\"caption-attachment-1237\" style=\"width: 785px\" class=\"wp-caption aligncenter\"><img loading=\"lazy\" decoding=\"async\" class=\"wp-image-1237 size-full\" src=\"https:\/\/graziamagazine.com\/es\/wp-content\/uploads\/sites\/12\/2013\/09\/Penelope-1.jpg\" alt=\"Javier Bardem y Pen\u00e9lope Cruz son padres de Leo (4 a\u00f1os) y Luna (1 a\u00f1o).  \u00a9 Cordon Press\" width=\"785\" height=\"480\" srcset=\"https:\/\/graziamagazine.com\/es\/wp-content\/uploads\/sites\/12\/2013\/09\/Penelope-1.jpg 785w, https:\/\/graziamagazine.com\/es\/wp-content\/uploads\/sites\/12\/2013\/09\/Penelope-1-300x183.jpg 300w, https:\/\/graziamagazine.com\/es\/wp-content\/uploads\/sites\/12\/2013\/09\/Penelope-1-695x425.jpg 695w, https:\/\/graziamagazine.com\/es\/wp-content\/uploads\/sites\/12\/2013\/09\/Penelope-1-720x440.jpg 720w, https:\/\/graziamagazine.com\/es\/wp-content\/uploads\/sites\/12\/2013\/09\/Penelope-1-626x383.jpg 626w, https:\/\/graziamagazine.com\/es\/wp-content\/uploads\/sites\/12\/2013\/09\/Penelope-1-360x220.jpg 360w\" sizes=\"(max-width: 785px) 100vw, 785px\" \/><figcaption id=\"caption-attachment-1237\" class=\"wp-caption-text\">Javier Bardem y Pen\u00e9lope Cruz son padres de Leo (4 a\u00f1os) y Luna (1 a\u00f1o). \u00a9 Cordon Press<\/figcaption><\/figure>\n<p>Lo cierto es que esta \u00bfnovedosa? opci\u00f3n pedag\u00f3gica lleva en Espa\u00f1a desde que, en 1979, <strong>Heidi Bieler, Karen Armbruster<\/strong> y <strong>Antonio Malag\u00f3n<\/strong> fundaron el primer centro Waldorf: la Escuela Libre Micael de Madrid, en Las Rozas. Las principales se\u00f1as de este sistema creado por el austriaco <strong>Rudolf Steiner<\/strong> son: un\u00a0primer ciclo infantil en el que no hay libros de textos ni ex\u00e1menes, para alejar as\u00ed al ni\u00f1o de conceptos como la competitividad, el fracaso y el estr\u00e9s. Dicen que as\u00ed se anula la ansiedad y la posible falta de autoestima.<\/p>\n<p>Tampoco aprenden a leer ni escribir hasta los siete a\u00f1os (una tendencia com\u00fan en la mayor\u00eda de los liceos europeos), y ense\u00f1an jardiner\u00eda o carpinter\u00eda. \u00abPotenciamos lo manual y evitamos atiborrarlos de informaci\u00f3n cuando a\u00fan no tienen desarrollada la capacidad de aprendizaje desarrollada\u00bb, dice <strong>Malag\u00f3n<\/strong>, presidente de la federaci\u00f3n de centros educativos Waldorf de Espa\u00f1a. Los que lo han probado con sus hijos hablan maravillas. Es el caso de <strong>B\u00e8la Adler,<\/strong> fot\u00f3grafa de moda: \u00abA m\u00ed me ha abierto nuevos caminos de expresi\u00f3n y comprensi\u00f3n del mundo, y a mi hija, salud y respiraci\u00f3n, empat\u00eda, creatividad, serenidad&#8230;\u00bb.<\/p>\n<figure id=\"attachment_1240\" aria-describedby=\"caption-attachment-1240\" style=\"width: 785px\" class=\"wp-caption aligncenter\"><img loading=\"lazy\" decoding=\"async\" class=\"wp-image-1240 size-full\" src=\"https:\/\/graziamagazine.com\/es\/wp-content\/uploads\/sites\/12\/2013\/09\/Angelina.jpg\" alt=\"Angelina tambi\u00e9n prueba las bondades de este modelo con sus seis v\u00e1stagos.  \u00a9 Cordon Press\" width=\"785\" height=\"950\" srcset=\"https:\/\/graziamagazine.com\/es\/wp-content\/uploads\/sites\/12\/2013\/09\/Angelina.jpg 785w, https:\/\/graziamagazine.com\/es\/wp-content\/uploads\/sites\/12\/2013\/09\/Angelina-248x300.jpg 248w, https:\/\/graziamagazine.com\/es\/wp-content\/uploads\/sites\/12\/2013\/09\/Angelina-720x871.jpg 720w, https:\/\/graziamagazine.com\/es\/wp-content\/uploads\/sites\/12\/2013\/09\/Angelina-626x758.jpg 626w, https:\/\/graziamagazine.com\/es\/wp-content\/uploads\/sites\/12\/2013\/09\/Angelina-360x436.jpg 360w\" sizes=\"(max-width: 785px) 100vw, 785px\" \/><figcaption id=\"caption-attachment-1240\" class=\"wp-caption-text\">Angelina tambi\u00e9n prueba las bondades de este modelo con sus seis v\u00e1stagos. \u00a9 Cordon Press<\/figcaption><\/figure>\n<p>La decisi\u00f3n no ser\u00e1 f\u00e1cil para <strong>Javier<\/strong> y <strong>Pen\u00e9lope<\/strong>, no tanto por el precio (rondan los 400 euros al mes), como porque este m\u00e9todo intenta evitar el contacto temprano con la tecnolog\u00eda. \u00abSe trabajan las im\u00e1genes desde las artes o las narraciones sobre mitolog\u00eda y leyendas. Esto desarrolla la imaginaci\u00f3n, y con la televisi\u00f3n todo eso se destruye. La tele <em>entontiza<\/em>\u00ab, asegura <strong>Malag\u00f3n<\/strong>. As\u00ed que, si estudian all\u00ed, <strong>Luna<\/strong> y <strong>Leo<\/strong> tardar\u00e1n a\u00f1os en sentarse frente a la \u2018caja tonta\u2019 y ver los trabajos de sus padres.<\/p>\n<p>En la actualidad, en Espa\u00f1a no existen a\u00fan \u2018universidades Waldorf\u2019, algo que podr\u00eda ser el tal\u00f3n de Aquiles de este modelo.<\/p>\n<p>\u00bfY c\u00f3mo se eval\u00faa una educaci\u00f3n as\u00ed? Gracias a un informe anual, desarrollado a lo largo del a\u00f1o, en el que se tiene en cuenta \u00abel desarrollo pleno y completo del alumno en lo intelectual, arm\u00f3nico, art\u00edstico y en lo afectivo, apunta Malag\u00f3n. Algo tan f\u00e1cil (o tan dif\u00edcil) y tan sencillo como el &#8216;saber estar&#8217; en el mundo, seg\u00fan sus palabras.<\/p>\n<p><a href=\"http:\/\/colegioswaldorf.org\" target=\"_blank\" target=\"_blank\"><strong>M\u00e1s informaci\u00f3n<\/strong><\/a>.<\/p>\n<figure id=\"attachment_1241\" aria-describedby=\"caption-attachment-1241\" style=\"width: 783px\" class=\"wp-caption aligncenter\"><img loading=\"lazy\" decoding=\"async\" class=\"wp-image-1241 size-full\" src=\"https:\/\/graziamagazine.com\/es\/wp-content\/uploads\/sites\/12\/2013\/09\/46918_metodowaldorf.jpg\" alt=\"\u00a9 Cordon Press\" width=\"783\" height=\"480\" srcset=\"https:\/\/graziamagazine.com\/es\/wp-content\/uploads\/sites\/12\/2013\/09\/46918_metodowaldorf.jpg 783w, https:\/\/graziamagazine.com\/es\/wp-content\/uploads\/sites\/12\/2013\/09\/46918_metodowaldorf-300x184.jpg 300w, https:\/\/graziamagazine.com\/es\/wp-content\/uploads\/sites\/12\/2013\/09\/46918_metodowaldorf-695x425.jpg 695w, https:\/\/graziamagazine.com\/es\/wp-content\/uploads\/sites\/12\/2013\/09\/46918_metodowaldorf-720x441.jpg 720w, https:\/\/graziamagazine.com\/es\/wp-content\/uploads\/sites\/12\/2013\/09\/46918_metodowaldorf-626x384.jpg 626w, https:\/\/graziamagazine.com\/es\/wp-content\/uploads\/sites\/12\/2013\/09\/46918_metodowaldorf-360x221.jpg 360w\" sizes=\"(max-width: 783px) 100vw, 783px\" \/><figcaption id=\"caption-attachment-1241\" class=\"wp-caption-text\">\u00a9 Cordon Press<\/figcaption><\/figure>\n<p><span style=\"text-decoration: underline;\"><strong>ANTIGUOS ALUMNOS:<\/strong><\/span><\/p>\n<p><strong>Michael Fassbender:<\/strong> de origen alem\u00e1n, donde este m\u00e9todo es m\u00e1s popular, el actor convenci\u00f3 de sus bondades a los Bardem en el rodaje de <a href=\"https:\/\/graziamagazine.com\/es\/lifestyle\/actualidad\/2013-08-21\/de-cuando-fassbender-bardem-y-pitt-se-reunieron-en-un-mismo-filme\" target=\"_blank\"><em>The Counselor.<\/em><\/a><\/p>\n<p><strong>Jennifer Aniston:<\/strong> Ella confiesa que est\u00e1 fascinada por el m\u00e9todo de Rudolf Steiner y por el esp\u00edritu creativo y libre de esta escuela, que tanto marc\u00f3 su decisi\u00f3n de ser actriz.<\/p>\n<p><strong>Sandra Bullock:<\/strong> Ella y su hermana Gesine pasaron su infancia en la ciudad alemana de N\u00faremberg, y all\u00ed estudiaron en escuelas Waldorf.<\/p>\n","protected":false},"author":14326,"featured_media":0,"template":"","format":"standard","categories":[19,18],"acf":[],"yoast_head":"<!-- This site is optimized with the Yoast SEO Premium plugin v18.5 (Yoast SEO v20.4) - https:\/\/yoast.com\/wordpress\/plugins\/seo\/ -->\n<title>El colegio hippie de Leo Bardem | Grazia<\/title>\n<meta name=\"description\" content=\"El m\u00e9todo Waldorf es el favorito de los reto\u00f1os de las celebrities. Los hijos de Pe tambi\u00e9n se apuntan\" \/>\n<meta name=\"robots\" content=\"index, follow, max-snippet:-1, max-image-preview:large, max-video-preview:-1\" \/>\n<link rel=\"canonical\" href=\"https:\/\/graziamagazine.com\/es\/articles\/el-colegio-hippie-de-leo-bardem\/\" \/>\n<meta property=\"og:locale\" content=\"es_ES\" \/>\n<meta property=\"og:type\" content=\"article\" \/>\n<meta property=\"og:title\" content=\"El colegio hippie de Leo Bardem\" \/>\n<meta property=\"og:description\" content=\"El m\u00e9todo Waldorf es el favorito de los reto\u00f1os de las celebrities. Los hijos de Pe tambi\u00e9n se apuntan\" \/>\n<meta property=\"og:url\" content=\"https:\/\/graziamagazine.com\/es\/articles\/el-colegio-hippie-de-leo-bardem\/\" \/>\n<meta property=\"og:site_name\" content=\"Grazia\" \/>\n<meta property=\"article:modified_time\" content=\"2015-05-06T17:40:07+00:00\" \/>\n<meta property=\"og:image\" content=\"https:\/\/graziamagazine.com\/es\/wp-content\/uploads\/sites\/12\/2013\/09\/Penelope-1.jpg\" \/>\n<meta name=\"twitter:card\" content=\"summary_large_image\" \/>\n<meta name=\"twitter:label1\" content=\"Est. reading time\" \/>\n\t<meta name=\"twitter:data1\" content=\"3 minutos\" \/>\n<script type=\"application\/ld+json\" class=\"yoast-schema-graph\">{\"@context\":\"https:\/\/schema.org\",\"@graph\":[{\"@type\":\"WebPage\",\"@id\":\"https:\/\/graziamagazine.com\/es\/articles\/el-colegio-hippie-de-leo-bardem\/\",\"url\":\"https:\/\/graziamagazine.com\/es\/articles\/el-colegio-hippie-de-leo-bardem\/\",\"name\":\"El colegio hippie de Leo Bardem | Grazia\",\"isPartOf\":{\"@id\":\"https:\/\/graziamagazine.com\/es\/#website\"},\"datePublished\":\"2013-09-24T11:33:24+00:00\",\"dateModified\":\"2015-05-06T17:40:07+00:00\",\"description\":\"El m\u00e9todo Waldorf es el favorito de los reto\u00f1os de las celebrities. Los hijos de Pe tambi\u00e9n se apuntan\",\"breadcrumb\":{\"@id\":\"https:\/\/graziamagazine.com\/es\/articles\/el-colegio-hippie-de-leo-bardem\/#breadcrumb\"},\"inLanguage\":\"es\",\"potentialAction\":[{\"@type\":\"ReadAction\",\"target\":[\"https:\/\/graziamagazine.com\/es\/articles\/el-colegio-hippie-de-leo-bardem\/\"]}]},{\"@type\":\"BreadcrumbList\",\"@id\":\"https:\/\/graziamagazine.com\/es\/articles\/el-colegio-hippie-de-leo-bardem\/#breadcrumb\",\"itemListElement\":[{\"@type\":\"ListItem\",\"position\":1,\"name\":\"Portada\",\"item\":\"https:\/\/graziamagazine.com\/es\/\"},{\"@type\":\"ListItem\",\"position\":2,\"name\":\"El colegio hippie de Leo Bardem\"}]},{\"@type\":\"WebSite\",\"@id\":\"https:\/\/graziamagazine.com\/es\/#website\",\"url\":\"https:\/\/graziamagazine.com\/es\/\",\"name\":\"Grazia\",\"description\":\"Moda, belleza, celebrities, estilo de vida...\",\"potentialAction\":[{\"@type\":\"SearchAction\",\"target\":{\"@type\":\"EntryPoint\",\"urlTemplate\":\"https:\/\/graziamagazine.com\/es\/?s={search_term_string}\"},\"query-input\":\"required name=search_term_string\"}],\"inLanguage\":\"es\"}]}<\/script>\n<!-- \/ Yoast SEO Premium plugin. -->","yoast_head_json":{"title":"El colegio hippie de Leo Bardem | Grazia","description":"El m\u00e9todo Waldorf es el favorito de los reto\u00f1os de las celebrities. Los hijos de Pe tambi\u00e9n se apuntan","robots":{"index":"index","follow":"follow","max-snippet":"max-snippet:-1","max-image-preview":"max-image-preview:large","max-video-preview":"max-video-preview:-1"},"canonical":"https:\/\/graziamagazine.com\/es\/articles\/el-colegio-hippie-de-leo-bardem\/","og_locale":"es_ES","og_type":"article","og_title":"El colegio hippie de Leo Bardem","og_description":"El m\u00e9todo Waldorf es el favorito de los reto\u00f1os de las celebrities. Los hijos de Pe tambi\u00e9n se apuntan","og_url":"https:\/\/graziamagazine.com\/es\/articles\/el-colegio-hippie-de-leo-bardem\/","og_site_name":"Grazia","article_modified_time":"2015-05-06T17:40:07+00:00","og_image":[{"url":"https:\/\/graziamagazine.com\/es\/wp-content\/uploads\/sites\/12\/2013\/09\/Penelope-1.jpg"}],"twitter_card":"summary_large_image","twitter_misc":{"Est. reading time":"3 minutos"},"schema":{"@context":"https:\/\/schema.org","@graph":[{"@type":"WebPage","@id":"https:\/\/graziamagazine.com\/es\/articles\/el-colegio-hippie-de-leo-bardem\/","url":"https:\/\/graziamagazine.com\/es\/articles\/el-colegio-hippie-de-leo-bardem\/","name":"El colegio hippie de Leo Bardem | Grazia","isPartOf":{"@id":"https:\/\/graziamagazine.com\/es\/#website"},"datePublished":"2013-09-24T11:33:24+00:00","dateModified":"2015-05-06T17:40:07+00:00","description":"El m\u00e9todo Waldorf es el favorito de los reto\u00f1os de las celebrities. Los hijos de Pe tambi\u00e9n se apuntan","breadcrumb":{"@id":"https:\/\/graziamagazine.com\/es\/articles\/el-colegio-hippie-de-leo-bardem\/#breadcrumb"},"inLanguage":"es","potentialAction":[{"@type":"ReadAction","target":["https:\/\/graziamagazine.com\/es\/articles\/el-colegio-hippie-de-leo-bardem\/"]}]},{"@type":"BreadcrumbList","@id":"https:\/\/graziamagazine.com\/es\/articles\/el-colegio-hippie-de-leo-bardem\/#breadcrumb","itemListElement":[{"@type":"ListItem","position":1,"name":"Portada","item":"https:\/\/graziamagazine.com\/es\/"},{"@type":"ListItem","position":2,"name":"El colegio hippie de Leo Bardem"}]},{"@type":"WebSite","@id":"https:\/\/graziamagazine.com\/es\/#website","url":"https:\/\/graziamagazine.com\/es\/","name":"Grazia","description":"Moda, belleza, celebrities, estilo de vida...","potentialAction":[{"@type":"SearchAction","target":{"@type":"EntryPoint","urlTemplate":"https:\/\/graziamagazine.com\/es\/?s={search_term_string}"},"query-input":"required name=search_term_string"}],"inLanguage":"es"}]}},"jetpack_sharing_enabled":true,"distributor_meta":false,"distributor_terms":false,"distributor_media":false,"distributor_original_site_name":"Grazia","distributor_original_site_url":"https:\/\/graziamagazine.com\/es","push-errors":false,"_links":{"self":[{"href":"https:\/\/graziamagazine.com\/es\/wp-json\/wp\/v2\/articles\/1234"}],"collection":[{"href":"https:\/\/graziamagazine.com\/es\/wp-json\/wp\/v2\/articles"}],"about":[{"href":"https:\/\/graziamagazine.com\/es\/wp-json\/wp\/v2\/types\/articles"}],"author":[{"embeddable":true,"href":"https:\/\/graziamagazine.com\/es\/wp-json\/wp\/v2\/users\/14326"}],"wp:attachment":[{"href":"https:\/\/graziamagazine.com\/es\/wp-json\/wp\/v2\/media?parent=1234"}],"wp:term":[{"taxonomy":"category","embeddable":true,"href":"https:\/\/graziamagazine.com\/es\/wp-json\/wp\/v2\/categories?post=1234"}],"curies":[{"name":"wp","href":"https:\/\/api.w.org\/{rel}","templated":true}]}}