{"id":122658,"date":"2017-09-14T11:08:20","date_gmt":"2017-09-14T09:08:20","guid":{"rendered":"https:\/\/graziamagazine.com\/es\/?p=122658"},"modified":"2017-09-14T11:58:06","modified_gmt":"2017-09-14T09:58:06","slug":"kendall-kylie-jenner-polemica","status":"publish","type":"articles","link":"https:\/\/graziamagazine.com\/es\/articles\/kendall-kylie-jenner-polemica\/","title":{"rendered":"Kendall, Kylie y una nueva pol\u00e9mica con uno de sus &#8216;dise\u00f1os&#8217;"},"content":{"rendered":"<p><strong>D\u00eda que pasa, pol\u00e9mica que surge en torno a la familia Kardashian.<\/strong> Su <em>reality<\/em> televisivo las catapult\u00f3 a la fama, de ah\u00ed pasaron a ser el tema m\u00e1s recurrente de todo tipo de prensa y, casi sin esfuerzo, se han llevado de calle tanto el mundo belleza como el mundo moda.<\/p>\n<figure id=\"attachment_122670\" aria-describedby=\"caption-attachment-122670\" style=\"width: 1500px\" class=\"wp-caption aligncenter\"><img loading=\"lazy\" decoding=\"async\" class=\"wp-image-122670 size-full\" src=\"https:\/\/graziamagazine.com\/es\/wp-content\/uploads\/sites\/12\/2017\/09\/kk-0.jpg\" alt=\"\" width=\"1500\" height=\"754\" srcset=\"https:\/\/graziamagazine.com\/es\/wp-content\/uploads\/sites\/12\/2017\/09\/kk-0.jpg 1500w, https:\/\/graziamagazine.com\/es\/wp-content\/uploads\/sites\/12\/2017\/09\/kk-0-300x151.jpg 300w, https:\/\/graziamagazine.com\/es\/wp-content\/uploads\/sites\/12\/2017\/09\/kk-0-768x386.jpg 768w, https:\/\/graziamagazine.com\/es\/wp-content\/uploads\/sites\/12\/2017\/09\/kk-0-1024x515.jpg 1024w, https:\/\/graziamagazine.com\/es\/wp-content\/uploads\/sites\/12\/2017\/09\/kk-0-720x362.jpg 720w, https:\/\/graziamagazine.com\/es\/wp-content\/uploads\/sites\/12\/2017\/09\/kk-0-1200x603.jpg 1200w, https:\/\/graziamagazine.com\/es\/wp-content\/uploads\/sites\/12\/2017\/09\/kk-0-626x315.jpg 626w, https:\/\/graziamagazine.com\/es\/wp-content\/uploads\/sites\/12\/2017\/09\/kk-0-360x181.jpg 360w\" sizes=\"(max-width: 1500px) 100vw, 1500px\" \/><figcaption id=\"caption-attachment-122670\" class=\"wp-caption-text\">Las hermanas Jenner tienen su propia marca de ropa: &#8216;Kendall + Kylie&#8217; \u00a9 Kendall+Kylie<\/figcaption><\/figure>\n<p>Pero claro, <del>bendito y sabio refranero popular<\/del> quien mucho abarca, poco aprieta\u2026 y las Jenner, por muy estrellas de Instagram que sean, no iban a ser menos (o m\u00e1s). El problema tiene que ver esta vez con su marca de ropa: recordemos que hace tan solo un par de meses saltaron las alarmas cuando <a href=\"https:\/\/graziamagazine.com\/es\/celebs\/kendall-kylie-las-camisetas-enfurecido-al-mundo-la-musica\/\" target=\"_blank\" rel=\"noopener\">el mundo de la m\u00fasica las acus\u00f3 de apropiaci\u00f3n cultural<\/a>. Y, desde entonces, no han dejado de estar en el ojo del hurac\u00e1n.<\/p>\n<p>D\u00edas atr\u00e1s fueron criticadas por lanzar una camisa de cuadros inspirada en las de la cultura chola latinoamericana (furia por una camisa de cuadros, \u00bfen serio?) <strong>y ahora les vuelve a tocar con el lanzamiento de un <em>clutch<\/em> con forma de caja de comida china que, por supuesto, ya han retirado de su web y redes sociales <del>pero su huella es imborrable<\/del>.\u00a0<\/strong><\/p>\n<figure id=\"attachment_122661\" aria-describedby=\"caption-attachment-122661\" style=\"width: 600px\" class=\"wp-caption aligncenter\"><img loading=\"lazy\" decoding=\"async\" class=\"size-full wp-image-122661\" src=\"https:\/\/graziamagazine.com\/es\/wp-content\/uploads\/sites\/12\/2017\/09\/http-bae.hypebeast.com-files-2017-09-kendal-kylie-jenner-chinese-takeout-handbag-1.jpg\" alt=\"\" width=\"600\" height=\"400\" srcset=\"https:\/\/graziamagazine.com\/es\/wp-content\/uploads\/sites\/12\/2017\/09\/http-bae.hypebeast.com-files-2017-09-kendal-kylie-jenner-chinese-takeout-handbag-1.jpg 600w, https:\/\/graziamagazine.com\/es\/wp-content\/uploads\/sites\/12\/2017\/09\/http-bae.hypebeast.com-files-2017-09-kendal-kylie-jenner-chinese-takeout-handbag-1-300x200.jpg 300w, https:\/\/graziamagazine.com\/es\/wp-content\/uploads\/sites\/12\/2017\/09\/http-bae.hypebeast.com-files-2017-09-kendal-kylie-jenner-chinese-takeout-handbag-1-360x240.jpg 360w\" sizes=\"(max-width: 600px) 100vw, 600px\" \/><figcaption id=\"caption-attachment-122661\" class=\"wp-caption-text\">La versi\u00f3n Jenner. \u00a9 Kendall+Kylie<\/figcaption><\/figure>\n<p>Resulta que el bolsito en cuesti\u00f3n no solo conlleva, de nuevo, una apropiaci\u00f3n cultural (de la que se ha hecho eco MTV Asia), <strong>sino adem\u00e1s un posible plagio: de este otro <em>clutch<\/em> que lanz\u00f3 Kate Spade en 2014.<\/strong><\/p>\n<figure id=\"attachment_122660\" aria-describedby=\"caption-attachment-122660\" style=\"width: 600px\" class=\"wp-caption aligncenter\"><img loading=\"lazy\" decoding=\"async\" class=\"size-full wp-image-122660\" src=\"https:\/\/graziamagazine.com\/es\/wp-content\/uploads\/sites\/12\/2017\/09\/Food-Fashion-Takeout-Kate-Spade.jpg\" alt=\"\" width=\"600\" height=\"399\" srcset=\"https:\/\/graziamagazine.com\/es\/wp-content\/uploads\/sites\/12\/2017\/09\/Food-Fashion-Takeout-Kate-Spade.jpg 600w, https:\/\/graziamagazine.com\/es\/wp-content\/uploads\/sites\/12\/2017\/09\/Food-Fashion-Takeout-Kate-Spade-300x200.jpg 300w, https:\/\/graziamagazine.com\/es\/wp-content\/uploads\/sites\/12\/2017\/09\/Food-Fashion-Takeout-Kate-Spade-360x239.jpg 360w\" sizes=\"(max-width: 600px) 100vw, 600px\" \/><figcaption id=\"caption-attachment-122660\" class=\"wp-caption-text\">Y la de Kate Spade. \u00a9 Cortes\u00eda de la firma<\/figcaption><\/figure>\n<p>&nbsp;<\/p>\n<p>Y aqu\u00ed es cuando llegan las preguntas\u2026 \u00bfQu\u00e9 est\u00e1 pasando? \u00bfC\u00f3mo pueden estar las Jenner cometiendo tantos errores de este tipo con todos los asesores legales que tendr\u00e1n? <strong>\u00bfEs l\u00f3gico criticarlas cuando lo habitual en el mundo de la moda son las inspiraciones <a href=\"https:\/\/graziamagazine.com\/es\/moda\/el-instagram-de-los-clones-todas-las-tendencias-a-tu-alcance\/\" target=\"_blank\" rel=\"noopener\">e incluso los clones<\/a>? <\/strong>Toda esta situaci\u00f3n nos hace pensar y, la verdad, <strong>creemos que estamos siendo <em>haters<\/em> hasta niveles insospechados,<\/strong> sobre todo teniendo en cuenta el arma tan potente que es Internet a la hora de desacreditar a alguien. Pero, \u00bfcu\u00e1l es el motivo para estar tan pendientes de ellas y tan dispuestos a criticarlas?&#8230;<\/p>\n<p><strong>\u00bfEstamos ya cansados de tanto protagonismo? \u00bfO es nuestra forma de decir &#8216;zapatero a tus zapatos&#8217;?<\/strong><\/p>\n<p><iframe loading=\"lazy\" style=\"border: none; overflow: hidden; height: 258px;\" src=\"\/\/www.facebook.com\/plugins\/likebox.php?href=https%3A%2F%2Fwww.facebook.com%2Fgraziaespana&amp;width&amp;height=258&amp;colorscheme=light&amp;show_faces=true&amp;header=false&amp;stream=false&amp;show_border=false&amp;appId=349017955267591\" width=\"300\" height=\"150\" frameborder=\"0\" scrolling=\"no\"><\/iframe><\/p>\n","protected":false},"author":15595,"featured_media":0,"template":"","format":"standard","categories":[14,13],"acf":[],"yoast_head":"<!-- This site is optimized with the Yoast SEO Premium plugin v18.5 (Yoast SEO v20.4) - https:\/\/yoast.com\/wordpress\/plugins\/seo\/ -->\n<title>Kendall, Kylie y una nueva pol\u00e9mica con uno de sus &#039;dise\u00f1os&#039;<\/title>\n<meta name=\"description\" content=\"Y ya van tres: esta vez tambi\u00e9n las acusan de plagio. Kendal y Kylie Jenner siguen enfureciendo a internet con los lanzamientos de su marca de ropa.\" \/>\n<meta name=\"robots\" content=\"index, follow, max-snippet:-1, max-image-preview:large, max-video-preview:-1\" \/>\n<link rel=\"canonical\" href=\"https:\/\/graziamagazine.com\/es\/articles\/kendall-kylie-jenner-polemica\/\" \/>\n<meta property=\"og:locale\" content=\"es_ES\" \/>\n<meta property=\"og:type\" content=\"article\" \/>\n<meta property=\"og:title\" content=\"Kendall, Kylie y una nueva pol\u00e9mica con uno de sus &#039;dise\u00f1os&#039;\" \/>\n<meta property=\"og:description\" content=\"Y ya van tres.\" \/>\n<meta property=\"og:url\" content=\"https:\/\/graziamagazine.com\/es\/articles\/kendall-kylie-jenner-polemica\/\" \/>\n<meta property=\"og:site_name\" content=\"Grazia\" \/>\n<meta property=\"article:modified_time\" content=\"2017-09-14T09:58:06+00:00\" \/>\n<meta property=\"og:image\" content=\"https:\/\/graziamagazine.com\/es\/wp-content\/uploads\/sites\/12\/2017\/09\/14110350\/kk-1.jpg?fit=785%2C480\" \/>\n\t<meta property=\"og:image:width\" content=\"785\" \/>\n\t<meta property=\"og:image:height\" content=\"480\" \/>\n\t<meta property=\"og:image:type\" content=\"image\/jpeg\" \/>\n<meta name=\"twitter:card\" content=\"summary_large_image\" \/>\n<meta name=\"twitter:title\" content=\"Kendall, Kylie y una nueva pol\u00e9mica con uno de sus &#039;dise\u00f1os&#039;\" \/>\n<meta name=\"twitter:description\" content=\"Y ya van tres.\" \/>\n<meta name=\"twitter:image\" content=\"http:\/\/s3-eu-west-1.amazonaws.com\/grazia-cdn\/wp-content\/uploads\/sites\/12\/2017\/09\/14110350\/kk-1.jpg\" \/>\n<meta name=\"twitter:label1\" content=\"Est. reading time\" \/>\n\t<meta name=\"twitter:data1\" content=\"2 minutos\" \/>\n<script type=\"application\/ld+json\" class=\"yoast-schema-graph\">{\"@context\":\"https:\/\/schema.org\",\"@graph\":[{\"@type\":\"WebPage\",\"@id\":\"https:\/\/graziamagazine.com\/es\/articles\/kendall-kylie-jenner-polemica\/\",\"url\":\"https:\/\/graziamagazine.com\/es\/articles\/kendall-kylie-jenner-polemica\/\",\"name\":\"Kendall, Kylie y una nueva pol\u00e9mica con uno de sus 'dise\u00f1os'\",\"isPartOf\":{\"@id\":\"https:\/\/graziamagazine.com\/es\/#website\"},\"datePublished\":\"2017-09-14T09:08:20+00:00\",\"dateModified\":\"2017-09-14T09:58:06+00:00\",\"description\":\"Y ya van tres: esta vez tambi\u00e9n las acusan de plagio. Kendal y Kylie Jenner siguen enfureciendo a internet con los lanzamientos de su marca de ropa.\",\"breadcrumb\":{\"@id\":\"https:\/\/graziamagazine.com\/es\/articles\/kendall-kylie-jenner-polemica\/#breadcrumb\"},\"inLanguage\":\"es\",\"potentialAction\":[{\"@type\":\"ReadAction\",\"target\":[\"https:\/\/graziamagazine.com\/es\/articles\/kendall-kylie-jenner-polemica\/\"]}]},{\"@type\":\"BreadcrumbList\",\"@id\":\"https:\/\/graziamagazine.com\/es\/articles\/kendall-kylie-jenner-polemica\/#breadcrumb\",\"itemListElement\":[{\"@type\":\"ListItem\",\"position\":1,\"name\":\"Portada\",\"item\":\"https:\/\/graziamagazine.com\/es\/\"},{\"@type\":\"ListItem\",\"position\":2,\"name\":\"Kendall, Kylie y una nueva pol\u00e9mica con uno de sus &#8216;dise\u00f1os&#8217;\"}]},{\"@type\":\"WebSite\",\"@id\":\"https:\/\/graziamagazine.com\/es\/#website\",\"url\":\"https:\/\/graziamagazine.com\/es\/\",\"name\":\"Grazia\",\"description\":\"Moda, belleza, celebrities, estilo de vida...\",\"potentialAction\":[{\"@type\":\"SearchAction\",\"target\":{\"@type\":\"EntryPoint\",\"urlTemplate\":\"https:\/\/graziamagazine.com\/es\/?s={search_term_string}\"},\"query-input\":\"required name=search_term_string\"}],\"inLanguage\":\"es\"}]}<\/script>\n<!-- \/ Yoast SEO Premium plugin. -->","yoast_head_json":{"title":"Kendall, Kylie y una nueva pol\u00e9mica con uno de sus 'dise\u00f1os'","description":"Y ya van tres: esta vez tambi\u00e9n las acusan de plagio. Kendal y Kylie Jenner siguen enfureciendo a internet con los lanzamientos de su marca de ropa.","robots":{"index":"index","follow":"follow","max-snippet":"max-snippet:-1","max-image-preview":"max-image-preview:large","max-video-preview":"max-video-preview:-1"},"canonical":"https:\/\/graziamagazine.com\/es\/articles\/kendall-kylie-jenner-polemica\/","og_locale":"es_ES","og_type":"article","og_title":"Kendall, Kylie y una nueva pol\u00e9mica con uno de sus 'dise\u00f1os'","og_description":"Y ya van tres.","og_url":"https:\/\/graziamagazine.com\/es\/articles\/kendall-kylie-jenner-polemica\/","og_site_name":"Grazia","article_modified_time":"2017-09-14T09:58:06+00:00","og_image":[{"width":785,"height":480,"url":"https:\/\/graziamagazine.com\/es\/wp-content\/uploads\/sites\/12\/2017\/09\/14110350\/kk-1.jpg?fit=785%2C480","type":"image\/jpeg"}],"twitter_card":"summary_large_image","twitter_title":"Kendall, Kylie y una nueva pol\u00e9mica con uno de sus 'dise\u00f1os'","twitter_description":"Y ya van tres.","twitter_image":"http:\/\/s3-eu-west-1.amazonaws.com\/grazia-cdn\/wp-content\/uploads\/sites\/12\/2017\/09\/14110350\/kk-1.jpg","twitter_misc":{"Est. reading time":"2 minutos"},"schema":{"@context":"https:\/\/schema.org","@graph":[{"@type":"WebPage","@id":"https:\/\/graziamagazine.com\/es\/articles\/kendall-kylie-jenner-polemica\/","url":"https:\/\/graziamagazine.com\/es\/articles\/kendall-kylie-jenner-polemica\/","name":"Kendall, Kylie y una nueva pol\u00e9mica con uno de sus 'dise\u00f1os'","isPartOf":{"@id":"https:\/\/graziamagazine.com\/es\/#website"},"datePublished":"2017-09-14T09:08:20+00:00","dateModified":"2017-09-14T09:58:06+00:00","description":"Y ya van tres: esta vez tambi\u00e9n las acusan de plagio. Kendal y Kylie Jenner siguen enfureciendo a internet con los lanzamientos de su marca de ropa.","breadcrumb":{"@id":"https:\/\/graziamagazine.com\/es\/articles\/kendall-kylie-jenner-polemica\/#breadcrumb"},"inLanguage":"es","potentialAction":[{"@type":"ReadAction","target":["https:\/\/graziamagazine.com\/es\/articles\/kendall-kylie-jenner-polemica\/"]}]},{"@type":"BreadcrumbList","@id":"https:\/\/graziamagazine.com\/es\/articles\/kendall-kylie-jenner-polemica\/#breadcrumb","itemListElement":[{"@type":"ListItem","position":1,"name":"Portada","item":"https:\/\/graziamagazine.com\/es\/"},{"@type":"ListItem","position":2,"name":"Kendall, Kylie y una nueva pol\u00e9mica con uno de sus &#8216;dise\u00f1os&#8217;"}]},{"@type":"WebSite","@id":"https:\/\/graziamagazine.com\/es\/#website","url":"https:\/\/graziamagazine.com\/es\/","name":"Grazia","description":"Moda, belleza, celebrities, estilo de vida...","potentialAction":[{"@type":"SearchAction","target":{"@type":"EntryPoint","urlTemplate":"https:\/\/graziamagazine.com\/es\/?s={search_term_string}"},"query-input":"required name=search_term_string"}],"inLanguage":"es"}]}},"jetpack_sharing_enabled":true,"distributor_meta":false,"distributor_terms":false,"distributor_media":false,"distributor_original_site_name":"Grazia","distributor_original_site_url":"https:\/\/graziamagazine.com\/es","push-errors":false,"_links":{"self":[{"href":"https:\/\/graziamagazine.com\/es\/wp-json\/wp\/v2\/articles\/122658"}],"collection":[{"href":"https:\/\/graziamagazine.com\/es\/wp-json\/wp\/v2\/articles"}],"about":[{"href":"https:\/\/graziamagazine.com\/es\/wp-json\/wp\/v2\/types\/articles"}],"author":[{"embeddable":true,"href":"https:\/\/graziamagazine.com\/es\/wp-json\/wp\/v2\/users\/15595"}],"wp:attachment":[{"href":"https:\/\/graziamagazine.com\/es\/wp-json\/wp\/v2\/media?parent=122658"}],"wp:term":[{"taxonomy":"category","embeddable":true,"href":"https:\/\/graziamagazine.com\/es\/wp-json\/wp\/v2\/categories?post=122658"}],"curies":[{"name":"wp","href":"https:\/\/api.w.org\/{rel}","templated":true}]}}