{"id":120595,"date":"2017-09-15T13:17:13","date_gmt":"2017-09-15T11:17:13","guid":{"rendered":"https:\/\/graziamagazine.com\/es\/?p=120595"},"modified":"2017-09-15T13:17:15","modified_gmt":"2017-09-15T11:17:15","slug":"debate-bodas-sin-ninos-adult-only","status":"publish","type":"articles","link":"https:\/\/graziamagazine.com\/es\/articles\/debate-bodas-sin-ninos-adult-only\/","title":{"rendered":"Bodas \u2018adult only\u2019: \u00bfpol\u00edticamente incorrectas?"},"content":{"rendered":"<p>Asist\u00ed a <a href=\"https:\/\/graziamagazine.com\/es\/etiqueta\/bbc\/\" target=\"_blank\" rel=\"noopener noreferrer\">mi primera boda como invitada<\/a> con dos a\u00f1os y medio (<del>18 meses, que dir\u00eda cualquier mam\u00e1<\/del>). Luciendo mis mejores galas (y unos pa\u00f1ales mon\u00edsimos), aterric\u00e9 en el enlace de Paquita, una prima hermana de mi madre, sentada cual diva del pop en una carroza llamada carrito. Aunque yo no recuerdo ni una sola imagen (<del>esto tambi\u00e9n me pasa en las bodas a las que voy ahora, as\u00ed que no os preocup\u00e9is<\/del>),\u00a0hay un v\u00eddeo del banquete que atestigua mi presencia. Chupando un trozo de pan, la c\u00e1mara me enfoca mientras yo sonr\u00edo feliz cual perdiz con mi suculento manjar.<\/p>\n<figure id=\"attachment_120677\" aria-describedby=\"caption-attachment-120677\" style=\"width: 1750px\" class=\"wp-caption aligncenter\"><img loading=\"lazy\" decoding=\"async\" class=\"size-full wp-image-120677\" src=\"https:\/\/graziamagazine.com\/es\/wp-content\/uploads\/sites\/12\/2017\/08\/bodas-sin-ni\u00f1os-01.jpg\" alt=\"\" width=\"1750\" height=\"1070\" srcset=\"https:\/\/graziamagazine.com\/es\/wp-content\/uploads\/sites\/12\/2017\/08\/bodas-sin-ni\u00f1os-01.jpg 1750w, https:\/\/graziamagazine.com\/es\/wp-content\/uploads\/sites\/12\/2017\/08\/bodas-sin-ni\u00f1os-01-300x183.jpg 300w, https:\/\/graziamagazine.com\/es\/wp-content\/uploads\/sites\/12\/2017\/08\/bodas-sin-ni\u00f1os-01-768x470.jpg 768w, https:\/\/graziamagazine.com\/es\/wp-content\/uploads\/sites\/12\/2017\/08\/bodas-sin-ni\u00f1os-01-1024x626.jpg 1024w, https:\/\/graziamagazine.com\/es\/wp-content\/uploads\/sites\/12\/2017\/08\/bodas-sin-ni\u00f1os-01-695x425.jpg 695w, https:\/\/graziamagazine.com\/es\/wp-content\/uploads\/sites\/12\/2017\/08\/bodas-sin-ni\u00f1os-01-720x440.jpg 720w, https:\/\/graziamagazine.com\/es\/wp-content\/uploads\/sites\/12\/2017\/08\/bodas-sin-ni\u00f1os-01-1200x734.jpg 1200w, https:\/\/graziamagazine.com\/es\/wp-content\/uploads\/sites\/12\/2017\/08\/bodas-sin-ni\u00f1os-01-626x383.jpg 626w, https:\/\/graziamagazine.com\/es\/wp-content\/uploads\/sites\/12\/2017\/08\/bodas-sin-ni\u00f1os-01-360x220.jpg 360w\" sizes=\"(max-width: 1750px) 100vw, 1750px\" \/><figcaption id=\"caption-attachment-120677\" class=\"wp-caption-text\">\u00bfTe imaginas una boda sin ni\u00f1os? \u00a9 Instagram @luisabeccaria_official @alejandrasalido @kiwo_studio @biancabalti @weddingstylemagazine<\/figcaption><\/figure>\n<p>Esto suced\u00eda en 1986, una \u00e9poca en la que los novios sab\u00edan de antemano que deb\u00edan reservar la llamada \u2018mesa de los ni\u00f1os\u2019 y encargar un men\u00fa infantil consistente en croquetas, calamares, helado y litros y litros de refrescos gaseosos. Bien de az\u00facar, por favor. Ahora, 30 a\u00f1os m\u00e1s tarde, es m\u00e1s dif\u00edcil ver a un ni\u00f1o en una boda\u00a0<del>a no ser que sea el hijo de los contrayentes<\/del> que encontrar una hamaca libre en Benidorm en agosto. \u00bfQu\u00e9 est\u00e1 pasando?<\/p>\n<figure id=\"attachment_120681\" aria-describedby=\"caption-attachment-120681\" style=\"width: 800px\" class=\"wp-caption aligncenter\"><img loading=\"lazy\" decoding=\"async\" class=\"size-full wp-image-120681\" src=\"https:\/\/graziamagazine.com\/es\/wp-content\/uploads\/sites\/12\/2017\/08\/bodas-sin-ni\u00f1os-05.jpg\" alt=\"\" width=\"800\" height=\"772\" srcset=\"https:\/\/graziamagazine.com\/es\/wp-content\/uploads\/sites\/12\/2017\/08\/bodas-sin-ni\u00f1os-05.jpg 800w, https:\/\/graziamagazine.com\/es\/wp-content\/uploads\/sites\/12\/2017\/08\/bodas-sin-ni\u00f1os-05-300x290.jpg 300w, https:\/\/graziamagazine.com\/es\/wp-content\/uploads\/sites\/12\/2017\/08\/bodas-sin-ni\u00f1os-05-768x741.jpg 768w, https:\/\/graziamagazine.com\/es\/wp-content\/uploads\/sites\/12\/2017\/08\/bodas-sin-ni\u00f1os-05-720x695.jpg 720w, https:\/\/graziamagazine.com\/es\/wp-content\/uploads\/sites\/12\/2017\/08\/bodas-sin-ni\u00f1os-05-626x604.jpg 626w, https:\/\/graziamagazine.com\/es\/wp-content\/uploads\/sites\/12\/2017\/08\/bodas-sin-ni\u00f1os-05-360x347.jpg 360w, https:\/\/graziamagazine.com\/es\/wp-content\/uploads\/sites\/12\/2017\/08\/bodas-sin-ni\u00f1os-05-335x322.jpg 335w\" sizes=\"(max-width: 800px) 100vw, 800px\" \/><figcaption id=\"caption-attachment-120681\" class=\"wp-caption-text\">La modelo Bianca Balti se casaba hace un mes en California, en una boda en la que comparti\u00f3 protagonismo con sus dos hijas \u00a9 Instagram @biancabalti<\/figcaption><\/figure>\n<p>\u201cSi alg\u00fan d\u00eda me caso, no pienso invitar a ni\u00f1os a mi boda\u201d, sentenci\u00f3 Mar\u00eda en una de esas tardes de <em>gin tonics<\/em> tontas en las que lo que deber\u00edamos hacer es ir al <em>gym<\/em> a toni(c)ficarnos. Confieso que me qued\u00e9 un poco de piedra. Ni tengo hijos ni me he casado nunca, pero me pareci\u00f3 un poco duro el comentario. \u00bf<strong>Por qu\u00e9 discriminar a esos peque\u00f1os locos bajitos que, seg\u00fan dicen, son la alegr\u00eda de cada casa?<\/strong> Fue entonces cuando record\u00e9 que, en la mayor\u00eda de bodas a las que he asistido, la presencia de ni\u00f1os ha sido escasa.<\/p>\n<blockquote class=\"instagram-media\" style=\"background: #FFF; border: 0; border-radius: 3px; box-shadow: 0 0 1px 0 rgba(0,0,0,0.5),0 1px 10px 0 rgba(0,0,0,0.15); margin: 1px; max-width: 658px; padding: 0; width: calc(100% - 2px);\" data-instgrm-version=\"7\">\n<div style=\"padding: 8px;\">\n<div style=\"background: #F8F8F8; line-height: 0; margin-top: 40px; padding: 50.0% 0; text-align: center; width: 100%;\"><\/div>\n<p style=\"color: #c9c8cd; font-family: Arial,sans-serif; font-size: 14px; line-height: 17px; margin-bottom: 0; margin-top: 8px; overflow: hidden; padding: 8px 0 7px; text-align: center; text-overflow: ellipsis; white-space: nowrap;\"><a href=\"https:\/\/www.instagram.com\/p\/BVxlYaVBvbE\/\"style=\"color: #c9c8cd; font-family: Arial,sans-serif; font-size: 14px; font-style: normal; font-weight: normal; line-height: 17px; text-decoration: none;\"  target=\"_blank\" rel=\"noopener noreferrer\" target=\"_blank\">Una publicaci\u00f3n compartida de @martaussia<\/a> el <time style=\"font-family: Arial,sans-serif; font-size: 14px; line-height: 17px;\" datetime=\"2017-06-25T19:44:57+00:00\">25 de Jun de 2017 a la(s) 12:44 PDT<\/time><\/p>\n<\/div>\n<\/blockquote>\n<p><script async defer src=\"\/\/platform.instagram.com\/en_US\/embeds.js\"><\/script><\/p>\n<ul>\n<li><strong>Las bodas como el momento &#8216;Kit Kat&#8217; de los padres<\/strong><\/li>\n<\/ul>\n<p>\u201cHemos dejado a Adri\u00e1n con mis suegros y as\u00ed nosotros podemos descansar un poco\u201d, escuch\u00e9 en la mesa del enlace m\u00e1s reciente al que acud\u00ed. Aj\u00e1. Muchas <a href=\"https:\/\/graziamagazine.com\/es\/lifestyle\/amigas-madres-hijos-conversaciones\/\" target=\"_blank\" rel=\"noopener noreferrer\">parejas con hijos<\/a> han hecho de las bodas <del>de los dem\u00e1s<\/del> su retiro zen particular. Aprovechan para tomarse unas copas, dormir hasta las tantas sin levantarse a dar biberones <del>y, aunque esto no puedo asegurarlo al 100%, disfrutar de un coitus NO interruptus por los lloros de sus churumbeles<\/del>. Sin embargo, nadie les dijo que no llevaran a sus hijos. Fue una decisi\u00f3n propia.<\/p>\n<p>\u00bfQu\u00e9 pasar\u00eda si esa misma pareja recibiese una invitaci\u00f3n de boda en la que se pidiese expresamente que no llevaran a su descendencia? Porque dejadme deciros, queridos y queridas, que la cosa cambia mucho cuando una elecci\u00f3n libre se convierte en una imposici\u00f3n. <strong>\u201cSinti\u00e9ndolo mucho, yo no ir\u00eda a esa boda. Mis hijos son mi familia<\/strong>. Es como si me pidiesen que no fuese con mi marido\u201d, me dice F\u00e1tima, amiga, esposa y madre de dos mon\u00edsimos <del>y traviesos<\/del> gemelos.<\/p>\n<p>Almudena, tambi\u00e9n casada pero sin hijos, tiene una visi\u00f3n un poco diferente del tema: \u201cCuando organizamos la boda, Carlos y yo pensamos en pedir que no se trajesen ni\u00f1os. El problema vino cuando nos dimos cuenta de que ah\u00ed tambi\u00e9n se incluir\u00edan nuestros propios primos, sobrinos\u2026\u201d. Minipunto para su argumento. <strong>\u00bfD\u00f3nde poner el l\u00edmite? \u00bfA qu\u00e9 edad se deja de ser un ni\u00f1o?<\/strong> \u00bfAdolescentes s\u00ed, ni\u00f1os no? \u00bfFamiliares peque\u00f1os s\u00ed, de amigos no?<\/p>\n<figure id=\"attachment_120599\" aria-describedby=\"caption-attachment-120599\" style=\"width: 234px\" class=\"wp-caption aligncenter\"><img loading=\"lazy\" decoding=\"async\" class=\"size-full wp-image-120599\" src=\"https:\/\/graziamagazine.com\/es\/wp-content\/uploads\/sites\/12\/2017\/08\/Britney.gif\" alt=\"\" width=\"234\" height=\"176\" \/><figcaption id=\"caption-attachment-120599\" class=\"wp-caption-text\">Ni t\u00fa ni nadie, amiga B.<\/figcaption><\/figure>\n<p>\u201cOtra de las cosas que nos ech\u00f3 para atr\u00e1s fue pensar que mucha gente se sentir\u00eda ofendida y no vendr\u00eda. Adem\u00e1s, \u00bfc\u00f3mo comunicar una decisi\u00f3n tan poco habitual?\u201d, sentenci\u00f3 Almudena con cara de \u201ces lo que hay\u201d. De nuevo, mi amiga daba en el clavo.<\/p>\n<p>El miedo a que los invitados que tienen hijos se ofendan es un hecho. Sin embargo, nadie se ofende cuando le instan en la invitaci\u00f3n a llevar chaqu\u00e9 \u2013ellos- y vestir de corto y con pamela por el d\u00eda y de largo por la tarde\/noche \u2013ellas-. O un caso m\u00e1s sangrante todav\u00eda, cuando se imprime la cuenta bancaria en la invitaci\u00f3n justo debajo de la fecha del enlace dando a entender que esperan que les pagues el cubierto antes de su gran d\u00eda. \u00bfEs eso pol\u00edticamente correcto? Lo dudo. \u00bfNo ser\u00e1 que estamos ya tan acostumbrados a verlo que nos parece normal?<\/p>\n<figure id=\"attachment_120600\" aria-describedby=\"caption-attachment-120600\" style=\"width: 250px\" class=\"wp-caption aligncenter\"><img loading=\"lazy\" decoding=\"async\" class=\"size-full wp-image-120600\" src=\"https:\/\/graziamagazine.com\/es\/wp-content\/uploads\/sites\/12\/2017\/08\/fiestaaaa.gif\" alt=\"\" width=\"250\" height=\"188\" \/><figcaption id=\"caption-attachment-120600\" class=\"wp-caption-text\">Eso y que nos pirra una buena fiesta.<\/figcaption><\/figure>\n<p>Como soltera que soy, s\u00e9 perfectamente que no debo llevar a un simple amigo con derecho a roce a una boda. Y digo que no debo porque poder bien que podr\u00eda. \u00bfPor qu\u00e9 nunca lo he hecho? Por el qu\u00e9 dir\u00e1n. Por ese dichoso c\u00f3digo no escrito por el que a los enlaces solo se va con tu novio o marido.<\/p>\n<figure id=\"attachment_120596\" aria-describedby=\"caption-attachment-120596\" style=\"width: 4052px\" class=\"wp-caption aligncenter\"><img loading=\"lazy\" decoding=\"async\" class=\"size-full wp-image-120596\" src=\"https:\/\/graziamagazine.com\/es\/wp-content\/uploads\/sites\/12\/2017\/08\/18694334.jpg\" alt=\"\" width=\"4052\" height=\"2832\" srcset=\"https:\/\/graziamagazine.com\/es\/wp-content\/uploads\/sites\/12\/2017\/08\/18694334.jpg 4052w, https:\/\/graziamagazine.com\/es\/wp-content\/uploads\/sites\/12\/2017\/08\/18694334-300x210.jpg 300w, https:\/\/graziamagazine.com\/es\/wp-content\/uploads\/sites\/12\/2017\/08\/18694334-768x537.jpg 768w, https:\/\/graziamagazine.com\/es\/wp-content\/uploads\/sites\/12\/2017\/08\/18694334-1024x716.jpg 1024w, https:\/\/graziamagazine.com\/es\/wp-content\/uploads\/sites\/12\/2017\/08\/18694334-720x503.jpg 720w, https:\/\/graziamagazine.com\/es\/wp-content\/uploads\/sites\/12\/2017\/08\/18694334-1200x839.jpg 1200w, https:\/\/graziamagazine.com\/es\/wp-content\/uploads\/sites\/12\/2017\/08\/18694334-626x438.jpg 626w, https:\/\/graziamagazine.com\/es\/wp-content\/uploads\/sites\/12\/2017\/08\/18694334-360x252.jpg 360w\" sizes=\"(max-width: 4052px) 100vw, 4052px\" \/><figcaption id=\"caption-attachment-120596\" class=\"wp-caption-text\">En la boda de Kate Moss y Jamie Hince, las minidamas de honor fueron lo mejor del enlace. \u00a9 Cordon Press<\/figcaption><\/figure>\n<ul>\n<li><strong>Reservado el derecho de admisi\u00f3n<\/strong><\/li>\n<\/ul>\n<p>Obviando el lado sentimental de toda boda, dicha celebraci\u00f3n no deja de ser una simple fiesta. <strong>\u00bfPor qu\u00e9 entonces no van a poder reservarse los novios el derecho de admisi\u00f3n a su propio sarao <a href=\"https:\/\/graziamagazine.com\/es\/lifestyle\/la-nina-fuiste-nunca-se-averguence-ti\/\" target=\"_blank\" rel=\"noopener noreferrer\">como si de una discoteca o restaurante se tratase<\/a>?<\/strong> Tengo unos amigos que acudieron a una boda medieval. Todo el mundo deb\u00eda ir caracterizado para la ocasi\u00f3n. \u201cHubo gente que no fue. Los novio lo entendieron, pero era su boda y ellos la quisieron as\u00ed\u201d, me contaba esta pareja que s\u00ed cumpli\u00f3 con la vestimenta requerida.<\/p>\n<figure id=\"attachment_120601\" aria-describedby=\"caption-attachment-120601\" style=\"width: 450px\" class=\"wp-caption aligncenter\"><img loading=\"lazy\" decoding=\"async\" class=\"size-full wp-image-120601\" src=\"https:\/\/graziamagazine.com\/es\/wp-content\/uploads\/sites\/12\/2017\/08\/baile.gif\" alt=\"\" width=\"450\" height=\"253\" \/><figcaption id=\"caption-attachment-120601\" class=\"wp-caption-text\">Y yo siempre me imagino ese enlace tal que as\u00ed.<\/figcaption><\/figure>\n<p>Llegados a este punto, creo firmemente que pedir que dejes a los ni\u00f1os en casa, sea cual sea el motivo, no deber\u00eda ser tildado como de pol\u00edticamente incorrecto. Pero lo es. Sin embargo, las bodas evolucionan. \u00bf\u00a1Qui\u00e9n les iba a decir a nuestros padres que a d\u00eda de hoy te podr\u00edas casar en un vi\u00f1edo sin ser de tu propiedad!?<\/p>\n<blockquote><p>\u00bfPedir en la invitaci\u00f3n que no se traigan ni\u00f1os es m\u00e1s pol\u00edticamente incorrecto que poner el n\u00famero de cuenta?<\/p><\/blockquote>\n<ul>\n<li><strong>\u00bfY los ni\u00f1os? \u00bfQu\u00e9 pasa con ellos?<\/strong><\/li>\n<\/ul>\n<p>No me gustar\u00eda terminar este art\u00edculo sin romper una lanza en favor de los m\u00e1s peque\u00f1os. \u00bfQu\u00e9 mensaje le estamos dando a una generaci\u00f3n que se encuentra con <a href=\"https:\/\/graziamagazine.com\/es\/lifestyle\/ninos-y-restaurantes-ninofobia\/\" target=\"_blank\" rel=\"noopener noreferrer\">hoteles, restaurantes y celebraciones donde, expresamente, no son bienvenidos<\/a>? Como ni\u00f1a que fui, recuerdo gratamente las bodas, bautizos y comuniones a las que asist\u00ed y tambi\u00e9n recuerdo c\u00f3mo mis padres me ense\u00f1aron que no deb\u00eda ni gritar, ni jugar, ni darle patadas al de la mesa de al lado cuando me llevaban a \u2018sitios de mayores\u2019. Ah\u00ed lo dejo.<\/p>\n<figure id=\"attachment_120680\" aria-describedby=\"caption-attachment-120680\" style=\"width: 650px\" class=\"wp-caption aligncenter\"><img loading=\"lazy\" decoding=\"async\" class=\"size-full wp-image-120680\" src=\"https:\/\/graziamagazine.com\/es\/wp-content\/uploads\/sites\/12\/2017\/08\/bodas-sin-ni\u00f1os-04.jpg\" alt=\"\" width=\"650\" height=\"758\" srcset=\"https:\/\/graziamagazine.com\/es\/wp-content\/uploads\/sites\/12\/2017\/08\/bodas-sin-ni\u00f1os-04.jpg 650w, https:\/\/graziamagazine.com\/es\/wp-content\/uploads\/sites\/12\/2017\/08\/bodas-sin-ni\u00f1os-04-257x300.jpg 257w, https:\/\/graziamagazine.com\/es\/wp-content\/uploads\/sites\/12\/2017\/08\/bodas-sin-ni\u00f1os-04-626x730.jpg 626w, https:\/\/graziamagazine.com\/es\/wp-content\/uploads\/sites\/12\/2017\/08\/bodas-sin-ni\u00f1os-04-360x420.jpg 360w\" sizes=\"(max-width: 650px) 100vw, 650px\" \/><figcaption id=\"caption-attachment-120680\" class=\"wp-caption-text\">\u00a9 Instagram @biancabalti<\/figcaption><\/figure>\n<p><iframe loading=\"lazy\" style=\"border: none; overflow: hidden; height: 258px;\" src=\"\/\/www.facebook.com\/plugins\/likebox.php?href=https%3A%2F%2Fwww.facebook.com%2Fgraziaespana&amp;width&amp;height=258&amp;colorscheme=light&amp;show_faces=true&amp;header=false&amp;stream=false&amp;show_border=false&amp;appId=349017955267591\" width=\"300\" height=\"150\" frameborder=\"0\" scrolling=\"no\"><\/iframe><\/p>\n","protected":false},"author":13931,"featured_media":0,"template":"","format":"standard","categories":[19,18],"acf":[],"yoast_head":"<!-- This site is optimized with the Yoast SEO Premium plugin v18.5 (Yoast SEO v20.4) - https:\/\/yoast.com\/wordpress\/plugins\/seo\/ -->\n<title>Bodas sin ni\u00f1os: \u00bfpol\u00edticamente incorrectas?<\/title>\n<meta name=\"description\" content=\"Cada vez m\u00e1s parejas indican que quieren bodas sin ni\u00f1os. \u00bfNi\u00f1ofobia o derecho de los novios a darse el &#039;s\u00ed quiero&#039; sin llantos de fondo?\" \/>\n<meta name=\"robots\" content=\"index, follow, max-snippet:-1, max-image-preview:large, max-video-preview:-1\" \/>\n<link rel=\"canonical\" href=\"https:\/\/graziamagazine.com\/es\/articles\/debate-bodas-sin-ninos-adult-only\/\" \/>\n<meta property=\"og:locale\" content=\"es_ES\" \/>\n<meta property=\"og:type\" content=\"article\" \/>\n<meta property=\"og:title\" content=\"Bodas \u2018adult only\u2019: \u00bfpol\u00edticamente incorrectas?\" \/>\n<meta property=\"og:description\" content=\"\u00bfNi\u00f1ofobia en las bodas o el derecho de los novios a darse el &#039;s\u00ed quiero&#039; sin llantos de fondo?\" \/>\n<meta property=\"og:url\" content=\"https:\/\/graziamagazine.com\/es\/articles\/debate-bodas-sin-ninos-adult-only\/\" \/>\n<meta property=\"og:site_name\" content=\"Grazia\" \/>\n<meta property=\"article:modified_time\" content=\"2017-09-15T11:17:15+00:00\" \/>\n<meta property=\"og:image\" content=\"https:\/\/graziamagazine.com\/es\/wp-content\/uploads\/sites\/12\/2017\/08\/23125228\/bodas-sin-ni\u00f1os-01.jpg?fit=1750%2C1070\" \/>\n\t<meta property=\"og:image:width\" content=\"1750\" \/>\n\t<meta property=\"og:image:height\" content=\"1070\" \/>\n\t<meta property=\"og:image:type\" content=\"image\/jpeg\" \/>\n<meta name=\"twitter:card\" content=\"summary_large_image\" \/>\n<meta name=\"twitter:title\" content=\"Bodas \u2018adult only\u2019: \u00bfpol\u00edticamente incorrectas?\" \/>\n<meta name=\"twitter:description\" content=\"\u00bfNi\u00f1ofobia en las bodas o el derecho de los novios a darse el &#039;s\u00ed quiero&#039; sin llantos de fondo?\" \/>\n<meta name=\"twitter:image\" content=\"http:\/\/s3-eu-west-1.amazonaws.com\/grazia-cdn\/wp-content\/uploads\/sites\/12\/2017\/08\/23125228\/bodas-sin-nios-01.jpg\" \/>\n<meta name=\"twitter:label1\" content=\"Est. reading time\" \/>\n\t<meta name=\"twitter:data1\" content=\"6 minutos\" \/>\n<script type=\"application\/ld+json\" class=\"yoast-schema-graph\">{\"@context\":\"https:\/\/schema.org\",\"@graph\":[{\"@type\":\"WebPage\",\"@id\":\"https:\/\/graziamagazine.com\/es\/articles\/debate-bodas-sin-ninos-adult-only\/\",\"url\":\"https:\/\/graziamagazine.com\/es\/articles\/debate-bodas-sin-ninos-adult-only\/\",\"name\":\"Bodas sin ni\u00f1os: \u00bfpol\u00edticamente incorrectas?\",\"isPartOf\":{\"@id\":\"https:\/\/graziamagazine.com\/es\/#website\"},\"datePublished\":\"2017-09-15T11:17:13+00:00\",\"dateModified\":\"2017-09-15T11:17:15+00:00\",\"description\":\"Cada vez m\u00e1s parejas indican que quieren bodas sin ni\u00f1os. \u00bfNi\u00f1ofobia o derecho de los novios a darse el 's\u00ed quiero' sin llantos de fondo?\",\"breadcrumb\":{\"@id\":\"https:\/\/graziamagazine.com\/es\/articles\/debate-bodas-sin-ninos-adult-only\/#breadcrumb\"},\"inLanguage\":\"es\",\"potentialAction\":[{\"@type\":\"ReadAction\",\"target\":[\"https:\/\/graziamagazine.com\/es\/articles\/debate-bodas-sin-ninos-adult-only\/\"]}]},{\"@type\":\"BreadcrumbList\",\"@id\":\"https:\/\/graziamagazine.com\/es\/articles\/debate-bodas-sin-ninos-adult-only\/#breadcrumb\",\"itemListElement\":[{\"@type\":\"ListItem\",\"position\":1,\"name\":\"Portada\",\"item\":\"https:\/\/graziamagazine.com\/es\/\"},{\"@type\":\"ListItem\",\"position\":2,\"name\":\"Bodas \u2018adult only\u2019: \u00bfpol\u00edticamente incorrectas?\"}]},{\"@type\":\"WebSite\",\"@id\":\"https:\/\/graziamagazine.com\/es\/#website\",\"url\":\"https:\/\/graziamagazine.com\/es\/\",\"name\":\"Grazia\",\"description\":\"Moda, belleza, celebrities, estilo de vida...\",\"potentialAction\":[{\"@type\":\"SearchAction\",\"target\":{\"@type\":\"EntryPoint\",\"urlTemplate\":\"https:\/\/graziamagazine.com\/es\/?s={search_term_string}\"},\"query-input\":\"required name=search_term_string\"}],\"inLanguage\":\"es\"}]}<\/script>\n<!-- \/ Yoast SEO Premium plugin. -->","yoast_head_json":{"title":"Bodas sin ni\u00f1os: \u00bfpol\u00edticamente incorrectas?","description":"Cada vez m\u00e1s parejas indican que quieren bodas sin ni\u00f1os. \u00bfNi\u00f1ofobia o derecho de los novios a darse el 's\u00ed quiero' sin llantos de fondo?","robots":{"index":"index","follow":"follow","max-snippet":"max-snippet:-1","max-image-preview":"max-image-preview:large","max-video-preview":"max-video-preview:-1"},"canonical":"https:\/\/graziamagazine.com\/es\/articles\/debate-bodas-sin-ninos-adult-only\/","og_locale":"es_ES","og_type":"article","og_title":"Bodas \u2018adult only\u2019: \u00bfpol\u00edticamente incorrectas?","og_description":"\u00bfNi\u00f1ofobia en las bodas o el derecho de los novios a darse el 's\u00ed quiero' sin llantos de fondo?","og_url":"https:\/\/graziamagazine.com\/es\/articles\/debate-bodas-sin-ninos-adult-only\/","og_site_name":"Grazia","article_modified_time":"2017-09-15T11:17:15+00:00","og_image":[{"width":1750,"height":1070,"url":"https:\/\/graziamagazine.com\/es\/wp-content\/uploads\/sites\/12\/2017\/08\/23125228\/bodas-sin-ni\u00f1os-01.jpg?fit=1750%2C1070","type":"image\/jpeg"}],"twitter_card":"summary_large_image","twitter_title":"Bodas \u2018adult only\u2019: \u00bfpol\u00edticamente incorrectas?","twitter_description":"\u00bfNi\u00f1ofobia en las bodas o el derecho de los novios a darse el 's\u00ed quiero' sin llantos de fondo?","twitter_image":"http:\/\/s3-eu-west-1.amazonaws.com\/grazia-cdn\/wp-content\/uploads\/sites\/12\/2017\/08\/23125228\/bodas-sin-nios-01.jpg","twitter_misc":{"Est. reading time":"6 minutos"},"schema":{"@context":"https:\/\/schema.org","@graph":[{"@type":"WebPage","@id":"https:\/\/graziamagazine.com\/es\/articles\/debate-bodas-sin-ninos-adult-only\/","url":"https:\/\/graziamagazine.com\/es\/articles\/debate-bodas-sin-ninos-adult-only\/","name":"Bodas sin ni\u00f1os: \u00bfpol\u00edticamente incorrectas?","isPartOf":{"@id":"https:\/\/graziamagazine.com\/es\/#website"},"datePublished":"2017-09-15T11:17:13+00:00","dateModified":"2017-09-15T11:17:15+00:00","description":"Cada vez m\u00e1s parejas indican que quieren bodas sin ni\u00f1os. \u00bfNi\u00f1ofobia o derecho de los novios a darse el 's\u00ed quiero' sin llantos de fondo?","breadcrumb":{"@id":"https:\/\/graziamagazine.com\/es\/articles\/debate-bodas-sin-ninos-adult-only\/#breadcrumb"},"inLanguage":"es","potentialAction":[{"@type":"ReadAction","target":["https:\/\/graziamagazine.com\/es\/articles\/debate-bodas-sin-ninos-adult-only\/"]}]},{"@type":"BreadcrumbList","@id":"https:\/\/graziamagazine.com\/es\/articles\/debate-bodas-sin-ninos-adult-only\/#breadcrumb","itemListElement":[{"@type":"ListItem","position":1,"name":"Portada","item":"https:\/\/graziamagazine.com\/es\/"},{"@type":"ListItem","position":2,"name":"Bodas \u2018adult only\u2019: \u00bfpol\u00edticamente incorrectas?"}]},{"@type":"WebSite","@id":"https:\/\/graziamagazine.com\/es\/#website","url":"https:\/\/graziamagazine.com\/es\/","name":"Grazia","description":"Moda, belleza, celebrities, estilo de vida...","potentialAction":[{"@type":"SearchAction","target":{"@type":"EntryPoint","urlTemplate":"https:\/\/graziamagazine.com\/es\/?s={search_term_string}"},"query-input":"required name=search_term_string"}],"inLanguage":"es"}]}},"jetpack_sharing_enabled":true,"distributor_meta":false,"distributor_terms":false,"distributor_media":false,"distributor_original_site_name":"Grazia","distributor_original_site_url":"https:\/\/graziamagazine.com\/es","push-errors":false,"_links":{"self":[{"href":"https:\/\/graziamagazine.com\/es\/wp-json\/wp\/v2\/articles\/120595"}],"collection":[{"href":"https:\/\/graziamagazine.com\/es\/wp-json\/wp\/v2\/articles"}],"about":[{"href":"https:\/\/graziamagazine.com\/es\/wp-json\/wp\/v2\/types\/articles"}],"author":[{"embeddable":true,"href":"https:\/\/graziamagazine.com\/es\/wp-json\/wp\/v2\/users\/13931"}],"wp:attachment":[{"href":"https:\/\/graziamagazine.com\/es\/wp-json\/wp\/v2\/media?parent=120595"}],"wp:term":[{"taxonomy":"category","embeddable":true,"href":"https:\/\/graziamagazine.com\/es\/wp-json\/wp\/v2\/categories?post=120595"}],"curies":[{"name":"wp","href":"https:\/\/api.w.org\/{rel}","templated":true}]}}