{"id":11964,"date":"2015-01-08T11:38:55","date_gmt":"2015-01-08T10:38:55","guid":{"rendered":"https:\/\/graziamagazine.com\/es\/?p=11964"},"modified":"2015-04-29T18:47:25","modified_gmt":"2015-04-29T16:47:25","slug":"benedict-cumberbatch-sera-padre","status":"publish","type":"articles","link":"https:\/\/graziamagazine.com\/es\/articles\/benedict-cumberbatch-sera-padre\/","title":{"rendered":"Benedict Cumberbatch ser\u00e1 padre"},"content":{"rendered":"<p>El 2014 no fue precisamente malo para <strong>Benedict Cumberbatch:<\/strong> su \u00e9xito se triplic\u00f3, su nombre empez\u00f3 a aparecer en cada titular y, para cerrar el a\u00f1o con un enorme lazo dorado, anunci\u00f3 p\u00fablicamente su compromiso con <strong>Sophie Hunter<\/strong> el pasado mes de noviembre a trav\u00e9s del diario <em>The Times<\/em> (porque \u00e9l es un <em>gentleman<\/em> brit\u00e1nico y, claro, ya se sabe).<\/p>\n<figure id=\"attachment_11965\" aria-describedby=\"caption-attachment-11965\" style=\"width: 785px\" class=\"wp-caption aligncenter\"><img loading=\"lazy\" decoding=\"async\" class=\"wp-image-11965 size-full\" src=\"https:\/\/graziamagazine.com\/es\/wp-content\/uploads\/sites\/12\/2015\/01\/art1_benedictcumberbatchserapadre.jpg\" alt=\"\u00a9 Getty Images\" width=\"785\" height=\"480\" srcset=\"https:\/\/graziamagazine.com\/es\/wp-content\/uploads\/sites\/12\/2015\/01\/art1_benedictcumberbatchserapadre.jpg 785w, https:\/\/graziamagazine.com\/es\/wp-content\/uploads\/sites\/12\/2015\/01\/art1_benedictcumberbatchserapadre-300x183.jpg 300w, https:\/\/graziamagazine.com\/es\/wp-content\/uploads\/sites\/12\/2015\/01\/art1_benedictcumberbatchserapadre-695x425.jpg 695w, https:\/\/graziamagazine.com\/es\/wp-content\/uploads\/sites\/12\/2015\/01\/art1_benedictcumberbatchserapadre-720x440.jpg 720w, https:\/\/graziamagazine.com\/es\/wp-content\/uploads\/sites\/12\/2015\/01\/art1_benedictcumberbatchserapadre-626x383.jpg 626w, https:\/\/graziamagazine.com\/es\/wp-content\/uploads\/sites\/12\/2015\/01\/art1_benedictcumberbatchserapadre-360x220.jpg 360w\" sizes=\"(max-width: 785px) 100vw, 785px\" \/><figcaption id=\"caption-attachment-11965\" class=\"wp-caption-text\">\u00a9 Getty Images<\/figcaption><\/figure>\n<p>As\u00ed acab\u00f3 el a\u00f1o, con una boda en mente y <a href=\"https:\/\/graziamagazine.com\/es\/lifestyle\/actualidad\/2014-12-11\/estos-son-los-nominados-a-los-globos-de-oro-2015\" target=\"_blank\">una nominaci\u00f3n a los Globos de Oro<\/a> del pr\u00f3ximo domingo por su papel en <em>The Imitation Game<\/em> (en cines). Ahora, el 2015 no pod\u00eda haber empezado mejor para \u00e9l, ya que, seg\u00fan ha publicado<a href=\"http:\/\/pagesix.com\/2015\/01\/06\/benedict-cumberbatch-and-sophie-hunter-expecting-a-cumber-baby\/\" target=\"_blank\" target=\"_blank\"><em> Page Six<\/em><\/a>, el actor est\u00e1 esperando su primer hijo: \u201c<strong>Sophie<\/strong> est\u00e1 de unos meses, y los dos est\u00e1n entusiasmados por ello\u201d, coment\u00f3 una fuente a la publicaci\u00f3n.<\/p>\n<p>Hac\u00eda ya unos d\u00edas que los rumores rondaban al actor, sobre todo tras su aparici\u00f3n junto a su prometida en el festival de Palm Springs, donde <strong>Sophie<\/strong> trat\u00f3 de ocultar su incipiente barriga en un dise\u00f1o estampado de <strong>Roberto Cavalli<\/strong>. Finalmente, las dudas se han resuelto y el representante de <strong>Benedict<\/strong> ha confirmado su paternidad en los \u00faltimos d\u00edas.<\/p>\n<figure id=\"attachment_11966\" aria-describedby=\"caption-attachment-11966\" style=\"width: 785px\" class=\"wp-caption aligncenter\"><img loading=\"lazy\" decoding=\"async\" class=\"wp-image-11966 size-full\" src=\"https:\/\/graziamagazine.com\/es\/wp-content\/uploads\/sites\/12\/2015\/01\/art2_benedictcumberbatchserapadre.jpg\" alt=\"Benedict y Sophie en el festival de Palm Springs.  \u00a9 Cordon Press\" width=\"785\" height=\"480\" srcset=\"https:\/\/graziamagazine.com\/es\/wp-content\/uploads\/sites\/12\/2015\/01\/art2_benedictcumberbatchserapadre.jpg 785w, https:\/\/graziamagazine.com\/es\/wp-content\/uploads\/sites\/12\/2015\/01\/art2_benedictcumberbatchserapadre-300x183.jpg 300w, https:\/\/graziamagazine.com\/es\/wp-content\/uploads\/sites\/12\/2015\/01\/art2_benedictcumberbatchserapadre-695x425.jpg 695w, https:\/\/graziamagazine.com\/es\/wp-content\/uploads\/sites\/12\/2015\/01\/art2_benedictcumberbatchserapadre-720x440.jpg 720w, https:\/\/graziamagazine.com\/es\/wp-content\/uploads\/sites\/12\/2015\/01\/art2_benedictcumberbatchserapadre-626x383.jpg 626w, https:\/\/graziamagazine.com\/es\/wp-content\/uploads\/sites\/12\/2015\/01\/art2_benedictcumberbatchserapadre-360x220.jpg 360w\" sizes=\"(max-width: 785px) 100vw, 785px\" \/><figcaption id=\"caption-attachment-11966\" class=\"wp-caption-text\">Benedict y Sophie en el festival de Palm Springs. \u00a9 Cordon Press<\/figcaption><\/figure>\n<p>En cuanto a la boda, seg\u00fan publica <em>Page Six<\/em> planean llevarla a cabo \u201cal principio de la primavera\u201d, es decir, cuando ambos se recuperen de la resaca post-m\u00faltiples-premios que se le viene a Hollywood (\u00a1y a todos nosotros!) encima. \u00bfLa primera cita? El pr\u00f3ximo domingo en los Globos de Oro, donde <strong>Cumberbatch<\/strong> est\u00e1 nominado como uno de los favoritos en la categor\u00eda de Mejor actor drama.<\/p>\n<p>S\u00ed, queridas Cumberbitches (en serio \u00bfqui\u00e9n decidi\u00f3 llamar as\u00ed a sus pobres fans?): parece que <strong>Benedict<\/strong> est\u00e1 ya totalmente fuera de vuestras posibilidades. Aunque, claro, tampoco nos vamos a deprimir; es como si nos pusi\u00e9ramos tristes cada vez que Brad Pitt tiene un hijo. \u00a1Mal ir\u00edamos\u2026!<\/p>\n<p>\u00a1Enhorabuena!<\/p>\n","protected":false},"author":24470,"featured_media":0,"template":"","format":"standard","categories":[14,13],"acf":[],"yoast_head":"<!-- This site is optimized with the Yoast SEO Premium plugin v18.5 (Yoast SEO v20.4) - https:\/\/yoast.com\/wordpress\/plugins\/seo\/ -->\n<title>Benedict Cumberbatch ser\u00e1 padre | Grazia<\/title>\n<meta name=\"description\" content=\"El actor sigue sumando \u00e9xitos profesionales y personales a tan solo unos d\u00edas de los Globos de Oro. \u00a1Cumberbaby en camino!\" \/>\n<meta name=\"robots\" content=\"index, follow, max-snippet:-1, max-image-preview:large, max-video-preview:-1\" \/>\n<link rel=\"canonical\" href=\"https:\/\/graziamagazine.com\/es\/articles\/benedict-cumberbatch-sera-padre\/\" \/>\n<meta property=\"og:locale\" content=\"es_ES\" \/>\n<meta property=\"og:type\" content=\"article\" \/>\n<meta property=\"og:title\" content=\"Benedict Cumberbatch ser\u00e1 padre\" \/>\n<meta property=\"og:description\" content=\"El actor sigue sumando \u00e9xitos profesionales y personales a tan solo unos d\u00edas de los Globos de Oro. \u00a1Cumberbaby en camino!\" \/>\n<meta property=\"og:url\" content=\"https:\/\/graziamagazine.com\/es\/articles\/benedict-cumberbatch-sera-padre\/\" \/>\n<meta property=\"og:site_name\" content=\"Grazia\" \/>\n<meta property=\"article:modified_time\" content=\"2015-04-29T16:47:25+00:00\" \/>\n<meta property=\"og:image\" content=\"https:\/\/graziamagazine.com\/es\/wp-content\/uploads\/sites\/12\/2015\/01\/art1_benedictcumberbatchserapadre.jpg\" \/>\n<meta name=\"twitter:card\" content=\"summary_large_image\" \/>\n<meta name=\"twitter:label1\" content=\"Est. reading time\" \/>\n\t<meta name=\"twitter:data1\" content=\"2 minutos\" \/>\n<script type=\"application\/ld+json\" class=\"yoast-schema-graph\">{\"@context\":\"https:\/\/schema.org\",\"@graph\":[{\"@type\":\"WebPage\",\"@id\":\"https:\/\/graziamagazine.com\/es\/articles\/benedict-cumberbatch-sera-padre\/\",\"url\":\"https:\/\/graziamagazine.com\/es\/articles\/benedict-cumberbatch-sera-padre\/\",\"name\":\"Benedict Cumberbatch ser\u00e1 padre | Grazia\",\"isPartOf\":{\"@id\":\"https:\/\/graziamagazine.com\/es\/#website\"},\"datePublished\":\"2015-01-08T10:38:55+00:00\",\"dateModified\":\"2015-04-29T16:47:25+00:00\",\"description\":\"El actor sigue sumando \u00e9xitos profesionales y personales a tan solo unos d\u00edas de los Globos de Oro. \u00a1Cumberbaby en camino!\",\"breadcrumb\":{\"@id\":\"https:\/\/graziamagazine.com\/es\/articles\/benedict-cumberbatch-sera-padre\/#breadcrumb\"},\"inLanguage\":\"es\",\"potentialAction\":[{\"@type\":\"ReadAction\",\"target\":[\"https:\/\/graziamagazine.com\/es\/articles\/benedict-cumberbatch-sera-padre\/\"]}]},{\"@type\":\"BreadcrumbList\",\"@id\":\"https:\/\/graziamagazine.com\/es\/articles\/benedict-cumberbatch-sera-padre\/#breadcrumb\",\"itemListElement\":[{\"@type\":\"ListItem\",\"position\":1,\"name\":\"Portada\",\"item\":\"https:\/\/graziamagazine.com\/es\/\"},{\"@type\":\"ListItem\",\"position\":2,\"name\":\"Benedict Cumberbatch ser\u00e1 padre\"}]},{\"@type\":\"WebSite\",\"@id\":\"https:\/\/graziamagazine.com\/es\/#website\",\"url\":\"https:\/\/graziamagazine.com\/es\/\",\"name\":\"Grazia\",\"description\":\"Moda, belleza, celebrities, estilo de vida...\",\"potentialAction\":[{\"@type\":\"SearchAction\",\"target\":{\"@type\":\"EntryPoint\",\"urlTemplate\":\"https:\/\/graziamagazine.com\/es\/?s={search_term_string}\"},\"query-input\":\"required name=search_term_string\"}],\"inLanguage\":\"es\"}]}<\/script>\n<!-- \/ Yoast SEO Premium plugin. -->","yoast_head_json":{"title":"Benedict Cumberbatch ser\u00e1 padre | Grazia","description":"El actor sigue sumando \u00e9xitos profesionales y personales a tan solo unos d\u00edas de los Globos de Oro. \u00a1Cumberbaby en camino!","robots":{"index":"index","follow":"follow","max-snippet":"max-snippet:-1","max-image-preview":"max-image-preview:large","max-video-preview":"max-video-preview:-1"},"canonical":"https:\/\/graziamagazine.com\/es\/articles\/benedict-cumberbatch-sera-padre\/","og_locale":"es_ES","og_type":"article","og_title":"Benedict Cumberbatch ser\u00e1 padre","og_description":"El actor sigue sumando \u00e9xitos profesionales y personales a tan solo unos d\u00edas de los Globos de Oro. \u00a1Cumberbaby en camino!","og_url":"https:\/\/graziamagazine.com\/es\/articles\/benedict-cumberbatch-sera-padre\/","og_site_name":"Grazia","article_modified_time":"2015-04-29T16:47:25+00:00","og_image":[{"url":"https:\/\/graziamagazine.com\/es\/wp-content\/uploads\/sites\/12\/2015\/01\/art1_benedictcumberbatchserapadre.jpg"}],"twitter_card":"summary_large_image","twitter_misc":{"Est. reading time":"2 minutos"},"schema":{"@context":"https:\/\/schema.org","@graph":[{"@type":"WebPage","@id":"https:\/\/graziamagazine.com\/es\/articles\/benedict-cumberbatch-sera-padre\/","url":"https:\/\/graziamagazine.com\/es\/articles\/benedict-cumberbatch-sera-padre\/","name":"Benedict Cumberbatch ser\u00e1 padre | Grazia","isPartOf":{"@id":"https:\/\/graziamagazine.com\/es\/#website"},"datePublished":"2015-01-08T10:38:55+00:00","dateModified":"2015-04-29T16:47:25+00:00","description":"El actor sigue sumando \u00e9xitos profesionales y personales a tan solo unos d\u00edas de los Globos de Oro. \u00a1Cumberbaby en camino!","breadcrumb":{"@id":"https:\/\/graziamagazine.com\/es\/articles\/benedict-cumberbatch-sera-padre\/#breadcrumb"},"inLanguage":"es","potentialAction":[{"@type":"ReadAction","target":["https:\/\/graziamagazine.com\/es\/articles\/benedict-cumberbatch-sera-padre\/"]}]},{"@type":"BreadcrumbList","@id":"https:\/\/graziamagazine.com\/es\/articles\/benedict-cumberbatch-sera-padre\/#breadcrumb","itemListElement":[{"@type":"ListItem","position":1,"name":"Portada","item":"https:\/\/graziamagazine.com\/es\/"},{"@type":"ListItem","position":2,"name":"Benedict Cumberbatch ser\u00e1 padre"}]},{"@type":"WebSite","@id":"https:\/\/graziamagazine.com\/es\/#website","url":"https:\/\/graziamagazine.com\/es\/","name":"Grazia","description":"Moda, belleza, celebrities, estilo de vida...","potentialAction":[{"@type":"SearchAction","target":{"@type":"EntryPoint","urlTemplate":"https:\/\/graziamagazine.com\/es\/?s={search_term_string}"},"query-input":"required name=search_term_string"}],"inLanguage":"es"}]}},"jetpack_sharing_enabled":true,"distributor_meta":false,"distributor_terms":false,"distributor_media":false,"distributor_original_site_name":"Grazia","distributor_original_site_url":"https:\/\/graziamagazine.com\/es","push-errors":false,"_links":{"self":[{"href":"https:\/\/graziamagazine.com\/es\/wp-json\/wp\/v2\/articles\/11964"}],"collection":[{"href":"https:\/\/graziamagazine.com\/es\/wp-json\/wp\/v2\/articles"}],"about":[{"href":"https:\/\/graziamagazine.com\/es\/wp-json\/wp\/v2\/types\/articles"}],"author":[{"embeddable":true,"href":"https:\/\/graziamagazine.com\/es\/wp-json\/wp\/v2\/users\/24470"}],"wp:attachment":[{"href":"https:\/\/graziamagazine.com\/es\/wp-json\/wp\/v2\/media?parent=11964"}],"wp:term":[{"taxonomy":"category","embeddable":true,"href":"https:\/\/graziamagazine.com\/es\/wp-json\/wp\/v2\/categories?post=11964"}],"curies":[{"name":"wp","href":"https:\/\/api.w.org\/{rel}","templated":true}]}}