{"id":119509,"date":"2017-07-17T10:51:57","date_gmt":"2017-07-17T08:51:57","guid":{"rendered":"https:\/\/graziamagazine.com\/es\/?p=119509"},"modified":"2017-07-17T10:51:58","modified_gmt":"2017-07-17T08:51:58","slug":"7-razones-por-las-que-nos-ha-encantado-el-video-de-la-boda-de-miranda-kerr","status":"publish","type":"articles","link":"https:\/\/graziamagazine.com\/es\/articles\/7-razones-por-las-que-nos-ha-encantado-el-video-de-la-boda-de-miranda-kerr\/","title":{"rendered":"7 razones por las que nos ha encantado el v\u00eddeo de la boda de Miranda Kerr"},"content":{"rendered":"<p>Dos meses (<del>c\u00f3mo nos has hecho sufrir, Miranda<\/del>) hemos tardado en conocer el secreto mejor guardado de la boda de <a href=\"https:\/\/graziamagazine.com\/es\/etiqueta\/miranda-kerr\/\" target=\"_blank\" rel=\"noopener noreferrer\">Miranda Kerr<\/a> con Evan Spiegel. La pareja se dio el s\u00ed quiero el pasado mes de mayo en su casa de Los \u00c1ngeles y, desde entonces, hemos estado esperando a conocer los detalles de la boda&#8230;<strong> en especial, todo sobre el vestido que llev\u00f3 la novia.<\/strong><\/p>\n<p>Y, claro, su exclusiva no iba a ser una \u00fanica foto en Instagram, aunque nos encantan <a href=\"https:\/\/graziamagazine.com\/es\/celebs\/beyonce-diosa-de-instagram\/\" target=\"_blank\" rel=\"noopener noreferrer\">ese tipo de noticias<\/a> (<del>\u00bfverdad, Beyonc\u00e9?<\/del>). Resulta que el equipo de <em><a href=\"http:\/\/www.vogue.com\/article\/miranda-kerr-dior-wedding-dress-snapchat-evan-spiegel-photos\" target=\"_blank\" rel=\"noopener noreferrer\" target=\"_blank\">Vogue USA<\/a><\/em> se traslad\u00f3 hasta su preciosa casa y vivi\u00f3 con ella esos \u00faltimos minutos de nervios y emoci\u00f3n previos a la ceremonia. Para nuestra suerte, lo grab\u00f3 todo&#8230; y\u00a0nosotras, como siempre, hemos prestado mucha atenci\u00f3n.<\/p>\n<blockquote class=\"instagram-media\" data-instgrm-captioned data-instgrm-permalink=\"https:\/\/www.instagram.com\/p\/BWouRpDACXm\/?utm_source=ig_embed&amp;utm_campaign=loading\" data-instgrm-version=\"12\" style=\" background:#FFF; border:0; border-radius:3px; box-shadow:0 0 1px 0 rgba(0,0,0,0.5),0 1px 10px 0 rgba(0,0,0,0.15); margin: 1px; max-width:500px; min-width:326px; padding:0; width:99.375%; width:-webkit-calc(100% - 2px); width:calc(100% - 2px);\">\n<div style=\"padding:16px;\"> <a href=\"https:\/\/www.instagram.com\/p\/BWouRpDACXm\/?utm_source=ig_embed&amp;utm_campaign=loading\" style=\" background:#FFFFFF; line-height:0; padding:0 0; text-align:center; text-decoration:none; width:100%;\" target=\"_blank\"> <\/p>\n<div style=\" display: flex; flex-direction: row; align-items: center;\">\n<div style=\"background-color: #F4F4F4; border-radius: 50%; flex-grow: 0; height: 40px; margin-right: 14px; width: 40px;\"><\/div>\n<div style=\"display: flex; flex-direction: column; flex-grow: 1; justify-content: center;\">\n<div style=\" background-color: #F4F4F4; border-radius: 4px; flex-grow: 0; height: 14px; margin-bottom: 6px; width: 100px;\"><\/div>\n<div style=\" background-color: #F4F4F4; border-radius: 4px; flex-grow: 0; height: 14px; width: 60px;\"><\/div>\n<\/div>\n<\/div>\n<div style=\"padding: 19% 0;\"><\/div>\n<div style=\"display:block; height:50px; margin:0 auto 12px; width:50px;\"><svg width=\"50px\" height=\"50px\" viewBox=\"0 0 60 60\" version=\"1.1\" xmlns=\"https:\/\/www.w3.org\/2000\/svg\" xmlns:xlink=\"https:\/\/www.w3.org\/1999\/xlink\"><g stroke=\"none\" stroke-width=\"1\" fill=\"none\" fill-rule=\"evenodd\"><g transform=\"translate(-511.000000, -20.000000)\" fill=\"#000000\"><g><path d=\"M556.869,30.41 C554.814,30.41 553.148,32.076 553.148,34.131 C553.148,36.186 554.814,37.852 556.869,37.852 C558.924,37.852 560.59,36.186 560.59,34.131 C560.59,32.076 558.924,30.41 556.869,30.41 M541,60.657 C535.114,60.657 530.342,55.887 530.342,50 C530.342,44.114 535.114,39.342 541,39.342 C546.887,39.342 551.658,44.114 551.658,50 C551.658,55.887 546.887,60.657 541,60.657 M541,33.886 C532.1,33.886 524.886,41.1 524.886,50 C524.886,58.899 532.1,66.113 541,66.113 C549.9,66.113 557.115,58.899 557.115,50 C557.115,41.1 549.9,33.886 541,33.886 M565.378,62.101 C565.244,65.022 564.756,66.606 564.346,67.663 C563.803,69.06 563.154,70.057 562.106,71.106 C561.058,72.155 560.06,72.803 558.662,73.347 C557.607,73.757 556.021,74.244 553.102,74.378 C549.944,74.521 548.997,74.552 541,74.552 C533.003,74.552 532.056,74.521 528.898,74.378 C525.979,74.244 524.393,73.757 523.338,73.347 C521.94,72.803 520.942,72.155 519.894,71.106 C518.846,70.057 518.197,69.06 517.654,67.663 C517.244,66.606 516.755,65.022 516.623,62.101 C516.479,58.943 516.448,57.996 516.448,50 C516.448,42.003 516.479,41.056 516.623,37.899 C516.755,34.978 517.244,33.391 517.654,32.338 C518.197,30.938 518.846,29.942 519.894,28.894 C520.942,27.846 521.94,27.196 523.338,26.654 C524.393,26.244 525.979,25.756 528.898,25.623 C532.057,25.479 533.004,25.448 541,25.448 C548.997,25.448 549.943,25.479 553.102,25.623 C556.021,25.756 557.607,26.244 558.662,26.654 C560.06,27.196 561.058,27.846 562.106,28.894 C563.154,29.942 563.803,30.938 564.346,32.338 C564.756,33.391 565.244,34.978 565.378,37.899 C565.522,41.056 565.552,42.003 565.552,50 C565.552,57.996 565.522,58.943 565.378,62.101 M570.82,37.631 C570.674,34.438 570.167,32.258 569.425,30.349 C568.659,28.377 567.633,26.702 565.965,25.035 C564.297,23.368 562.623,22.342 560.652,21.575 C558.743,20.834 556.562,20.326 553.369,20.18 C550.169,20.033 549.148,20 541,20 C532.853,20 531.831,20.033 528.631,20.18 C525.438,20.326 523.257,20.834 521.349,21.575 C519.376,22.342 517.703,23.368 516.035,25.035 C514.368,26.702 513.342,28.377 512.574,30.349 C511.834,32.258 511.326,34.438 511.181,37.631 C511.035,40.831 511,41.851 511,50 C511,58.147 511.035,59.17 511.181,62.369 C511.326,65.562 511.834,67.743 512.574,69.651 C513.342,71.625 514.368,73.296 516.035,74.965 C517.703,76.634 519.376,77.658 521.349,78.425 C523.257,79.167 525.438,79.673 528.631,79.82 C531.831,79.965 532.853,80.001 541,80.001 C549.148,80.001 550.169,79.965 553.369,79.82 C556.562,79.673 558.743,79.167 560.652,78.425 C562.623,77.658 564.297,76.634 565.965,74.965 C567.633,73.296 568.659,71.625 569.425,69.651 C570.167,67.743 570.674,65.562 570.82,62.369 C570.966,59.17 571,58.147 571,50 C571,41.851 570.966,40.831 570.82,37.631\"><\/path><\/g><\/g><\/g><\/svg><\/div>\n<div style=\"padding-top: 8px;\">\n<div style=\" color:#3897f0; font-family:Arial,sans-serif; font-size:14px; font-style:normal; font-weight:550; line-height:18px;\"> View this post on Instagram<\/div>\n<\/div>\n<div style=\"padding: 12.5% 0;\"><\/div>\n<div style=\"display: flex; flex-direction: row; margin-bottom: 14px; align-items: center;\">\n<div>\n<div style=\"background-color: #F4F4F4; border-radius: 50%; height: 12.5px; width: 12.5px; transform: translateX(0px) translateY(7px);\"><\/div>\n<div style=\"background-color: #F4F4F4; height: 12.5px; transform: rotate(-45deg) translateX(3px) translateY(1px); width: 12.5px; flex-grow: 0; margin-right: 14px; margin-left: 2px;\"><\/div>\n<div style=\"background-color: #F4F4F4; border-radius: 50%; height: 12.5px; width: 12.5px; transform: translateX(9px) translateY(-18px);\"><\/div>\n<\/div>\n<div style=\"margin-left: 8px;\">\n<div style=\" background-color: #F4F4F4; border-radius: 50%; flex-grow: 0; height: 20px; width: 20px;\"><\/div>\n<div style=\" width: 0; height: 0; border-top: 2px solid transparent; border-left: 6px solid #f4f4f4; border-bottom: 2px solid transparent; transform: translateX(16px) translateY(-4px) rotate(30deg)\"><\/div>\n<\/div>\n<div style=\"margin-left: auto;\">\n<div style=\" width: 0px; border-top: 8px solid #F4F4F4; border-right: 8px solid transparent; transform: translateY(16px);\"><\/div>\n<div style=\" background-color: #F4F4F4; flex-grow: 0; height: 12px; width: 16px; transform: translateY(-4px);\"><\/div>\n<div style=\" width: 0; height: 0; border-top: 8px solid #F4F4F4; border-left: 8px solid transparent; transform: translateY(-4px) translateX(8px);\"><\/div>\n<\/div>\n<\/div>\n<p><\/a> <\/p>\n<p style=\" margin:8px 0 0 0; padding:0 4px;\"> <a href=\"https:\/\/www.instagram.com\/p\/BWouRpDACXm\/?utm_source=ig_embed&amp;utm_campaign=loading\" style=\" color:#000; font-family:Arial,sans-serif; font-size:14px; font-style:normal; font-weight:normal; line-height:17px; text-decoration:none; word-wrap:break-word;\" target=\"_blank\" target=\"_blank\">Such a magical day \ud83d\ude0d\u2764\ufe0f\ud83d\ude0d<\/a><\/p>\n<p style=\" color:#c9c8cd; font-family:Arial,sans-serif; font-size:14px; line-height:17px; margin-bottom:0; margin-top:8px; overflow:hidden; padding:8px 0 7px; text-align:center; text-overflow:ellipsis; white-space:nowrap;\">A post shared by <a href=\"https:\/\/www.instagram.com\/mirandakerr\/?utm_source=ig_embed&amp;utm_campaign=loading\" style=\" color:#c9c8cd; font-family:Arial,sans-serif; font-size:14px; font-style:normal; font-weight:normal; line-height:17px;\" target=\"_blank\" target=\"_blank\"> Miranda<\/a> (@mirandakerr) on <time style=\" font-family:Arial,sans-serif; font-size:14px; line-height:17px;\" datetime=\"2017-07-17T05:40:54+00:00\">Jul 16, 2017 at 10:40pm PDT<\/time><\/p>\n<\/div>\n<\/blockquote>\n<p><script async src=\"\/\/www.instagram.com\/embed.js\"><\/script><\/p>\n<p>Estos han sido los 7 detalles que nos han conquistado:<\/p>\n<p class=\"p1\"><strong>1. El simple hecho de que este v\u00eddeo haya tenido lugar<\/strong><br \/>\nYa lo hemos dicho: las exclusivas nos encantan. Que Miranda haya accedido a grabar un v\u00eddeo de un momento as\u00ed\u2026 es un 10. Sobre todo porque en \u00e9l se muestra as\u00ed de natural, sincera y emocionada.<\/p>\n<figure id=\"attachment_119517\" aria-describedby=\"caption-attachment-119517\" style=\"width: 785px\" class=\"wp-caption aligncenter\"><img loading=\"lazy\" decoding=\"async\" class=\"wp-image-119517 size-full\" src=\"https:\/\/graziamagazine.com\/es\/wp-content\/uploads\/sites\/12\/2017\/07\/miranda-fitting.jpg\" alt=\"\" width=\"785\" height=\"480\" srcset=\"https:\/\/graziamagazine.com\/es\/wp-content\/uploads\/sites\/12\/2017\/07\/miranda-fitting.jpg 785w, https:\/\/graziamagazine.com\/es\/wp-content\/uploads\/sites\/12\/2017\/07\/miranda-fitting-300x183.jpg 300w, https:\/\/graziamagazine.com\/es\/wp-content\/uploads\/sites\/12\/2017\/07\/miranda-fitting-768x470.jpg 768w, https:\/\/graziamagazine.com\/es\/wp-content\/uploads\/sites\/12\/2017\/07\/miranda-fitting-695x425.jpg 695w, https:\/\/graziamagazine.com\/es\/wp-content\/uploads\/sites\/12\/2017\/07\/miranda-fitting-720x440.jpg 720w, https:\/\/graziamagazine.com\/es\/wp-content\/uploads\/sites\/12\/2017\/07\/miranda-fitting-626x383.jpg 626w, https:\/\/graziamagazine.com\/es\/wp-content\/uploads\/sites\/12\/2017\/07\/miranda-fitting-360x220.jpg 360w\" sizes=\"(max-width: 785px) 100vw, 785px\" \/><figcaption id=\"caption-attachment-119517\" class=\"wp-caption-text\">Miranda aparece visiblemente emocionada durante todo el v\u00eddeo.<\/figcaption><\/figure>\n<p><strong>2. El VESTIDAZO (<del>por supuesto<\/del>)<\/strong><br \/>\nEra el secreto mejor guardado y&#8230; \u00a1ta-ch\u00e1n! La firma elegida fue Dior (Alta Costura, claro) y Maria Grazia cre\u00f3 para la modelo una pieza tan especial como esta: de sat\u00e9n, en color mantequilla batida y con lirios bordados por todo el cuerpo. Manga larga, cuello redondo y gran cola\u2026 \u201cElla quer\u00eda algo as\u00ed como un cuento de hadas, as\u00ed que cre\u00e9 algo emocional y sencillo al mismo tiempo\u201d, confiesa su creadora.<\/p>\n<figure id=\"attachment_119522\" aria-describedby=\"caption-attachment-119522\" style=\"width: 785px\" class=\"wp-caption aligncenter\"><img loading=\"lazy\" decoding=\"async\" class=\"wp-image-119522 size-full\" src=\"https:\/\/graziamagazine.com\/es\/wp-content\/uploads\/sites\/12\/2017\/07\/miranda-vestido.jpg\" alt=\"\" width=\"785\" height=\"480\" srcset=\"https:\/\/graziamagazine.com\/es\/wp-content\/uploads\/sites\/12\/2017\/07\/miranda-vestido.jpg 785w, https:\/\/graziamagazine.com\/es\/wp-content\/uploads\/sites\/12\/2017\/07\/miranda-vestido-300x183.jpg 300w, https:\/\/graziamagazine.com\/es\/wp-content\/uploads\/sites\/12\/2017\/07\/miranda-vestido-768x470.jpg 768w, https:\/\/graziamagazine.com\/es\/wp-content\/uploads\/sites\/12\/2017\/07\/miranda-vestido-695x425.jpg 695w, https:\/\/graziamagazine.com\/es\/wp-content\/uploads\/sites\/12\/2017\/07\/miranda-vestido-720x440.jpg 720w, https:\/\/graziamagazine.com\/es\/wp-content\/uploads\/sites\/12\/2017\/07\/miranda-vestido-626x383.jpg 626w, https:\/\/graziamagazine.com\/es\/wp-content\/uploads\/sites\/12\/2017\/07\/miranda-vestido-360x220.jpg 360w\" sizes=\"(max-width: 785px) 100vw, 785px\" \/><figcaption id=\"caption-attachment-119522\" class=\"wp-caption-text\">Efectivamente, es de cuento de hadas&#8230; \u00a9 Instagram\/MirandaKerr<\/figcaption><\/figure>\n<p><strong>3. La inspiraci\u00f3n<\/strong><br \/>\n\u201cMe he divertido mucho con la moda a lo largo de los a\u00f1os. Sol\u00eda ser m\u00e1s salvaje, m\u00e1s libre, m\u00e1s bohemia. Pero en este punto de mi vida, mi estilo se ha retra\u00eddo. Mis mayores fuentes de inspiraci\u00f3n siempre han sido Grace Kelly, Audrey Hepburn y mi abuela, que a los 80 a\u00f1os sigue teniendo una elegancia innata\u201d, declara Miranda&#8230; as\u00ed que la inspiraci\u00f3n estaba clara (y lograda al 100%).<\/p>\n<figure id=\"attachment_119516\" aria-describedby=\"caption-attachment-119516\" style=\"width: 785px\" class=\"wp-caption aligncenter\"><img loading=\"lazy\" decoding=\"async\" class=\"size-full wp-image-119516\" src=\"https:\/\/graziamagazine.com\/es\/wp-content\/uploads\/sites\/12\/2017\/07\/miranda-falda.jpg\" alt=\"\" width=\"785\" height=\"480\" srcset=\"https:\/\/graziamagazine.com\/es\/wp-content\/uploads\/sites\/12\/2017\/07\/miranda-falda.jpg 785w, https:\/\/graziamagazine.com\/es\/wp-content\/uploads\/sites\/12\/2017\/07\/miranda-falda-300x183.jpg 300w, https:\/\/graziamagazine.com\/es\/wp-content\/uploads\/sites\/12\/2017\/07\/miranda-falda-768x470.jpg 768w, https:\/\/graziamagazine.com\/es\/wp-content\/uploads\/sites\/12\/2017\/07\/miranda-falda-695x425.jpg 695w, https:\/\/graziamagazine.com\/es\/wp-content\/uploads\/sites\/12\/2017\/07\/miranda-falda-720x440.jpg 720w, https:\/\/graziamagazine.com\/es\/wp-content\/uploads\/sites\/12\/2017\/07\/miranda-falda-626x383.jpg 626w, https:\/\/graziamagazine.com\/es\/wp-content\/uploads\/sites\/12\/2017\/07\/miranda-falda-360x220.jpg 360w\" sizes=\"(max-width: 785px) 100vw, 785px\" \/><figcaption id=\"caption-attachment-119516\" class=\"wp-caption-text\">Tambi\u00e9n queda claro que llevar un vestido as\u00ed no es sencillo \u00a1y que se necesitan muchas manos para mantenerlo a salvo!<\/figcaption><\/figure>\n<p class=\"p1\"><strong>4. Las (exquisitas) flores<\/strong><br \/>\nMiranda eligi\u00f3 un <em>bouquet<\/em> muy sencillo para combinar con su vestido -y a juego con \u00e9l-: lirios del valle.<\/p>\n<figure id=\"attachment_119518\" aria-describedby=\"caption-attachment-119518\" style=\"width: 785px\" class=\"wp-caption aligncenter\"><img loading=\"lazy\" decoding=\"async\" class=\"wp-image-119518 size-full\" src=\"https:\/\/graziamagazine.com\/es\/wp-content\/uploads\/sites\/12\/2017\/07\/miranda-flores.jpg\" alt=\"\" width=\"785\" height=\"480\" srcset=\"https:\/\/graziamagazine.com\/es\/wp-content\/uploads\/sites\/12\/2017\/07\/miranda-flores.jpg 785w, https:\/\/graziamagazine.com\/es\/wp-content\/uploads\/sites\/12\/2017\/07\/miranda-flores-300x183.jpg 300w, https:\/\/graziamagazine.com\/es\/wp-content\/uploads\/sites\/12\/2017\/07\/miranda-flores-768x470.jpg 768w, https:\/\/graziamagazine.com\/es\/wp-content\/uploads\/sites\/12\/2017\/07\/miranda-flores-695x425.jpg 695w, https:\/\/graziamagazine.com\/es\/wp-content\/uploads\/sites\/12\/2017\/07\/miranda-flores-720x440.jpg 720w, https:\/\/graziamagazine.com\/es\/wp-content\/uploads\/sites\/12\/2017\/07\/miranda-flores-626x383.jpg 626w, https:\/\/graziamagazine.com\/es\/wp-content\/uploads\/sites\/12\/2017\/07\/miranda-flores-360x220.jpg 360w\" sizes=\"(max-width: 785px) 100vw, 785px\" \/><figcaption id=\"caption-attachment-119518\" class=\"wp-caption-text\">Nos encanta el ramo \u2764\ufe0f<\/figcaption><\/figure>\n<p><strong>5. El delicado tocado<\/strong><br \/>\nSe trata de un dise\u00f1o creado para Miranda por Stephen Jones. Es tambi\u00e9n de peque\u00f1os lirios blancos (muy en sinton\u00eda con todo el modelo) y se coloca como un tridente sobre la cabeza: \u201cMe encanta el detalle de atr\u00e1s\u201d, dice la modelo.<\/p>\n<figure id=\"attachment_119521\" aria-describedby=\"caption-attachment-119521\" style=\"width: 785px\" class=\"wp-caption aligncenter\"><img loading=\"lazy\" decoding=\"async\" class=\"size-full wp-image-119521\" src=\"https:\/\/graziamagazine.com\/es\/wp-content\/uploads\/sites\/12\/2017\/07\/miranda-tocado.jpg\" alt=\"\" width=\"785\" height=\"480\" srcset=\"https:\/\/graziamagazine.com\/es\/wp-content\/uploads\/sites\/12\/2017\/07\/miranda-tocado.jpg 785w, https:\/\/graziamagazine.com\/es\/wp-content\/uploads\/sites\/12\/2017\/07\/miranda-tocado-300x183.jpg 300w, https:\/\/graziamagazine.com\/es\/wp-content\/uploads\/sites\/12\/2017\/07\/miranda-tocado-768x470.jpg 768w, https:\/\/graziamagazine.com\/es\/wp-content\/uploads\/sites\/12\/2017\/07\/miranda-tocado-695x425.jpg 695w, https:\/\/graziamagazine.com\/es\/wp-content\/uploads\/sites\/12\/2017\/07\/miranda-tocado-720x440.jpg 720w, https:\/\/graziamagazine.com\/es\/wp-content\/uploads\/sites\/12\/2017\/07\/miranda-tocado-626x383.jpg 626w, https:\/\/graziamagazine.com\/es\/wp-content\/uploads\/sites\/12\/2017\/07\/miranda-tocado-360x220.jpg 360w\" sizes=\"(max-width: 785px) 100vw, 785px\" \/><figcaption id=\"caption-attachment-119521\" class=\"wp-caption-text\">Tambi\u00e9n muy al estilo de Grace Kelly.<\/figcaption><\/figure>\n<p><strong>6. El maquillaje<\/strong><br \/>\nNo solo nos ha encantado porque fue s\u00faper natural y refinado\u2026 sino tambi\u00e9n porque en el v\u00eddeo hemos podido comprobar que (a pesar de que seguramente haya contado con un equipo completo de maquilladores y peluqueros), es la propia Miranda quien se retoca antes de \u2018salir a escena\u2019.<\/p>\n<figure id=\"attachment_119519\" aria-describedby=\"caption-attachment-119519\" style=\"width: 785px\" class=\"wp-caption aligncenter\"><img loading=\"lazy\" decoding=\"async\" class=\"size-full wp-image-119519\" src=\"https:\/\/graziamagazine.com\/es\/wp-content\/uploads\/sites\/12\/2017\/07\/miranda-maquillaje.jpg\" alt=\"\" width=\"785\" height=\"480\" srcset=\"https:\/\/graziamagazine.com\/es\/wp-content\/uploads\/sites\/12\/2017\/07\/miranda-maquillaje.jpg 785w, https:\/\/graziamagazine.com\/es\/wp-content\/uploads\/sites\/12\/2017\/07\/miranda-maquillaje-300x183.jpg 300w, https:\/\/graziamagazine.com\/es\/wp-content\/uploads\/sites\/12\/2017\/07\/miranda-maquillaje-768x470.jpg 768w, https:\/\/graziamagazine.com\/es\/wp-content\/uploads\/sites\/12\/2017\/07\/miranda-maquillaje-695x425.jpg 695w, https:\/\/graziamagazine.com\/es\/wp-content\/uploads\/sites\/12\/2017\/07\/miranda-maquillaje-720x440.jpg 720w, https:\/\/graziamagazine.com\/es\/wp-content\/uploads\/sites\/12\/2017\/07\/miranda-maquillaje-626x383.jpg 626w, https:\/\/graziamagazine.com\/es\/wp-content\/uploads\/sites\/12\/2017\/07\/miranda-maquillaje-360x220.jpg 360w\" sizes=\"(max-width: 785px) 100vw, 785px\" \/><figcaption id=\"caption-attachment-119519\" class=\"wp-caption-text\">Seguro que aplica los muchos trucos aprendidos durante sus a\u00f1os sobre las pasarelas.<\/figcaption><\/figure>\n<p><strong>7. La boda pet-friendly<br \/>\n<\/strong>La boda de Miranda y Evan no solo fue\u00a0<em>child-friendly<\/em>: su hijo Flynn, que tuvo con su ex-pareja Orlando Bloom, fue el invitado de honor. Sino que tambi\u00e9n fue <em>pet-friendly<\/em>&#8230; y no, Miranda no se puso hist\u00e9rica cuando su perrito se acerc\u00f3 a ella y a su vestido.<\/p>\n<figure id=\"attachment_119520\" aria-describedby=\"caption-attachment-119520\" style=\"width: 785px\" class=\"wp-caption aligncenter\"><img loading=\"lazy\" decoding=\"async\" class=\"size-full wp-image-119520\" src=\"https:\/\/graziamagazine.com\/es\/wp-content\/uploads\/sites\/12\/2017\/07\/miranda-perro.jpg\" alt=\"\" width=\"785\" height=\"480\" srcset=\"https:\/\/graziamagazine.com\/es\/wp-content\/uploads\/sites\/12\/2017\/07\/miranda-perro.jpg 785w, https:\/\/graziamagazine.com\/es\/wp-content\/uploads\/sites\/12\/2017\/07\/miranda-perro-300x183.jpg 300w, https:\/\/graziamagazine.com\/es\/wp-content\/uploads\/sites\/12\/2017\/07\/miranda-perro-768x470.jpg 768w, https:\/\/graziamagazine.com\/es\/wp-content\/uploads\/sites\/12\/2017\/07\/miranda-perro-695x425.jpg 695w, https:\/\/graziamagazine.com\/es\/wp-content\/uploads\/sites\/12\/2017\/07\/miranda-perro-720x440.jpg 720w, https:\/\/graziamagazine.com\/es\/wp-content\/uploads\/sites\/12\/2017\/07\/miranda-perro-626x383.jpg 626w, https:\/\/graziamagazine.com\/es\/wp-content\/uploads\/sites\/12\/2017\/07\/miranda-perro-360x220.jpg 360w\" sizes=\"(max-width: 785px) 100vw, 785px\" \/><figcaption id=\"caption-attachment-119520\" class=\"wp-caption-text\">\u00a1T\u00fa s\u00ed que vales, Miranda!<\/figcaption><\/figure>\n<p><iframe loading=\"lazy\" style=\"border: none; overflow: hidden; height: 258px;\" src=\"\/\/www.facebook.com\/plugins\/likebox.php?href=https%3A%2F%2Fwww.facebook.com%2Fgraziaespana&amp;width&amp;height=258&amp;colorscheme=light&amp;show_faces=true&amp;header=false&amp;stream=false&amp;show_border=false&amp;appId=349017955267591\" width=\"300\" height=\"150\" frameborder=\"0\" scrolling=\"no\"><\/iframe><\/p>\n","protected":false},"author":15595,"featured_media":0,"template":"","format":"standard","categories":[14,13],"acf":[],"yoast_head":"<!-- This site is optimized with the Yoast SEO Premium plugin v18.5 (Yoast SEO v20.4) - https:\/\/yoast.com\/wordpress\/plugins\/seo\/ -->\n<title>7 razones por las que nos ha encantado el v\u00eddeo de la boda de Miranda Kerr | Grazia<\/title>\n<meta name=\"description\" content=\"En exclusiva para Vogue USA, este v\u00eddeo desvela todos los detalles de la boda de Miranda Kerr. Estos son los que nos han conquistado.\" \/>\n<meta name=\"robots\" content=\"index, follow, max-snippet:-1, max-image-preview:large, max-video-preview:-1\" \/>\n<link rel=\"canonical\" href=\"https:\/\/graziamagazine.com\/es\/articles\/7-razones-por-las-que-nos-ha-encantado-el-video-de-la-boda-de-miranda-kerr\/\" \/>\n<meta property=\"og:locale\" content=\"es_ES\" \/>\n<meta property=\"og:type\" content=\"article\" \/>\n<meta property=\"og:title\" content=\"7 razones por las que nos ha encantado el v\u00eddeo de la boda de Miranda Kerr\" \/>\n<meta property=\"og:description\" content=\"En exclusiva para Vogue USA, la modelo desvel\u00f3 todos los secretos de su enlace. Estos son los que nos han conquistado.\" \/>\n<meta property=\"og:url\" content=\"https:\/\/graziamagazine.com\/es\/articles\/7-razones-por-las-que-nos-ha-encantado-el-video-de-la-boda-de-miranda-kerr\/\" \/>\n<meta property=\"og:site_name\" content=\"Grazia\" \/>\n<meta property=\"article:modified_time\" content=\"2017-07-17T08:51:58+00:00\" \/>\n<meta property=\"og:image\" content=\"https:\/\/graziamagazine.com\/es\/wp-content\/uploads\/sites\/12\/2017\/07\/17100623\/miranda-maquillaje.jpg?fit=785%2C480\" \/>\n\t<meta property=\"og:image:width\" content=\"785\" \/>\n\t<meta property=\"og:image:height\" content=\"480\" \/>\n\t<meta property=\"og:image:type\" content=\"image\/jpeg\" \/>\n<meta name=\"twitter:card\" content=\"summary_large_image\" \/>\n<meta name=\"twitter:title\" content=\"7 razones por las que nos ha encantado el v\u00eddeo de la boda de Miranda Kerr\" \/>\n<meta name=\"twitter:description\" content=\"En exclusiva para Vogue USA, la modelo desvel\u00f3 todos los secretos de su enlace. Estos son los que nos han conquistado.\" \/>\n<meta name=\"twitter:image\" content=\"http:\/\/s3-eu-west-1.amazonaws.com\/grazia-cdn\/wp-content\/uploads\/sites\/12\/2017\/07\/17100623\/miranda-maquillaje.jpg\" \/>\n<meta name=\"twitter:label1\" content=\"Est. reading time\" \/>\n\t<meta name=\"twitter:data1\" content=\"3 minutos\" \/>\n<script type=\"application\/ld+json\" class=\"yoast-schema-graph\">{\"@context\":\"https:\/\/schema.org\",\"@graph\":[{\"@type\":\"WebPage\",\"@id\":\"https:\/\/graziamagazine.com\/es\/articles\/7-razones-por-las-que-nos-ha-encantado-el-video-de-la-boda-de-miranda-kerr\/\",\"url\":\"https:\/\/graziamagazine.com\/es\/articles\/7-razones-por-las-que-nos-ha-encantado-el-video-de-la-boda-de-miranda-kerr\/\",\"name\":\"7 razones por las que nos ha encantado el v\u00eddeo de la boda de Miranda Kerr | Grazia\",\"isPartOf\":{\"@id\":\"https:\/\/graziamagazine.com\/es\/#website\"},\"datePublished\":\"2017-07-17T08:51:57+00:00\",\"dateModified\":\"2017-07-17T08:51:58+00:00\",\"description\":\"En exclusiva para Vogue USA, este v\u00eddeo desvela todos los detalles de la boda de Miranda Kerr. Estos son los que nos han conquistado.\",\"breadcrumb\":{\"@id\":\"https:\/\/graziamagazine.com\/es\/articles\/7-razones-por-las-que-nos-ha-encantado-el-video-de-la-boda-de-miranda-kerr\/#breadcrumb\"},\"inLanguage\":\"es\",\"potentialAction\":[{\"@type\":\"ReadAction\",\"target\":[\"https:\/\/graziamagazine.com\/es\/articles\/7-razones-por-las-que-nos-ha-encantado-el-video-de-la-boda-de-miranda-kerr\/\"]}]},{\"@type\":\"BreadcrumbList\",\"@id\":\"https:\/\/graziamagazine.com\/es\/articles\/7-razones-por-las-que-nos-ha-encantado-el-video-de-la-boda-de-miranda-kerr\/#breadcrumb\",\"itemListElement\":[{\"@type\":\"ListItem\",\"position\":1,\"name\":\"Portada\",\"item\":\"https:\/\/graziamagazine.com\/es\/\"},{\"@type\":\"ListItem\",\"position\":2,\"name\":\"7 razones por las que nos ha encantado el v\u00eddeo de la boda de Miranda Kerr\"}]},{\"@type\":\"WebSite\",\"@id\":\"https:\/\/graziamagazine.com\/es\/#website\",\"url\":\"https:\/\/graziamagazine.com\/es\/\",\"name\":\"Grazia\",\"description\":\"Moda, belleza, celebrities, estilo de vida...\",\"potentialAction\":[{\"@type\":\"SearchAction\",\"target\":{\"@type\":\"EntryPoint\",\"urlTemplate\":\"https:\/\/graziamagazine.com\/es\/?s={search_term_string}\"},\"query-input\":\"required name=search_term_string\"}],\"inLanguage\":\"es\"}]}<\/script>\n<!-- \/ Yoast SEO Premium plugin. -->","yoast_head_json":{"title":"7 razones por las que nos ha encantado el v\u00eddeo de la boda de Miranda Kerr | Grazia","description":"En exclusiva para Vogue USA, este v\u00eddeo desvela todos los detalles de la boda de Miranda Kerr. Estos son los que nos han conquistado.","robots":{"index":"index","follow":"follow","max-snippet":"max-snippet:-1","max-image-preview":"max-image-preview:large","max-video-preview":"max-video-preview:-1"},"canonical":"https:\/\/graziamagazine.com\/es\/articles\/7-razones-por-las-que-nos-ha-encantado-el-video-de-la-boda-de-miranda-kerr\/","og_locale":"es_ES","og_type":"article","og_title":"7 razones por las que nos ha encantado el v\u00eddeo de la boda de Miranda Kerr","og_description":"En exclusiva para Vogue USA, la modelo desvel\u00f3 todos los secretos de su enlace. Estos son los que nos han conquistado.","og_url":"https:\/\/graziamagazine.com\/es\/articles\/7-razones-por-las-que-nos-ha-encantado-el-video-de-la-boda-de-miranda-kerr\/","og_site_name":"Grazia","article_modified_time":"2017-07-17T08:51:58+00:00","og_image":[{"width":785,"height":480,"url":"https:\/\/graziamagazine.com\/es\/wp-content\/uploads\/sites\/12\/2017\/07\/17100623\/miranda-maquillaje.jpg?fit=785%2C480","type":"image\/jpeg"}],"twitter_card":"summary_large_image","twitter_title":"7 razones por las que nos ha encantado el v\u00eddeo de la boda de Miranda Kerr","twitter_description":"En exclusiva para Vogue USA, la modelo desvel\u00f3 todos los secretos de su enlace. Estos son los que nos han conquistado.","twitter_image":"http:\/\/s3-eu-west-1.amazonaws.com\/grazia-cdn\/wp-content\/uploads\/sites\/12\/2017\/07\/17100623\/miranda-maquillaje.jpg","twitter_misc":{"Est. reading time":"3 minutos"},"schema":{"@context":"https:\/\/schema.org","@graph":[{"@type":"WebPage","@id":"https:\/\/graziamagazine.com\/es\/articles\/7-razones-por-las-que-nos-ha-encantado-el-video-de-la-boda-de-miranda-kerr\/","url":"https:\/\/graziamagazine.com\/es\/articles\/7-razones-por-las-que-nos-ha-encantado-el-video-de-la-boda-de-miranda-kerr\/","name":"7 razones por las que nos ha encantado el v\u00eddeo de la boda de Miranda Kerr | Grazia","isPartOf":{"@id":"https:\/\/graziamagazine.com\/es\/#website"},"datePublished":"2017-07-17T08:51:57+00:00","dateModified":"2017-07-17T08:51:58+00:00","description":"En exclusiva para Vogue USA, este v\u00eddeo desvela todos los detalles de la boda de Miranda Kerr. Estos son los que nos han conquistado.","breadcrumb":{"@id":"https:\/\/graziamagazine.com\/es\/articles\/7-razones-por-las-que-nos-ha-encantado-el-video-de-la-boda-de-miranda-kerr\/#breadcrumb"},"inLanguage":"es","potentialAction":[{"@type":"ReadAction","target":["https:\/\/graziamagazine.com\/es\/articles\/7-razones-por-las-que-nos-ha-encantado-el-video-de-la-boda-de-miranda-kerr\/"]}]},{"@type":"BreadcrumbList","@id":"https:\/\/graziamagazine.com\/es\/articles\/7-razones-por-las-que-nos-ha-encantado-el-video-de-la-boda-de-miranda-kerr\/#breadcrumb","itemListElement":[{"@type":"ListItem","position":1,"name":"Portada","item":"https:\/\/graziamagazine.com\/es\/"},{"@type":"ListItem","position":2,"name":"7 razones por las que nos ha encantado el v\u00eddeo de la boda de Miranda Kerr"}]},{"@type":"WebSite","@id":"https:\/\/graziamagazine.com\/es\/#website","url":"https:\/\/graziamagazine.com\/es\/","name":"Grazia","description":"Moda, belleza, celebrities, estilo de vida...","potentialAction":[{"@type":"SearchAction","target":{"@type":"EntryPoint","urlTemplate":"https:\/\/graziamagazine.com\/es\/?s={search_term_string}"},"query-input":"required name=search_term_string"}],"inLanguage":"es"}]}},"jetpack_sharing_enabled":true,"distributor_meta":false,"distributor_terms":false,"distributor_media":false,"distributor_original_site_name":"Grazia","distributor_original_site_url":"https:\/\/graziamagazine.com\/es","push-errors":false,"_links":{"self":[{"href":"https:\/\/graziamagazine.com\/es\/wp-json\/wp\/v2\/articles\/119509"}],"collection":[{"href":"https:\/\/graziamagazine.com\/es\/wp-json\/wp\/v2\/articles"}],"about":[{"href":"https:\/\/graziamagazine.com\/es\/wp-json\/wp\/v2\/types\/articles"}],"author":[{"embeddable":true,"href":"https:\/\/graziamagazine.com\/es\/wp-json\/wp\/v2\/users\/15595"}],"wp:attachment":[{"href":"https:\/\/graziamagazine.com\/es\/wp-json\/wp\/v2\/media?parent=119509"}],"wp:term":[{"taxonomy":"category","embeddable":true,"href":"https:\/\/graziamagazine.com\/es\/wp-json\/wp\/v2\/categories?post=119509"}],"curies":[{"name":"wp","href":"https:\/\/api.w.org\/{rel}","templated":true}]}}