{"id":119351,"date":"2017-07-18T17:32:42","date_gmt":"2017-07-18T15:32:42","guid":{"rendered":"https:\/\/graziamagazine.com\/es\/?p=119351"},"modified":"2017-07-18T17:32:43","modified_gmt":"2017-07-18T15:32:43","slug":"me-teni-pelo-de-unicornio-y-esto-es-lo-que-paso","status":"publish","type":"articles","link":"https:\/\/graziamagazine.com\/es\/articles\/me-teni-pelo-de-unicornio-y-esto-es-lo-que-paso\/","title":{"rendered":"Me te\u00f1\u00ed como un unicornio&#8230; y esto es lo que pas\u00f3"},"content":{"rendered":"<figure id=\"attachment_119359\" aria-describedby=\"caption-attachment-119359\" style=\"width: 980px\" class=\"wp-caption aligncenter\"><img loading=\"lazy\" decoding=\"async\" class=\"size-full wp-image-119359\" src=\"https:\/\/graziamagazine.com\/es\/wp-content\/uploads\/sites\/12\/2017\/07\/pelo-unicornio-04.jpg\" alt=\"\" width=\"980\" height=\"507\" srcset=\"https:\/\/graziamagazine.com\/es\/wp-content\/uploads\/sites\/12\/2017\/07\/pelo-unicornio-04.jpg 980w, https:\/\/graziamagazine.com\/es\/wp-content\/uploads\/sites\/12\/2017\/07\/pelo-unicornio-04-300x155.jpg 300w, https:\/\/graziamagazine.com\/es\/wp-content\/uploads\/sites\/12\/2017\/07\/pelo-unicornio-04-768x397.jpg 768w, https:\/\/graziamagazine.com\/es\/wp-content\/uploads\/sites\/12\/2017\/07\/pelo-unicornio-04-720x372.jpg 720w, https:\/\/graziamagazine.com\/es\/wp-content\/uploads\/sites\/12\/2017\/07\/pelo-unicornio-04-626x324.jpg 626w, https:\/\/graziamagazine.com\/es\/wp-content\/uploads\/sites\/12\/2017\/07\/pelo-unicornio-04-360x186.jpg 360w\" sizes=\"(max-width: 980px) 100vw, 980px\" \/><figcaption id=\"caption-attachment-119359\" class=\"wp-caption-text\">Este ha sido el resultado&#8230; y a continuaci\u00f3n la historia.<\/figcaption><\/figure>\n<p>Debo empezar confesando que mi idilio con los cambios de look no es nada nuevo. Siempre he tenido muy clara esa premisa que dice que \u201cel pelo crece\u201d, por lo que los cortes radicales y los cambios de color nunca me han dado miedo y, m\u00e1s concretamente en el caso del color, no he parado de cambiar desde los 13 a\u00f1os.<\/p>\n<p>Todo empez\u00f3 cuando me compr\u00e9, a escondidas, un pack DIY para darme en casa un ba\u00f1o de color en tono viol\u00edn. <strong>Esper\u00e9 a que mis padres se fuesen a hacer la compra y me di el color esperando el impacto que causar\u00eda ese acto de rebeld\u00eda<\/strong> cuando me presentase con mi nuevo pelo te\u00f1ido en la cena. \u00bfEl resultado? Mi base de color casta\u00f1o oscuro hizo que ese ba\u00f1o de color viol\u00edn fuese pr\u00e1cticamente imperceptible hasta que un par de d\u00edas despu\u00e9s me lav\u00e9 el pelo y mi madre me ech\u00f3 la bronca por ensuciar una toalla.<\/p>\n<figure id=\"attachment_119357\" aria-describedby=\"caption-attachment-119357\" style=\"width: 500px\" class=\"wp-caption aligncenter\"><img loading=\"lazy\" decoding=\"async\" class=\"size-full wp-image-119357\" src=\"https:\/\/graziamagazine.com\/es\/wp-content\/uploads\/sites\/12\/2017\/07\/melenaza.gif\" alt=\"\" width=\"500\" height=\"281\" \/><figcaption id=\"caption-attachment-119357\" class=\"wp-caption-text\">Yo, descubriendo el mundo de los tintes de pelo.<\/figcaption><\/figure>\n<p>El caso es que con esa peque\u00f1a rebeli\u00f3n hab\u00eda desencadenado una afici\u00f3n por experimentar con el pelo que me llev\u00f3 durante los a\u00f1os siguientes a probar con todo tipo de tintes. Desde los rojos fuego a los naranjas, pasando por los tonos cobrizos, los morados y magentas e incluso el negro y el negro azulado. <strong>Yo me lo hac\u00eda todo y no me importaba decolorarme en casa con tal de pasar de un tono a otro,<\/strong> sin tener en cuenta el da\u00f1o que le hac\u00eda a mi pelo. Pero si opt\u00e9 por el DIY durante esos a\u00f1os es porque no encontr\u00e9 un peluquero que supiese darme el color que estaba buscando. Las pocas veces que pas\u00e9 por peluquer\u00eda (coincidiendo con la \u00e9poca en la que me decant\u00e9 por un color cobre), el resultado fue decepcionante. Siempre sal\u00eda con el pelo un par de tonos m\u00e1s oscuro de lo que yo quer\u00eda y me hart\u00e9 de malgastar mi dinero en \u201cprofesionales\u201d que se inventaban mil excusas para justificar que no hab\u00edan sabido dar con la mezcla correcta.<\/p>\n<figure id=\"attachment_119358\" aria-describedby=\"caption-attachment-119358\" style=\"width: 500px\" class=\"wp-caption aligncenter\"><img loading=\"lazy\" decoding=\"async\" class=\"size-full wp-image-119358\" src=\"https:\/\/graziamagazine.com\/es\/wp-content\/uploads\/sites\/12\/2017\/07\/pasado.gif\" alt=\"\" width=\"500\" height=\"270\" \/><figcaption id=\"caption-attachment-119358\" class=\"wp-caption-text\">Yo en el pasado, cuando sal\u00eda de la peluquer\u00eda.<\/figcaption><\/figure>\n<p>El caso es que finalmente yo encontr\u00e9 la f\u00f3rmula perfecta para conseguir ese color cobre que buscaba (con la ayuda inestimable de la se\u00f1ora que llevaba la tienda de productos profesionales de peluquer\u00eda de mi barrio). Pero tanto tiempo ti\u00f1endo y decolorando mi pelo <del>que adem\u00e1s sufr\u00eda alisados con plancha muy a menudo<\/del>\u00a0acab\u00f3 pasando factura a su salud y su brillo. As\u00ed que, un par de a\u00f1os antes de cumplir los 30 y con la intenci\u00f3n tambi\u00e9n de centrar un poco la cabeza, abrac\u00e9 un look m\u00e1s convencional y dej\u00e9 de te\u00f1irme. <strong>Escog\u00ed un tono chocolate oscuro para devolverle a mi pelo su color natural y dejarlo crecer en todo el esplendor de soser\u00eda que me parec\u00eda mi tono natural<\/strong> para que recuperase la salud perdida. Pero con el paso de los meses me volv\u00ed conservadora, sobre todo al ver como mi pelo se hab\u00eda convertido en pelazo, mucho m\u00e1s largo, m\u00e1s brillante y m\u00e1s fuerte. Y aunque los colores segu\u00edan gust\u00e1ndome, no me atrev\u00eda a volver a ellos por miedo. Hasta que tuve una crisis existencial y descubr\u00ed <strong>el Olaplex.<\/strong><\/p>\n<p>Dicen que cuando se cierra un puerta se abre una ventana, pero <strong>lo que nunca te dicen es si esa ventana se abre para que entre el aire fresco o para que te tires por ella&#8230;<\/strong> En mi caso, volver a disfrutar del color hizo que fuese lo primero, no lo voy a negar. Despu\u00e9s de <a href=\"https:\/\/graziamagazine.com\/es\/lifestyle\/por-que-todos-tienen-el-remedio-para-tu-ruptura\/\" target=\"_blank\" rel=\"noopener noreferrer\">una ruptura terrible de esas que todas hemos sufrido<\/a>, sent\u00eda que mi vida necesitaba un cambio y <strong>ca\u00ed en el t\u00f3pico empezando mi nueva vida con un cambio de look.<\/strong> La clave de esta decisi\u00f3n fue enterarme de la existencia del Olaplex, un producto de alta peluquer\u00eda profesional que se a\u00f1ade durante el proceso de decoloraci\u00f3n y que evita que el cabello decolorado se rompa. Adem\u00e1s, durante las tres fases del tratamiento (las dos primeras son de aplicaci\u00f3n en la peluquer\u00eda, en la tercera es para ir aplic\u00e1ndola en casa) la fibra capilar se reconstruye, devolvi\u00e9ndole la salud perdida a tu pelo. Aunque, obviamente, no se trata de un producto milagroso, con el Olaplex descubr\u00ed que pod\u00eda volver a decolorar mi pelo sin el miedo a destrozarlo. As\u00ed que encontr\u00e9 una peluquer\u00eda fant\u00e1stica en la que trabajan con este producto, <a href=\"https:\/\/www.instagram.com\/santamonicacutandcolor\/\" target=\"_blank\" rel=\"noopener noreferrer\" target=\"_blank\">Santa M\u00f3nica Cut &amp; Color,<\/a> y ped\u00ed cita.<\/p>\n<blockquote class=\"instagram-media\" style=\"background: #FFF; border: 0; border-radius: 3px; box-shadow: 0 0 1px 0 rgba(0,0,0,0.5),0 1px 10px 0 rgba(0,0,0,0.15); margin: 1px; max-width: 658px; padding: 0; width: calc(100% - 2px);\" data-instgrm-version=\"7\">\n<div style=\"padding: 8px;\">\n<div style=\"background: #F8F8F8; line-height: 0; margin-top: 40px; padding: 50.0% 0; text-align: center; width: 100%;\"><\/div>\n<p style=\"color: #c9c8cd; font-family: Arial,sans-serif; font-size: 14px; line-height: 17px; margin-bottom: 0; margin-top: 8px; overflow: hidden; padding: 8px 0 7px; text-align: center; text-overflow: ellipsis; white-space: nowrap;\"><a href=\"https:\/\/www.instagram.com\/p\/BUR1VsGBZgd\/\"style=\"color: #c9c8cd; font-family: Arial,sans-serif; font-size: 14px; font-style: normal; font-weight: normal; line-height: 17px; text-decoration: none;\"  target=\"_blank\" rel=\"noopener noreferrer\" target=\"_blank\">Una publicaci\u00f3n compartida de Santa Monica Cut &amp; Color (@santamonicacutandcolor)<\/a> el <time style=\"font-family: Arial,sans-serif; font-size: 14px; line-height: 17px;\" datetime=\"2017-05-19T15:17:18+00:00\">19 de May de 2017 a la(s) 8:17 PDT<\/time><\/p>\n<\/div>\n<\/blockquote>\n<p><script async defer src=\"\/\/platform.instagram.com\/en_US\/embeds.js\"><\/script><\/p>\n<p>Nada m\u00e1s sentarme en el sill\u00f3n y explicarle a Mai (mi peluquera, a la que amo) lo que estaba buscando, supe que estaba en buenas manos. Esta segunda\/primera vez opt\u00e9 por algo no muy radical, decolorando las puntas y ti\u00f1\u00e9ndolas con distintos tonos de azul, verde y morado. Mientras Mai trabajaba los tonos sobre mi pelo, tuve claro que volver\u00eda a tener toda la melena de colores y un a\u00f1o despu\u00e9s as\u00ed ha sido y no puedo estar m\u00e1s contenta. Eleg\u00ed una combinaci\u00f3n de tonos rosas, naranjas y morados en la que,\u00a0seis\u00a0semanas despu\u00e9s, introduje tambi\u00e9n tonos azules y el resultado es como salido de un sue\u00f1o. <strong>Pero no de un sue\u00f1o normal, sino del sue\u00f1o de una sirena que consigue tener piernas y sale a la superficie para montar en un <em>Mi Peque\u00f1o Pony<\/em><\/strong> que adem\u00e1s es amigo de un unicornio.<\/p>\n<blockquote class=\"instagram-media\" style=\"background: #FFF; border: 0; border-radius: 3px; box-shadow: 0 0 1px 0 rgba(0,0,0,0.5),0 1px 10px 0 rgba(0,0,0,0.15); margin: 1px; max-width: 658px; padding: 0; width: calc(100% - 2px);\" data-instgrm-version=\"7\">\n<div style=\"padding: 8px;\">\n<div style=\"background: #F8F8F8; line-height: 0; margin-top: 40px; padding: 50.0% 0; text-align: center; width: 100%;\"><\/div>\n<p style=\"color: #c9c8cd; font-family: Arial,sans-serif; font-size: 14px; line-height: 17px; margin-bottom: 0; margin-top: 8px; overflow: hidden; padding: 8px 0 7px; text-align: center; text-overflow: ellipsis; white-space: nowrap;\"><a href=\"https:\/\/www.instagram.com\/p\/BVZ_0yYh3o0\/\"style=\"color: #c9c8cd; font-family: Arial,sans-serif; font-size: 14px; font-style: normal; font-weight: normal; line-height: 17px; text-decoration: none;\"  target=\"_blank\" rel=\"noopener noreferrer\" target=\"_blank\">Una publicaci\u00f3n compartida de Santa Monica Cut &amp; Color (@santamonicacutandcolor)<\/a> el <time style=\"font-family: Arial,sans-serif; font-size: 14px; line-height: 17px;\" datetime=\"2017-06-16T15:54:15+00:00\">16 de Jun de 2017 a la(s) 8:54 PDT<\/time><\/p>\n<\/div>\n<\/blockquote>\n<p><script async defer src=\"\/\/platform.instagram.com\/en_US\/embeds.js\"><\/script><\/p>\n<p>Pero, aunque suene fant\u00e1stico, este tipo de color tiene un lado oscuro y hay unas cuantas cosas que debes saber si est\u00e1s pensando en dar el paso:<\/p>\n<ul>\n<li><strong>El tiempo en la peluquer\u00eda:<\/strong> Lo primero que tienes que tener en cuenta es el tiempo que te vas a pasar en la peluquer\u00eda. En mi caso fueron siete\u00a0horas, ya que tuvimos que decolorar dos veces para conseguir una base lo suficientemente clara para trabajar despu\u00e9s los colores encima. Todo ello con sus correspondientes tiempos de espera y despu\u00e9s el tiempo de peinado.<\/li>\n<li><strong>El tiempo fuera de la peluquer\u00eda:<\/strong> Si no vas a tener tiempo para dedicarle a tu nuevo pelo un m\u00ednimo de cuidados a la semana, ahorrate el proceso. Aunque no necesites lavar tu pelo tan a menudo (ventajas de la decoloraci\u00f3n) el d\u00eda que lo hagas tienes que aplicar un tratamiento nutritivo e hidratante y dejarlo actuar. Yo me dejo las mascarillas puestas por le menos media hora antes de lavarme el pelo. Despu\u00e9s del lavado, es importante tambi\u00e9n que tengas tiempo para peinarlo porque no es nada conveniente que lo dejes secar al aire libre, despu\u00e9s de una decoloraci\u00f3n, incluso con Olaplex, el pelo pierde bastante flexibilidad.<\/li>\n<li><strong>El dinero:<\/strong> Estos cambios de look requieren una primera inversi\u00f3n inicial bastante importante y despu\u00e9s, mantenimiento del color cada seis\u00a0semanas aproximadamente, con decoloraci\u00f3n de las ra\u00edces incluida. Adem\u00e1s vas a tener que invertir en productos de cuidado espec\u00edficos que suelen ser m\u00e1s caros que los champ\u00fas normales.<\/li>\n<\/ul>\n<figure id=\"attachment_119361\" aria-describedby=\"caption-attachment-119361\" style=\"width: 498px\" class=\"wp-caption aligncenter\"><img loading=\"lazy\" decoding=\"async\" class=\"size-full wp-image-119361\" src=\"https:\/\/graziamagazine.com\/es\/wp-content\/uploads\/sites\/12\/2017\/07\/peluqeur\u00eda.gif\" alt=\"\" width=\"498\" height=\"280\" \/><figcaption id=\"caption-attachment-119361\" class=\"wp-caption-text\">Yo en la peluquer\u00eda.<\/figcaption><\/figure>\n<ul>\n<li><strong>Cuidado en la playa y la piscina:<\/strong> Si eres de las que pasa el verano en remojo quiz\u00e1s prefieras esperar al oto\u00f1o para decolorarte y te\u00f1irte el pelo de colores. El agua, el sol, el calor y los qu\u00edmicos son los mayores enemigos del color y en la playa y la piscina est\u00e1n todos ellos. As\u00ed que si quieres que tu unicornio\u00a0dure intacto m\u00e1s tiempo, olv\u00eddate de ba\u00f1arte metiendo la cabeza o c\u00f3mprate un gorrito de piscina.<\/li>\n<li><strong>Desp\u00eddete del agua caliente:<\/strong> Uno de los principales enemigos de tu nuevo look lleno de color es el agua caliente. Cuanto m\u00e1s caliente est\u00e9 el agua m\u00e1s se abre la fibra capilar y m\u00e1s color se pierde durante el lavado. As\u00ed que olv\u00eddate de lavarte la cabeza con agua caliente. El agua fr\u00eda es la mejor opci\u00f3n para lavar este tipo de colores y cuanto m\u00e1s fr\u00eda, mejor. Menos color se perder\u00e1 durante el proceso de lavado y m\u00e1s brillante quedar\u00e1 despu\u00e9s cuando lo peines.<\/li>\n<li><strong>Adi\u00f3s sulfatos y siliconas:<\/strong> Otro de los cambios importantes que deber\u00e1s incorporar a tu rutina es el dejar atr\u00e1s tu champ\u00fa, acondicionador y mascarilla habituales y pasarte a todo lo que sea libre de sulfatos y siliconas. \u00bfPor qu\u00e9? Pues porque los primeros (los sulfatos) son los detergentes encargados de crear la espuma y limpiar en profundidad, pero por el contrario arrastran el pigmento de color con una facilidad incre\u00edble. As\u00ed que te toca empezar a fijarte en las etiquetas y a fijarte en todo lo que sea <em>sulfat-free<\/em> y <em>silicon-free.<\/em><\/li>\n<\/ul>\n<figure id=\"attachment_119365\" aria-describedby=\"caption-attachment-119365\" style=\"width: 612px\" class=\"wp-caption aligncenter\"><img loading=\"lazy\" decoding=\"async\" class=\"size-full wp-image-119365\" src=\"https:\/\/graziamagazine.com\/es\/wp-content\/uploads\/sites\/12\/2017\/07\/espejo1.gif\" alt=\"\" width=\"612\" height=\"612\" \/><figcaption id=\"caption-attachment-119365\" class=\"wp-caption-text\">As\u00ed me siento todas las ma\u00f1anas cuando me miro en el espejo.<\/figcaption><\/figure>\n<ul>\n<li><strong>Aprende a utilizar el secador:<\/strong> Va a ser imprescindible, ya que las planchas son el otro gran enemigo del pelo de colores. Como ya hemos mencionado, si el agua caliente arrastra el color, imag\u00ednate lo que hace una plancha de pelo a 200\u00ba&#8230; Pero no tendr\u00e1s ning\u00fan problema con secadores de pelo, cepillos o tenacillas.<\/li>\n<li><strong>El degradado:<\/strong> Tu nuevo color (o colores) de pelo cambiar\u00e1 a medida que lo vayas lavando. Si bien es cierto que no necesitar\u00e1s lavarlo tan a menudo, por mucho que lo cuides y respetes las normas, el color ir\u00e1 degrad\u00e1ndose a tonos m\u00e1s pastel e incluso es posible que los m\u00e1s claros desaparezcan y los m\u00e1s oscuros desti\u00f1an mezcl\u00e1ndose con los m\u00e1s claros. No te preocupes porque el resultado suele ser genial y lo disfrutar\u00e1s tanto como tus colores originales, pero es bueno que lo tengas claro.<\/li>\n<li><strong>Ve pensando el pr\u00f3ximo cambio:<\/strong> Una vez que das el paso, te vuelves adicta. Estos colores tienen algo especial que no tienen los colores cl\u00e1sicos y que te hacen sentirte s\u00faper bien contigo misma. Lo bueno es despu\u00e9s de decolorar el pelo por primera vez, el miedo desaparece y las ganas de experimentar aumentan.\u00a0 \u00a1Y no vas a pasar desapercibida! Me hace much\u00edsima gracia c\u00f3mo los ni\u00f1os peque\u00f1os alucinan con el color de mi pelo&#8230; y m\u00e1s de una se\u00f1ora mayor me ha dicho que le encantar\u00eda hacerse algo as\u00ed.<\/li>\n<\/ul>\n<blockquote><p>Y, adem\u00e1s: 8 cosm\u00e9ticos para unicornios (que tambi\u00e9n funcionan en mujeres):<\/p><\/blockquote>\n<p>[galeria]<\/p>\n<p><iframe loading=\"lazy\" style=\"border: none; overflow: hidden; height: 258px;\" src=\"\/\/www.facebook.com\/plugins\/likebox.php?href=https%3A%2F%2Fwww.facebook.com%2Fgraziaespana&amp;width&amp;height=258&amp;colorscheme=light&amp;show_faces=true&amp;header=false&amp;stream=false&amp;show_border=false&amp;appId=349017955267591\" width=\"300\" height=\"150\" frameborder=\"0\" scrolling=\"no\"><\/iframe><\/p>\n","protected":false},"author":24035,"featured_media":0,"template":"","format":"standard","categories":[7,9],"acf":[],"yoast_head":"<!-- This site is optimized with the Yoast SEO Premium plugin v18.5 (Yoast SEO v20.4) - https:\/\/yoast.com\/wordpress\/plugins\/seo\/ -->\n<title>Me te\u00f1\u00ed el pelo de unicornio... y esto es lo que pas\u00f3<\/title>\n<meta name=\"description\" content=\"Los colores son adictivos, pero apostar por el pelo de unicornio no es f\u00e1cil. Hay varias cosas que debes saber antes de lanzarte al mundo de piruleta.\" \/>\n<meta name=\"robots\" content=\"index, follow, max-snippet:-1, max-image-preview:large, max-video-preview:-1\" \/>\n<link rel=\"canonical\" href=\"https:\/\/graziamagazine.com\/es\/articles\/me-teni-pelo-de-unicornio-y-esto-es-lo-que-paso\/\" \/>\n<meta property=\"og:locale\" content=\"es_ES\" \/>\n<meta property=\"og:type\" content=\"article\" \/>\n<meta property=\"og:title\" content=\"Me te\u00f1\u00ed como un unicornio... y esto es lo que pas\u00f3\" \/>\n<meta property=\"og:description\" content=\"Atenci\u00f3n: los colores son adictivos.\" \/>\n<meta property=\"og:url\" content=\"https:\/\/graziamagazine.com\/es\/articles\/me-teni-pelo-de-unicornio-y-esto-es-lo-que-paso\/\" \/>\n<meta property=\"og:site_name\" content=\"Grazia\" \/>\n<meta property=\"article:modified_time\" content=\"2017-07-18T15:32:43+00:00\" \/>\n<meta property=\"og:image\" content=\"https:\/\/graziamagazine.com\/es\/wp-content\/uploads\/sites\/12\/2017\/07\/12143757\/pelo-unicornio-04.jpg?fit=980%2C507\" \/>\n\t<meta property=\"og:image:width\" content=\"980\" \/>\n\t<meta property=\"og:image:height\" content=\"507\" \/>\n\t<meta property=\"og:image:type\" content=\"image\/jpeg\" \/>\n<meta name=\"twitter:card\" content=\"summary_large_image\" \/>\n<meta name=\"twitter:title\" content=\"Me te\u00f1\u00ed como un unicornio... y esto es lo que pas\u00f3\" \/>\n<meta name=\"twitter:description\" content=\"Atenci\u00f3n: los colores son adictivos.\" \/>\n<meta name=\"twitter:image\" content=\"http:\/\/s3-eu-west-1.amazonaws.com\/grazia-cdn\/wp-content\/uploads\/sites\/12\/2017\/07\/12143757\/pelo-unicornio-04.jpg\" \/>\n<meta name=\"twitter:label1\" content=\"Est. reading time\" \/>\n\t<meta name=\"twitter:data1\" content=\"9 minutos\" \/>\n<script type=\"application\/ld+json\" class=\"yoast-schema-graph\">{\"@context\":\"https:\/\/schema.org\",\"@graph\":[{\"@type\":\"WebPage\",\"@id\":\"https:\/\/graziamagazine.com\/es\/articles\/me-teni-pelo-de-unicornio-y-esto-es-lo-que-paso\/\",\"url\":\"https:\/\/graziamagazine.com\/es\/articles\/me-teni-pelo-de-unicornio-y-esto-es-lo-que-paso\/\",\"name\":\"Me te\u00f1\u00ed el pelo de unicornio... y esto es lo que pas\u00f3\",\"isPartOf\":{\"@id\":\"https:\/\/graziamagazine.com\/es\/#website\"},\"datePublished\":\"2017-07-18T15:32:42+00:00\",\"dateModified\":\"2017-07-18T15:32:43+00:00\",\"description\":\"Los colores son adictivos, pero apostar por el pelo de unicornio no es f\u00e1cil. Hay varias cosas que debes saber antes de lanzarte al mundo de piruleta.\",\"breadcrumb\":{\"@id\":\"https:\/\/graziamagazine.com\/es\/articles\/me-teni-pelo-de-unicornio-y-esto-es-lo-que-paso\/#breadcrumb\"},\"inLanguage\":\"es\",\"potentialAction\":[{\"@type\":\"ReadAction\",\"target\":[\"https:\/\/graziamagazine.com\/es\/articles\/me-teni-pelo-de-unicornio-y-esto-es-lo-que-paso\/\"]}]},{\"@type\":\"BreadcrumbList\",\"@id\":\"https:\/\/graziamagazine.com\/es\/articles\/me-teni-pelo-de-unicornio-y-esto-es-lo-que-paso\/#breadcrumb\",\"itemListElement\":[{\"@type\":\"ListItem\",\"position\":1,\"name\":\"Portada\",\"item\":\"https:\/\/graziamagazine.com\/es\/\"},{\"@type\":\"ListItem\",\"position\":2,\"name\":\"Me te\u00f1\u00ed como un unicornio&#8230; y esto es lo que pas\u00f3\"}]},{\"@type\":\"WebSite\",\"@id\":\"https:\/\/graziamagazine.com\/es\/#website\",\"url\":\"https:\/\/graziamagazine.com\/es\/\",\"name\":\"Grazia\",\"description\":\"Moda, belleza, celebrities, estilo de vida...\",\"potentialAction\":[{\"@type\":\"SearchAction\",\"target\":{\"@type\":\"EntryPoint\",\"urlTemplate\":\"https:\/\/graziamagazine.com\/es\/?s={search_term_string}\"},\"query-input\":\"required name=search_term_string\"}],\"inLanguage\":\"es\"}]}<\/script>\n<!-- \/ Yoast SEO Premium plugin. -->","yoast_head_json":{"title":"Me te\u00f1\u00ed el pelo de unicornio... y esto es lo que pas\u00f3","description":"Los colores son adictivos, pero apostar por el pelo de unicornio no es f\u00e1cil. Hay varias cosas que debes saber antes de lanzarte al mundo de piruleta.","robots":{"index":"index","follow":"follow","max-snippet":"max-snippet:-1","max-image-preview":"max-image-preview:large","max-video-preview":"max-video-preview:-1"},"canonical":"https:\/\/graziamagazine.com\/es\/articles\/me-teni-pelo-de-unicornio-y-esto-es-lo-que-paso\/","og_locale":"es_ES","og_type":"article","og_title":"Me te\u00f1\u00ed como un unicornio... y esto es lo que pas\u00f3","og_description":"Atenci\u00f3n: los colores son adictivos.","og_url":"https:\/\/graziamagazine.com\/es\/articles\/me-teni-pelo-de-unicornio-y-esto-es-lo-que-paso\/","og_site_name":"Grazia","article_modified_time":"2017-07-18T15:32:43+00:00","og_image":[{"width":980,"height":507,"url":"https:\/\/graziamagazine.com\/es\/wp-content\/uploads\/sites\/12\/2017\/07\/12143757\/pelo-unicornio-04.jpg?fit=980%2C507","type":"image\/jpeg"}],"twitter_card":"summary_large_image","twitter_title":"Me te\u00f1\u00ed como un unicornio... y esto es lo que pas\u00f3","twitter_description":"Atenci\u00f3n: los colores son adictivos.","twitter_image":"http:\/\/s3-eu-west-1.amazonaws.com\/grazia-cdn\/wp-content\/uploads\/sites\/12\/2017\/07\/12143757\/pelo-unicornio-04.jpg","twitter_misc":{"Est. reading time":"9 minutos"},"schema":{"@context":"https:\/\/schema.org","@graph":[{"@type":"WebPage","@id":"https:\/\/graziamagazine.com\/es\/articles\/me-teni-pelo-de-unicornio-y-esto-es-lo-que-paso\/","url":"https:\/\/graziamagazine.com\/es\/articles\/me-teni-pelo-de-unicornio-y-esto-es-lo-que-paso\/","name":"Me te\u00f1\u00ed el pelo de unicornio... y esto es lo que pas\u00f3","isPartOf":{"@id":"https:\/\/graziamagazine.com\/es\/#website"},"datePublished":"2017-07-18T15:32:42+00:00","dateModified":"2017-07-18T15:32:43+00:00","description":"Los colores son adictivos, pero apostar por el pelo de unicornio no es f\u00e1cil. Hay varias cosas que debes saber antes de lanzarte al mundo de piruleta.","breadcrumb":{"@id":"https:\/\/graziamagazine.com\/es\/articles\/me-teni-pelo-de-unicornio-y-esto-es-lo-que-paso\/#breadcrumb"},"inLanguage":"es","potentialAction":[{"@type":"ReadAction","target":["https:\/\/graziamagazine.com\/es\/articles\/me-teni-pelo-de-unicornio-y-esto-es-lo-que-paso\/"]}]},{"@type":"BreadcrumbList","@id":"https:\/\/graziamagazine.com\/es\/articles\/me-teni-pelo-de-unicornio-y-esto-es-lo-que-paso\/#breadcrumb","itemListElement":[{"@type":"ListItem","position":1,"name":"Portada","item":"https:\/\/graziamagazine.com\/es\/"},{"@type":"ListItem","position":2,"name":"Me te\u00f1\u00ed como un unicornio&#8230; y esto es lo que pas\u00f3"}]},{"@type":"WebSite","@id":"https:\/\/graziamagazine.com\/es\/#website","url":"https:\/\/graziamagazine.com\/es\/","name":"Grazia","description":"Moda, belleza, celebrities, estilo de vida...","potentialAction":[{"@type":"SearchAction","target":{"@type":"EntryPoint","urlTemplate":"https:\/\/graziamagazine.com\/es\/?s={search_term_string}"},"query-input":"required name=search_term_string"}],"inLanguage":"es"}]}},"jetpack_sharing_enabled":true,"distributor_meta":false,"distributor_terms":false,"distributor_media":false,"distributor_original_site_name":"Grazia","distributor_original_site_url":"https:\/\/graziamagazine.com\/es","push-errors":false,"_links":{"self":[{"href":"https:\/\/graziamagazine.com\/es\/wp-json\/wp\/v2\/articles\/119351"}],"collection":[{"href":"https:\/\/graziamagazine.com\/es\/wp-json\/wp\/v2\/articles"}],"about":[{"href":"https:\/\/graziamagazine.com\/es\/wp-json\/wp\/v2\/types\/articles"}],"author":[{"embeddable":true,"href":"https:\/\/graziamagazine.com\/es\/wp-json\/wp\/v2\/users\/24035"}],"wp:attachment":[{"href":"https:\/\/graziamagazine.com\/es\/wp-json\/wp\/v2\/media?parent=119351"}],"wp:term":[{"taxonomy":"category","embeddable":true,"href":"https:\/\/graziamagazine.com\/es\/wp-json\/wp\/v2\/categories?post=119351"}],"curies":[{"name":"wp","href":"https:\/\/api.w.org\/{rel}","templated":true}]}}