{"id":117859,"date":"2017-07-04T13:10:43","date_gmt":"2017-07-04T11:10:43","guid":{"rendered":"https:\/\/graziamagazine.com\/es\/?p=117859"},"modified":"2017-07-04T13:10:44","modified_gmt":"2017-07-04T11:10:44","slug":"robert-pattinson-ha-vuelto-para-dior","status":"publish","type":"articles","link":"https:\/\/graziamagazine.com\/es\/articles\/robert-pattinson-ha-vuelto-para-dior\/","title":{"rendered":"Edward Cullen ha vuelto (perd\u00f3n, Robert Pattinson)"},"content":{"rendered":"<p>Desde que <a href=\"https:\/\/graziamagazine.com\/es\/etiqueta\/robert-pattinson\/\" target=\"_blank\" rel=\"noopener noreferrer\"><strong>Robert Pattinson<\/strong><\/a> irrumpiera en nuestras vidas deseoso por merendar un poco de nuestra sangre en la saga <em>Crep\u00fasculo<\/em>, la delgada l\u00ednea que separaba su personaje de su propia persona pareci\u00f3 desvanecerse. \u00bfD\u00f3nde acababa Edward Cullen y empezaba \u00e9l? Dif\u00edcil pregunta si tenemos en cuenta que ambos son p\u00e1lidos, vergonzosos\u00a0y\u00a0no dejan de marcar mand\u00edbula ni de tocarse el pelo.<\/p>\n<figure id=\"attachment_117883\" aria-describedby=\"caption-attachment-117883\" style=\"width: 650px\" class=\"wp-caption aligncenter\"><img loading=\"lazy\" decoding=\"async\" class=\"size-full wp-image-117883\" src=\"https:\/\/graziamagazine.com\/es\/wp-content\/uploads\/sites\/12\/2017\/07\/robert-pattinson-ha-vuelto-04.jpg\" alt=\"\" width=\"650\" height=\"933\" srcset=\"https:\/\/graziamagazine.com\/es\/wp-content\/uploads\/sites\/12\/2017\/07\/robert-pattinson-ha-vuelto-04.jpg 650w, https:\/\/graziamagazine.com\/es\/wp-content\/uploads\/sites\/12\/2017\/07\/robert-pattinson-ha-vuelto-04-209x300.jpg 209w, https:\/\/graziamagazine.com\/es\/wp-content\/uploads\/sites\/12\/2017\/07\/robert-pattinson-ha-vuelto-04-626x899.jpg 626w, https:\/\/graziamagazine.com\/es\/wp-content\/uploads\/sites\/12\/2017\/07\/robert-pattinson-ha-vuelto-04-360x517.jpg 360w\" sizes=\"(max-width: 650px) 100vw, 650px\" \/><figcaption id=\"caption-attachment-117883\" class=\"wp-caption-text\">Robert Pattinson marcando mand\u00edbula (muy bien marcada, eso s\u00ed) a su llegada al desfile de Dior el lunes en Par\u00eds. \u00a9 Getty Images<\/figcaption><\/figure>\n<p>Un atusamiento <del>no s\u00e9 si existe la palabra, pero viene al pelo<\/del> de melena que hemos tenido la oportunidad de ver, en vivo y en directo, durante el desfile Alta Costura de <a href=\"https:\/\/graziamagazine.com\/es\/etiqueta\/dior\/\" target=\"_blank\" rel=\"noopener noreferrer\">Dior<\/a>, la tarde del lunes\u00a0en Par\u00eds. Hasta all\u00ed vol\u00f3 Robert con sus colmillos bien guardaditos para cumplir con su trabajo como embajador de la <em>maison<\/em>. S\u00ed, s\u00ed. Porque no nos olvidemos que Pattinson es chico Dior desde 2013. Ah\u00ed es nada. Besos y abrazos con <strong><a href=\"https:\/\/graziamagazine.com\/es\/etiqueta\/jennifer-lawrence\/\" target=\"_blank\" rel=\"noopener noreferrer\">Jennifer Lawrence<\/a>, Natalie Portman, C\u00e9line Dion&#8230;<\/strong> Apretones de mano con directivos de la firma. Pero, \u00bfqu\u00e9 m\u00e1s ha hecho el actor desde que dejara de ocultarse de los rayos solares?<\/p>\n<figure id=\"attachment_117886\" aria-describedby=\"caption-attachment-117886\" style=\"width: 650px\" class=\"wp-caption aligncenter\"><img loading=\"lazy\" decoding=\"async\" class=\"size-full wp-image-117886\" src=\"https:\/\/graziamagazine.com\/es\/wp-content\/uploads\/sites\/12\/2017\/07\/robert-pattinson-ha-vuelto-07.jpg\" alt=\"\" width=\"650\" height=\"975\" srcset=\"https:\/\/graziamagazine.com\/es\/wp-content\/uploads\/sites\/12\/2017\/07\/robert-pattinson-ha-vuelto-07.jpg 650w, https:\/\/graziamagazine.com\/es\/wp-content\/uploads\/sites\/12\/2017\/07\/robert-pattinson-ha-vuelto-07-200x300.jpg 200w, https:\/\/graziamagazine.com\/es\/wp-content\/uploads\/sites\/12\/2017\/07\/robert-pattinson-ha-vuelto-07-151x227.jpg 151w, https:\/\/graziamagazine.com\/es\/wp-content\/uploads\/sites\/12\/2017\/07\/robert-pattinson-ha-vuelto-07-626x939.jpg 626w, https:\/\/graziamagazine.com\/es\/wp-content\/uploads\/sites\/12\/2017\/07\/robert-pattinson-ha-vuelto-07-157x236.jpg 157w, https:\/\/graziamagazine.com\/es\/wp-content\/uploads\/sites\/12\/2017\/07\/robert-pattinson-ha-vuelto-07-360x540.jpg 360w, https:\/\/graziamagazine.com\/es\/wp-content\/uploads\/sites\/12\/2017\/07\/robert-pattinson-ha-vuelto-07-298x448.jpg 298w, https:\/\/graziamagazine.com\/es\/wp-content\/uploads\/sites\/12\/2017\/07\/robert-pattinson-ha-vuelto-07-128x192.jpg 128w, https:\/\/graziamagazine.com\/es\/wp-content\/uploads\/sites\/12\/2017\/07\/robert-pattinson-ha-vuelto-07-364x546.jpg 364w, https:\/\/graziamagazine.com\/es\/wp-content\/uploads\/sites\/12\/2017\/07\/robert-pattinson-ha-vuelto-07-220x330.jpg 220w\" sizes=\"(max-width: 650px) 100vw, 650px\" \/><figcaption id=\"caption-attachment-117886\" class=\"wp-caption-text\">Los chicos Dior: Jennifer Lawrence, Natalie Portman y Robert Pattinson, minutos antes del desfile. \u00a9 Getty Images<\/figcaption><\/figure>\n<p><strong>Ha estado desaparecido (que no perdido)<\/strong><\/p>\n<p>Porque no es lo mismo, amigas. Tras vivir unos a\u00f1os de aut\u00e9ntica locura como \u00eddolo de adolescentes, Robert pis\u00f3 el freno para no estrellarse contra el muro de los <em>blockbusters.<\/em> Ese que engulle a muchas estrellas novatas de superproducciones internacionales y se niega a escupir. Durante la recta final de la saga <em>Crep\u00fasculo<\/em>, el brit\u00e1nico prob\u00f3 suerte uniendo sus dotes interpretativas (que por aquella \u00e9poca eran pocas, hablemos claro) a las de <strong>Uma Thurman<\/strong> en <em>Bel Ami, historia de un seductor<\/em>, <strong>Reese Witherspoon<\/strong> en <em>Agua para Elefantes<\/em> y <strong>Julianne Moore<\/strong> en <em>Maps To The Stars<\/em>. Actuaciones correctas, pero sin el gancho que necesita cualquier actor que quiera instalarse en Hollywood para siempre.<\/p>\n<figure id=\"attachment_117863\" aria-describedby=\"caption-attachment-117863\" style=\"width: 500px\" class=\"wp-caption aligncenter\"><img loading=\"lazy\" decoding=\"async\" class=\"size-full wp-image-117863\" src=\"https:\/\/graziamagazine.com\/es\/wp-content\/uploads\/sites\/12\/2017\/07\/robert.gif\" alt=\"\" width=\"500\" height=\"265\" \/><figcaption id=\"caption-attachment-117863\" class=\"wp-caption-text\">Tranquilo que ahora vienen los halagos.<\/figcaption><\/figure>\n<p>Fue entonces cuando su noviazgo\u00a0con <a href=\"https:\/\/graziamagazine.com\/es\/etiqueta\/kristen-stewart\/\" target=\"_blank\" rel=\"noopener noreferrer\">Kristen Stewart<\/a> salt\u00f3 por los aires y apareci\u00f3 en su vida la artista (porque esta chica toca todos los palos), FKA Twigs. <a href=\"https:\/\/graziamagazine.com\/es\/celebs\/asi-sera-la-boda-de-robert-pattinson-y-fka-twigs\/\" target=\"_blank\" rel=\"noopener noreferrer\">Una relaci\u00f3n<\/a> que le hizo alejarse de los focos y centrarse en crecer como actor. Pocos proyectos, pero muy bien elegidos, le llevaron a protagonizar <em>Good Time<\/em>, una de las grandes revelaciones\u00a0del pasado <a href=\"https:\/\/graziamagazine.com\/es\/lifestyle\/lujo-en-cannes\/\" target=\"_blank\" rel=\"noopener noreferrer\">Festival de Cannes<\/a>. La cr\u00edtica fue un\u00e1nime ante la interpretaci\u00f3n del actor en este drama de corte indie en el que da vida a un ladr\u00f3n de poca monta\u00a0con un hermano disminuido ps\u00edquico.<\/p>\n<p><iframe loading=\"lazy\" title=\"Good Time | Official Trailer HD | A24\" width=\"500\" height=\"281\" src=\"https:\/\/www.youtube.com\/embed\/AVyGCxHZ_Ko?feature=oembed\" frameborder=\"0\" allow=\"accelerometer; autoplay; encrypted-media; gyroscope; picture-in-picture\" allowfullscreen><\/iframe><\/p>\n<p>\u00abInmenso\u00bb, \u00abel actor est\u00e1 que se sale\u00bb, \u00abCannes a los pies de Robert Pattinson\u00bb, \u00abinsuperable\u00bb o \u00abnada queda ya del vampiro adolescente\u00bb son algunos de los piropos que le dedic\u00f3 la cr\u00edtica especializada. Alabanzas muy merecidas que le han situado de nuevo entre las j\u00f3venes promesas (aunque ya tiene 31 a\u00f1itos) de la interpretaci\u00f3n.<\/p>\n<figure id=\"attachment_117864\" aria-describedby=\"caption-attachment-117864\" style=\"width: 3189px\" class=\"wp-caption aligncenter\"><img loading=\"lazy\" decoding=\"async\" class=\"size-full wp-image-117864\" src=\"https:\/\/graziamagazine.com\/es\/wp-content\/uploads\/sites\/12\/2017\/07\/521157_081.jpg\" alt=\"\" width=\"3189\" height=\"2126\" srcset=\"https:\/\/graziamagazine.com\/es\/wp-content\/uploads\/sites\/12\/2017\/07\/521157_081.jpg 3189w, https:\/\/graziamagazine.com\/es\/wp-content\/uploads\/sites\/12\/2017\/07\/521157_081-300x200.jpg 300w, https:\/\/graziamagazine.com\/es\/wp-content\/uploads\/sites\/12\/2017\/07\/521157_081-768x512.jpg 768w, https:\/\/graziamagazine.com\/es\/wp-content\/uploads\/sites\/12\/2017\/07\/521157_081-1024x683.jpg 1024w, https:\/\/graziamagazine.com\/es\/wp-content\/uploads\/sites\/12\/2017\/07\/521157_081-720x480.jpg 720w, https:\/\/graziamagazine.com\/es\/wp-content\/uploads\/sites\/12\/2017\/07\/521157_081-1200x800.jpg 1200w, https:\/\/graziamagazine.com\/es\/wp-content\/uploads\/sites\/12\/2017\/07\/521157_081-626x417.jpg 626w, https:\/\/graziamagazine.com\/es\/wp-content\/uploads\/sites\/12\/2017\/07\/521157_081-360x240.jpg 360w\" sizes=\"(max-width: 3189px) 100vw, 3189px\" \/><figcaption id=\"caption-attachment-117864\" class=\"wp-caption-text\">Y as\u00ed de contento posaba el actor en Cannes junto al reparto. \u00a1Como para no estarlo! \u00a9 Cordon Press<\/figcaption><\/figure>\n<p>Y si todo va bien, el 2018 podr\u00eda ser su a\u00f1o. \u00bfPor qu\u00e9 no este? Porque su agenda est\u00e1 llena de rodajes. Uno de ellos, y tal vez el m\u00e1s esperado, <em>The Trap<\/em>. Un thriller que <strong>le unir\u00e1 a dos titanes de la gran pantalla, Al Pacino y Benicio del Toro.<\/strong><\/p>\n<p>Parece incre\u00edble pero Robert ha conseguido salir en la foto, movi\u00e9ndose. La excepci\u00f3n que confirma la regla. Tenemos Pattinson para rato. Y, mientras, disfrutamos de sus posecitas en el desfile de Dior&#8230;<\/p>\n<figure id=\"attachment_117884\" aria-describedby=\"caption-attachment-117884\" style=\"width: 785px\" class=\"wp-caption aligncenter\"><img loading=\"lazy\" decoding=\"async\" class=\"size-full wp-image-117884\" src=\"https:\/\/graziamagazine.com\/es\/wp-content\/uploads\/sites\/12\/2017\/07\/robert-pattinson-ha-vuelto-05.jpg\" alt=\"\" width=\"785\" height=\"589\" srcset=\"https:\/\/graziamagazine.com\/es\/wp-content\/uploads\/sites\/12\/2017\/07\/robert-pattinson-ha-vuelto-05.jpg 785w, https:\/\/graziamagazine.com\/es\/wp-content\/uploads\/sites\/12\/2017\/07\/robert-pattinson-ha-vuelto-05-300x225.jpg 300w, https:\/\/graziamagazine.com\/es\/wp-content\/uploads\/sites\/12\/2017\/07\/robert-pattinson-ha-vuelto-05-768x576.jpg 768w, https:\/\/graziamagazine.com\/es\/wp-content\/uploads\/sites\/12\/2017\/07\/robert-pattinson-ha-vuelto-05-720x540.jpg 720w, https:\/\/graziamagazine.com\/es\/wp-content\/uploads\/sites\/12\/2017\/07\/robert-pattinson-ha-vuelto-05-626x470.jpg 626w, https:\/\/graziamagazine.com\/es\/wp-content\/uploads\/sites\/12\/2017\/07\/robert-pattinson-ha-vuelto-05-360x270.jpg 360w\" sizes=\"(max-width: 785px) 100vw, 785px\" \/><figcaption id=\"caption-attachment-117884\" class=\"wp-caption-text\">\u00a9 Getty Images<\/figcaption><\/figure>\n<figure id=\"attachment_117885\" aria-describedby=\"caption-attachment-117885\" style=\"width: 785px\" class=\"wp-caption aligncenter\"><img loading=\"lazy\" decoding=\"async\" class=\"size-full wp-image-117885\" src=\"https:\/\/graziamagazine.com\/es\/wp-content\/uploads\/sites\/12\/2017\/07\/robert-pattinson-ha-vuelto-06.jpg\" alt=\"\" width=\"785\" height=\"523\" srcset=\"https:\/\/graziamagazine.com\/es\/wp-content\/uploads\/sites\/12\/2017\/07\/robert-pattinson-ha-vuelto-06.jpg 785w, https:\/\/graziamagazine.com\/es\/wp-content\/uploads\/sites\/12\/2017\/07\/robert-pattinson-ha-vuelto-06-300x200.jpg 300w, https:\/\/graziamagazine.com\/es\/wp-content\/uploads\/sites\/12\/2017\/07\/robert-pattinson-ha-vuelto-06-768x512.jpg 768w, https:\/\/graziamagazine.com\/es\/wp-content\/uploads\/sites\/12\/2017\/07\/robert-pattinson-ha-vuelto-06-720x480.jpg 720w, https:\/\/graziamagazine.com\/es\/wp-content\/uploads\/sites\/12\/2017\/07\/robert-pattinson-ha-vuelto-06-626x417.jpg 626w, https:\/\/graziamagazine.com\/es\/wp-content\/uploads\/sites\/12\/2017\/07\/robert-pattinson-ha-vuelto-06-360x240.jpg 360w\" sizes=\"(max-width: 785px) 100vw, 785px\" \/><figcaption id=\"caption-attachment-117885\" class=\"wp-caption-text\">\u00a9 Getty Images<\/figcaption><\/figure>\n<figure id=\"attachment_117887\" aria-describedby=\"caption-attachment-117887\" style=\"width: 650px\" class=\"wp-caption aligncenter\"><img loading=\"lazy\" decoding=\"async\" class=\"size-full wp-image-117887\" src=\"https:\/\/graziamagazine.com\/es\/wp-content\/uploads\/sites\/12\/2017\/07\/robert-pattinson-ha-vuelto-08.jpg\" alt=\"\" width=\"650\" height=\"975\" srcset=\"https:\/\/graziamagazine.com\/es\/wp-content\/uploads\/sites\/12\/2017\/07\/robert-pattinson-ha-vuelto-08.jpg 650w, https:\/\/graziamagazine.com\/es\/wp-content\/uploads\/sites\/12\/2017\/07\/robert-pattinson-ha-vuelto-08-200x300.jpg 200w, https:\/\/graziamagazine.com\/es\/wp-content\/uploads\/sites\/12\/2017\/07\/robert-pattinson-ha-vuelto-08-151x227.jpg 151w, https:\/\/graziamagazine.com\/es\/wp-content\/uploads\/sites\/12\/2017\/07\/robert-pattinson-ha-vuelto-08-626x939.jpg 626w, https:\/\/graziamagazine.com\/es\/wp-content\/uploads\/sites\/12\/2017\/07\/robert-pattinson-ha-vuelto-08-157x236.jpg 157w, https:\/\/graziamagazine.com\/es\/wp-content\/uploads\/sites\/12\/2017\/07\/robert-pattinson-ha-vuelto-08-360x540.jpg 360w, https:\/\/graziamagazine.com\/es\/wp-content\/uploads\/sites\/12\/2017\/07\/robert-pattinson-ha-vuelto-08-298x448.jpg 298w, https:\/\/graziamagazine.com\/es\/wp-content\/uploads\/sites\/12\/2017\/07\/robert-pattinson-ha-vuelto-08-128x192.jpg 128w, https:\/\/graziamagazine.com\/es\/wp-content\/uploads\/sites\/12\/2017\/07\/robert-pattinson-ha-vuelto-08-364x546.jpg 364w, https:\/\/graziamagazine.com\/es\/wp-content\/uploads\/sites\/12\/2017\/07\/robert-pattinson-ha-vuelto-08-220x330.jpg 220w\" sizes=\"(max-width: 650px) 100vw, 650px\" \/><figcaption id=\"caption-attachment-117887\" class=\"wp-caption-text\">\u00a9 Getty Images<\/figcaption><\/figure>\n<p><iframe loading=\"lazy\" style=\"border: none; overflow: hidden; height: 258px;\" src=\"\/\/www.facebook.com\/plugins\/likebox.php?href=https%3A%2F%2Fwww.facebook.com%2Fgraziaespana&amp;width&amp;height=258&amp;colorscheme=light&amp;show_faces=true&amp;header=false&amp;stream=false&amp;show_border=false&amp;appId=349017955267591\" width=\"300\" height=\"150\" frameborder=\"0\" scrolling=\"no\"><\/iframe><\/p>\n","protected":false},"author":13931,"featured_media":0,"template":"","format":"standard","categories":[14,13],"acf":[],"yoast_head":"<!-- This site is optimized with the Yoast SEO Premium plugin v18.5 (Yoast SEO v20.4) - https:\/\/yoast.com\/wordpress\/plugins\/seo\/ -->\n<title>Edward Cullen ha vuelto (perd\u00f3n, Robert Pattinson) | Grazia<\/title>\n<meta name=\"description\" content=\"Robert Pattinson ha vuelto, pero tranquilas, que ya no quiere morder cuellos. Se ha dejado ver en el desfile de Dior derrochando madurez y elegancia.\" \/>\n<meta name=\"robots\" content=\"index, follow, max-snippet:-1, max-image-preview:large, max-video-preview:-1\" \/>\n<link rel=\"canonical\" href=\"https:\/\/graziamagazine.com\/es\/articles\/robert-pattinson-ha-vuelto-para-dior\/\" \/>\n<meta property=\"og:locale\" content=\"es_ES\" \/>\n<meta property=\"og:type\" content=\"article\" \/>\n<meta property=\"og:title\" content=\"Edward Cullen ha vuelto (perd\u00f3n, Robert Pattinson)\" \/>\n<meta property=\"og:description\" content=\"Pero tranquilidad, que ya no quiere morder cuellos. El actor se ha dejado ver en el desfile de Dior derrochando madurez y elegancia.\" \/>\n<meta property=\"og:url\" content=\"https:\/\/graziamagazine.com\/es\/articles\/robert-pattinson-ha-vuelto-para-dior\/\" \/>\n<meta property=\"og:site_name\" content=\"Grazia\" \/>\n<meta property=\"article:modified_time\" content=\"2017-07-04T11:10:44+00:00\" \/>\n<meta property=\"og:image\" content=\"https:\/\/graziamagazine.com\/es\/wp-content\/uploads\/sites\/12\/2017\/07\/04125913\/robert-pattinson-ha-vuelto-01.jpg?fit=785%2C480\" \/>\n\t<meta property=\"og:image:width\" content=\"785\" \/>\n\t<meta property=\"og:image:height\" content=\"480\" \/>\n\t<meta property=\"og:image:type\" content=\"image\/jpeg\" \/>\n<meta name=\"twitter:card\" content=\"summary_large_image\" \/>\n<meta name=\"twitter:title\" content=\"Edward Cullen ha vuelto (perd\u00f3n, Robert Pattinson)\" \/>\n<meta name=\"twitter:description\" content=\"Pero tranquilidad, que ya no quiere morder cuellos. El actor se ha dejado ver en el desfile de Dior derrochando madurez y elegancia.\" \/>\n<meta name=\"twitter:image\" content=\"http:\/\/s3-eu-west-1.amazonaws.com\/grazia-cdn\/wp-content\/uploads\/sites\/12\/2017\/07\/04125913\/robert-pattinson-ha-vuelto-01.jpg\" \/>\n<meta name=\"twitter:label1\" content=\"Est. reading time\" \/>\n\t<meta name=\"twitter:data1\" content=\"3 minutos\" \/>\n<script type=\"application\/ld+json\" class=\"yoast-schema-graph\">{\"@context\":\"https:\/\/schema.org\",\"@graph\":[{\"@type\":\"WebPage\",\"@id\":\"https:\/\/graziamagazine.com\/es\/articles\/robert-pattinson-ha-vuelto-para-dior\/\",\"url\":\"https:\/\/graziamagazine.com\/es\/articles\/robert-pattinson-ha-vuelto-para-dior\/\",\"name\":\"Edward Cullen ha vuelto (perd\u00f3n, Robert Pattinson) | Grazia\",\"isPartOf\":{\"@id\":\"https:\/\/graziamagazine.com\/es\/#website\"},\"datePublished\":\"2017-07-04T11:10:43+00:00\",\"dateModified\":\"2017-07-04T11:10:44+00:00\",\"description\":\"Robert Pattinson ha vuelto, pero tranquilas, que ya no quiere morder cuellos. Se ha dejado ver en el desfile de Dior derrochando madurez y elegancia.\",\"breadcrumb\":{\"@id\":\"https:\/\/graziamagazine.com\/es\/articles\/robert-pattinson-ha-vuelto-para-dior\/#breadcrumb\"},\"inLanguage\":\"es\",\"potentialAction\":[{\"@type\":\"ReadAction\",\"target\":[\"https:\/\/graziamagazine.com\/es\/articles\/robert-pattinson-ha-vuelto-para-dior\/\"]}]},{\"@type\":\"BreadcrumbList\",\"@id\":\"https:\/\/graziamagazine.com\/es\/articles\/robert-pattinson-ha-vuelto-para-dior\/#breadcrumb\",\"itemListElement\":[{\"@type\":\"ListItem\",\"position\":1,\"name\":\"Portada\",\"item\":\"https:\/\/graziamagazine.com\/es\/\"},{\"@type\":\"ListItem\",\"position\":2,\"name\":\"Edward Cullen ha vuelto (perd\u00f3n, Robert Pattinson)\"}]},{\"@type\":\"WebSite\",\"@id\":\"https:\/\/graziamagazine.com\/es\/#website\",\"url\":\"https:\/\/graziamagazine.com\/es\/\",\"name\":\"Grazia\",\"description\":\"Moda, belleza, celebrities, estilo de vida...\",\"potentialAction\":[{\"@type\":\"SearchAction\",\"target\":{\"@type\":\"EntryPoint\",\"urlTemplate\":\"https:\/\/graziamagazine.com\/es\/?s={search_term_string}\"},\"query-input\":\"required name=search_term_string\"}],\"inLanguage\":\"es\"}]}<\/script>\n<!-- \/ Yoast SEO Premium plugin. -->","yoast_head_json":{"title":"Edward Cullen ha vuelto (perd\u00f3n, Robert Pattinson) | Grazia","description":"Robert Pattinson ha vuelto, pero tranquilas, que ya no quiere morder cuellos. Se ha dejado ver en el desfile de Dior derrochando madurez y elegancia.","robots":{"index":"index","follow":"follow","max-snippet":"max-snippet:-1","max-image-preview":"max-image-preview:large","max-video-preview":"max-video-preview:-1"},"canonical":"https:\/\/graziamagazine.com\/es\/articles\/robert-pattinson-ha-vuelto-para-dior\/","og_locale":"es_ES","og_type":"article","og_title":"Edward Cullen ha vuelto (perd\u00f3n, Robert Pattinson)","og_description":"Pero tranquilidad, que ya no quiere morder cuellos. El actor se ha dejado ver en el desfile de Dior derrochando madurez y elegancia.","og_url":"https:\/\/graziamagazine.com\/es\/articles\/robert-pattinson-ha-vuelto-para-dior\/","og_site_name":"Grazia","article_modified_time":"2017-07-04T11:10:44+00:00","og_image":[{"width":785,"height":480,"url":"https:\/\/graziamagazine.com\/es\/wp-content\/uploads\/sites\/12\/2017\/07\/04125913\/robert-pattinson-ha-vuelto-01.jpg?fit=785%2C480","type":"image\/jpeg"}],"twitter_card":"summary_large_image","twitter_title":"Edward Cullen ha vuelto (perd\u00f3n, Robert Pattinson)","twitter_description":"Pero tranquilidad, que ya no quiere morder cuellos. El actor se ha dejado ver en el desfile de Dior derrochando madurez y elegancia.","twitter_image":"http:\/\/s3-eu-west-1.amazonaws.com\/grazia-cdn\/wp-content\/uploads\/sites\/12\/2017\/07\/04125913\/robert-pattinson-ha-vuelto-01.jpg","twitter_misc":{"Est. reading time":"3 minutos"},"schema":{"@context":"https:\/\/schema.org","@graph":[{"@type":"WebPage","@id":"https:\/\/graziamagazine.com\/es\/articles\/robert-pattinson-ha-vuelto-para-dior\/","url":"https:\/\/graziamagazine.com\/es\/articles\/robert-pattinson-ha-vuelto-para-dior\/","name":"Edward Cullen ha vuelto (perd\u00f3n, Robert Pattinson) | Grazia","isPartOf":{"@id":"https:\/\/graziamagazine.com\/es\/#website"},"datePublished":"2017-07-04T11:10:43+00:00","dateModified":"2017-07-04T11:10:44+00:00","description":"Robert Pattinson ha vuelto, pero tranquilas, que ya no quiere morder cuellos. Se ha dejado ver en el desfile de Dior derrochando madurez y elegancia.","breadcrumb":{"@id":"https:\/\/graziamagazine.com\/es\/articles\/robert-pattinson-ha-vuelto-para-dior\/#breadcrumb"},"inLanguage":"es","potentialAction":[{"@type":"ReadAction","target":["https:\/\/graziamagazine.com\/es\/articles\/robert-pattinson-ha-vuelto-para-dior\/"]}]},{"@type":"BreadcrumbList","@id":"https:\/\/graziamagazine.com\/es\/articles\/robert-pattinson-ha-vuelto-para-dior\/#breadcrumb","itemListElement":[{"@type":"ListItem","position":1,"name":"Portada","item":"https:\/\/graziamagazine.com\/es\/"},{"@type":"ListItem","position":2,"name":"Edward Cullen ha vuelto (perd\u00f3n, Robert Pattinson)"}]},{"@type":"WebSite","@id":"https:\/\/graziamagazine.com\/es\/#website","url":"https:\/\/graziamagazine.com\/es\/","name":"Grazia","description":"Moda, belleza, celebrities, estilo de vida...","potentialAction":[{"@type":"SearchAction","target":{"@type":"EntryPoint","urlTemplate":"https:\/\/graziamagazine.com\/es\/?s={search_term_string}"},"query-input":"required name=search_term_string"}],"inLanguage":"es"}]}},"jetpack_sharing_enabled":true,"distributor_meta":false,"distributor_terms":false,"distributor_media":false,"distributor_original_site_name":"Grazia","distributor_original_site_url":"https:\/\/graziamagazine.com\/es","push-errors":false,"_links":{"self":[{"href":"https:\/\/graziamagazine.com\/es\/wp-json\/wp\/v2\/articles\/117859"}],"collection":[{"href":"https:\/\/graziamagazine.com\/es\/wp-json\/wp\/v2\/articles"}],"about":[{"href":"https:\/\/graziamagazine.com\/es\/wp-json\/wp\/v2\/types\/articles"}],"author":[{"embeddable":true,"href":"https:\/\/graziamagazine.com\/es\/wp-json\/wp\/v2\/users\/13931"}],"wp:attachment":[{"href":"https:\/\/graziamagazine.com\/es\/wp-json\/wp\/v2\/media?parent=117859"}],"wp:term":[{"taxonomy":"category","embeddable":true,"href":"https:\/\/graziamagazine.com\/es\/wp-json\/wp\/v2\/categories?post=117859"}],"curies":[{"name":"wp","href":"https:\/\/api.w.org\/{rel}","templated":true}]}}