{"id":11734,"date":"2015-01-06T13:56:03","date_gmt":"2015-01-06T12:56:03","guid":{"rendered":"https:\/\/graziamagazine.com\/es\/?p=11734"},"modified":"2015-05-01T02:22:57","modified_gmt":"2015-05-01T00:22:57","slug":"la-boda-secreta-de-cameron-diaz","status":"publish","type":"articles","link":"https:\/\/graziamagazine.com\/es\/articles\/la-boda-secreta-de-cameron-diaz\/","title":{"rendered":"La boda (secreta) de Cameron Diaz"},"content":{"rendered":"<p>Llevaban juntos menos de un a\u00f1o y <a href=\"https:\/\/graziamagazine.com\/es\/celebs\/actualidad\/2015-01-02\/charlize-theron-y-sean-penn-y-otras-bodas-para-el-2015\" target=\"_blank\">se prometieron el d\u00eda de Navidad.<\/a> Lo que no esper\u00e1bamos es que la pareja fuese a contraer matrimonio tan r\u00e1pido y casi por sorpresa. <strong>Sucedi\u00f3 la noche del lunes, en el jard\u00edn de la casa que Cameron tiene en Beverly Hills,<\/strong> seg\u00fan confirmaba un representante de la pareja a la revista <a href=\"http:\/\/www.people.com\/article\/cameron-diaz-marries-benji-madden\" target=\"_blank\" target=\"_blank\">People<\/a>: \u00abNo podemos estar m\u00e1s felices de empezar este nuevo viaje, rodeados por nuestra familia y amigos m\u00e1s cercanos\u00bb.<\/p>\n<figure id=\"attachment_11735\" aria-describedby=\"caption-attachment-11735\" style=\"width: 720px\" class=\"wp-caption aligncenter\"><img loading=\"lazy\" decoding=\"async\" class=\"wp-image-11735 size-full\" src=\"https:\/\/graziamagazine.com\/es\/wp-content\/uploads\/sites\/12\/2015\/01\/1_labodasecretadecamerondiaz.jpg\" alt=\"Benji y Cameron este verano, en una de las pocas instant\u00e1neas de la pareja junta.  \u00a9 Cordon Press\" width=\"720\" height=\"1080\" srcset=\"https:\/\/graziamagazine.com\/es\/wp-content\/uploads\/sites\/12\/2015\/01\/1_labodasecretadecamerondiaz.jpg 720w, https:\/\/graziamagazine.com\/es\/wp-content\/uploads\/sites\/12\/2015\/01\/1_labodasecretadecamerondiaz-200x300.jpg 200w, https:\/\/graziamagazine.com\/es\/wp-content\/uploads\/sites\/12\/2015\/01\/1_labodasecretadecamerondiaz-683x1024.jpg 683w, https:\/\/graziamagazine.com\/es\/wp-content\/uploads\/sites\/12\/2015\/01\/1_labodasecretadecamerondiaz-151x227.jpg 151w, https:\/\/graziamagazine.com\/es\/wp-content\/uploads\/sites\/12\/2015\/01\/1_labodasecretadecamerondiaz-626x939.jpg 626w, https:\/\/graziamagazine.com\/es\/wp-content\/uploads\/sites\/12\/2015\/01\/1_labodasecretadecamerondiaz-157x236.jpg 157w, https:\/\/graziamagazine.com\/es\/wp-content\/uploads\/sites\/12\/2015\/01\/1_labodasecretadecamerondiaz-360x540.jpg 360w, https:\/\/graziamagazine.com\/es\/wp-content\/uploads\/sites\/12\/2015\/01\/1_labodasecretadecamerondiaz-298x448.jpg 298w, https:\/\/graziamagazine.com\/es\/wp-content\/uploads\/sites\/12\/2015\/01\/1_labodasecretadecamerondiaz-128x192.jpg 128w, https:\/\/graziamagazine.com\/es\/wp-content\/uploads\/sites\/12\/2015\/01\/1_labodasecretadecamerondiaz-364x546.jpg 364w, https:\/\/graziamagazine.com\/es\/wp-content\/uploads\/sites\/12\/2015\/01\/1_labodasecretadecamerondiaz-220x330.jpg 220w\" sizes=\"(max-width: 720px) 100vw, 720px\" \/><figcaption id=\"caption-attachment-11735\" class=\"wp-caption-text\">Benji y Cameron este verano, en una de las pocas instant\u00e1neas de la pareja junta. \u00a9 Cordon Press<\/figcaption><\/figure>\n<p>Una boda sorpresa, pero una boda Hollywoodiense al fin y al cabo, en la que nada qued\u00f3 al azar. El pasado domingo <strong>Cameron Diaz<\/strong> y <strong>Benji Madden<\/strong> hicieron su ensayo acompa\u00f1ados por algunos amigos y familiares en el restaurante <em>Il Cielo,<\/em> en Los \u00c1ngeles. En una mesa decorada con flores, p\u00e9talos de rosa y velas ultimaron detalles para su gran d\u00eda, tal y como recog\u00eda un testigo.<\/p>\n<p>De que todo saliera a la perfecci\u00f3n con solo diez d\u00edas de maniobra se encargaron Yifat Oren y Stefanie Cove, prestigiosos organizadores de bodas, de los m\u00e1s solicitados en la Costa Oeste. Entre otras, ellos fueron los <strong>encargados de preparar las bodas de Natalie Portman, Reese Witherspoon, Anne Hathaway o de Drew Barrymore en 2012. <\/strong><\/p>\n<p>Y probablemente fuera <strong>Drew, mejor amiga de Cameron<\/strong>, la que se los recomend\u00f3. Ella fue dama de honor, as\u00ed como <strong>Nicole Richie<\/strong> (la casamentera que present\u00f3 a la pareja y esposa de Joel, hermano gemelo del novio), su hermana Chimene y Jesse Lutz, su asistente.<\/p>\n<p>De parte del novio, <strong>como testigo cont\u00f3 con su hermano Joel y con el hijo que este tiene con Nicole Richie, Sparrow, encargado de llevar los anillos.<\/strong> Todos acudieron a la gran carpa blanca que se instal\u00f3 en el jard\u00edn de Cameron. \u00bfPara decorarla? Flores blancas y velas que hicieron las delicias de los 90 invitados (entre los que <strong>no faltaron Reese Witherspoon o Gwyneth Paltrow, que el mapa de Hollywood es un pa\u00f1uelo).<\/strong><\/p>\n<p>Para que no se armase mucho revuelo, se encargaron de mentir a sus vecinos (una mentira piadosa, eso s\u00ed) diciendo que todo era una fiesta pre-Globos de Oro que celebraba Diaz. Cosas del mundillo, que a todos les pareci\u00f3 normal.<\/p>\n<figure id=\"attachment_11736\" aria-describedby=\"caption-attachment-11736\" style=\"width: 700px\" class=\"wp-caption aligncenter\"><img loading=\"lazy\" decoding=\"async\" class=\"wp-image-11736 size-full\" src=\"https:\/\/graziamagazine.com\/es\/wp-content\/uploads\/sites\/12\/2015\/01\/2_labodasecretadecamerondiaz.jpg\" alt=\"\u00a1Enhorabuena!  \u00a9 Cordon Press\" width=\"700\" height=\"700\" srcset=\"https:\/\/graziamagazine.com\/es\/wp-content\/uploads\/sites\/12\/2015\/01\/2_labodasecretadecamerondiaz.jpg 700w, https:\/\/graziamagazine.com\/es\/wp-content\/uploads\/sites\/12\/2015\/01\/2_labodasecretadecamerondiaz-150x150.jpg 150w, https:\/\/graziamagazine.com\/es\/wp-content\/uploads\/sites\/12\/2015\/01\/2_labodasecretadecamerondiaz-300x300.jpg 300w, https:\/\/graziamagazine.com\/es\/wp-content\/uploads\/sites\/12\/2015\/01\/2_labodasecretadecamerondiaz-626x626.jpg 626w, https:\/\/graziamagazine.com\/es\/wp-content\/uploads\/sites\/12\/2015\/01\/2_labodasecretadecamerondiaz-360x360.jpg 360w\" sizes=\"(max-width: 700px) 100vw, 700px\" \/><figcaption id=\"caption-attachment-11736\" class=\"wp-caption-text\">\u00a1Enhorabuena! \u00a9 Cordon Press<\/figcaption><\/figure>\n<p>Cameron Diaz, una de las \u00faltimas solteras de oro, dec\u00eda as\u00ed adi\u00f3s a su larga trayectoria de &#8216;novia de&#8217; una larga lista <strong>(Justin Timberlake, Jared Leto, Matt Dillon&#8230;)<\/strong> de hombres que no consegu\u00eda hacerla pasar por el altar. Finalmente se ha quedado con el chico malo, con Benji Madden, siete a\u00f1os menor y al que conoc\u00eda el pasado mes de mayo. El amor&#8230; \u00a1Enhorabuena!<\/p>\n","protected":false},"author":24470,"featured_media":0,"template":"","format":"standard","categories":[14,13],"acf":[],"yoast_head":"<!-- This site is optimized with the Yoast SEO Premium plugin v18.5 (Yoast SEO v20.4) - https:\/\/yoast.com\/wordpress\/plugins\/seo\/ -->\n<title>La boda (secreta) de Cameron Diaz | Grazia<\/title>\n<meta name=\"description\" content=\"La boda (secreta) de Cameron Diaz\" \/>\n<meta name=\"robots\" content=\"index, follow, max-snippet:-1, max-image-preview:large, max-video-preview:-1\" \/>\n<link rel=\"canonical\" href=\"https:\/\/graziamagazine.com\/es\/articles\/la-boda-secreta-de-cameron-diaz\/\" \/>\n<meta property=\"og:locale\" content=\"es_ES\" \/>\n<meta property=\"og:type\" content=\"article\" \/>\n<meta property=\"og:title\" content=\"La boda (secreta) de Cameron Diaz\" \/>\n<meta property=\"og:description\" content=\"La boda (secreta) de Cameron Diaz\" \/>\n<meta property=\"og:url\" content=\"https:\/\/graziamagazine.com\/es\/articles\/la-boda-secreta-de-cameron-diaz\/\" \/>\n<meta property=\"og:site_name\" content=\"Grazia\" \/>\n<meta property=\"article:modified_time\" content=\"2015-05-01T00:22:57+00:00\" \/>\n<meta property=\"og:image\" content=\"https:\/\/graziamagazine.com\/es\/wp-content\/uploads\/sites\/12\/2015\/01\/1_labodasecretadecamerondiaz.jpg\" \/>\n<meta name=\"twitter:card\" content=\"summary_large_image\" \/>\n<meta name=\"twitter:label1\" content=\"Est. reading time\" \/>\n\t<meta name=\"twitter:data1\" content=\"2 minutos\" \/>\n<script type=\"application\/ld+json\" class=\"yoast-schema-graph\">{\"@context\":\"https:\/\/schema.org\",\"@graph\":[{\"@type\":\"WebPage\",\"@id\":\"https:\/\/graziamagazine.com\/es\/articles\/la-boda-secreta-de-cameron-diaz\/\",\"url\":\"https:\/\/graziamagazine.com\/es\/articles\/la-boda-secreta-de-cameron-diaz\/\",\"name\":\"La boda (secreta) de Cameron Diaz | Grazia\",\"isPartOf\":{\"@id\":\"https:\/\/graziamagazine.com\/es\/#website\"},\"datePublished\":\"2015-01-06T12:56:03+00:00\",\"dateModified\":\"2015-05-01T00:22:57+00:00\",\"description\":\"La boda (secreta) de Cameron Diaz\",\"breadcrumb\":{\"@id\":\"https:\/\/graziamagazine.com\/es\/articles\/la-boda-secreta-de-cameron-diaz\/#breadcrumb\"},\"inLanguage\":\"es\",\"potentialAction\":[{\"@type\":\"ReadAction\",\"target\":[\"https:\/\/graziamagazine.com\/es\/articles\/la-boda-secreta-de-cameron-diaz\/\"]}]},{\"@type\":\"BreadcrumbList\",\"@id\":\"https:\/\/graziamagazine.com\/es\/articles\/la-boda-secreta-de-cameron-diaz\/#breadcrumb\",\"itemListElement\":[{\"@type\":\"ListItem\",\"position\":1,\"name\":\"Portada\",\"item\":\"https:\/\/graziamagazine.com\/es\/\"},{\"@type\":\"ListItem\",\"position\":2,\"name\":\"La boda (secreta) de Cameron Diaz\"}]},{\"@type\":\"WebSite\",\"@id\":\"https:\/\/graziamagazine.com\/es\/#website\",\"url\":\"https:\/\/graziamagazine.com\/es\/\",\"name\":\"Grazia\",\"description\":\"Moda, belleza, celebrities, estilo de vida...\",\"potentialAction\":[{\"@type\":\"SearchAction\",\"target\":{\"@type\":\"EntryPoint\",\"urlTemplate\":\"https:\/\/graziamagazine.com\/es\/?s={search_term_string}\"},\"query-input\":\"required name=search_term_string\"}],\"inLanguage\":\"es\"}]}<\/script>\n<!-- \/ Yoast SEO Premium plugin. -->","yoast_head_json":{"title":"La boda (secreta) de Cameron Diaz | Grazia","description":"La boda (secreta) de Cameron Diaz","robots":{"index":"index","follow":"follow","max-snippet":"max-snippet:-1","max-image-preview":"max-image-preview:large","max-video-preview":"max-video-preview:-1"},"canonical":"https:\/\/graziamagazine.com\/es\/articles\/la-boda-secreta-de-cameron-diaz\/","og_locale":"es_ES","og_type":"article","og_title":"La boda (secreta) de Cameron Diaz","og_description":"La boda (secreta) de Cameron Diaz","og_url":"https:\/\/graziamagazine.com\/es\/articles\/la-boda-secreta-de-cameron-diaz\/","og_site_name":"Grazia","article_modified_time":"2015-05-01T00:22:57+00:00","og_image":[{"url":"https:\/\/graziamagazine.com\/es\/wp-content\/uploads\/sites\/12\/2015\/01\/1_labodasecretadecamerondiaz.jpg"}],"twitter_card":"summary_large_image","twitter_misc":{"Est. reading time":"2 minutos"},"schema":{"@context":"https:\/\/schema.org","@graph":[{"@type":"WebPage","@id":"https:\/\/graziamagazine.com\/es\/articles\/la-boda-secreta-de-cameron-diaz\/","url":"https:\/\/graziamagazine.com\/es\/articles\/la-boda-secreta-de-cameron-diaz\/","name":"La boda (secreta) de Cameron Diaz | Grazia","isPartOf":{"@id":"https:\/\/graziamagazine.com\/es\/#website"},"datePublished":"2015-01-06T12:56:03+00:00","dateModified":"2015-05-01T00:22:57+00:00","description":"La boda (secreta) de Cameron Diaz","breadcrumb":{"@id":"https:\/\/graziamagazine.com\/es\/articles\/la-boda-secreta-de-cameron-diaz\/#breadcrumb"},"inLanguage":"es","potentialAction":[{"@type":"ReadAction","target":["https:\/\/graziamagazine.com\/es\/articles\/la-boda-secreta-de-cameron-diaz\/"]}]},{"@type":"BreadcrumbList","@id":"https:\/\/graziamagazine.com\/es\/articles\/la-boda-secreta-de-cameron-diaz\/#breadcrumb","itemListElement":[{"@type":"ListItem","position":1,"name":"Portada","item":"https:\/\/graziamagazine.com\/es\/"},{"@type":"ListItem","position":2,"name":"La boda (secreta) de Cameron Diaz"}]},{"@type":"WebSite","@id":"https:\/\/graziamagazine.com\/es\/#website","url":"https:\/\/graziamagazine.com\/es\/","name":"Grazia","description":"Moda, belleza, celebrities, estilo de vida...","potentialAction":[{"@type":"SearchAction","target":{"@type":"EntryPoint","urlTemplate":"https:\/\/graziamagazine.com\/es\/?s={search_term_string}"},"query-input":"required name=search_term_string"}],"inLanguage":"es"}]}},"jetpack_sharing_enabled":true,"distributor_meta":false,"distributor_terms":false,"distributor_media":false,"distributor_original_site_name":"Grazia","distributor_original_site_url":"https:\/\/graziamagazine.com\/es","push-errors":false,"_links":{"self":[{"href":"https:\/\/graziamagazine.com\/es\/wp-json\/wp\/v2\/articles\/11734"}],"collection":[{"href":"https:\/\/graziamagazine.com\/es\/wp-json\/wp\/v2\/articles"}],"about":[{"href":"https:\/\/graziamagazine.com\/es\/wp-json\/wp\/v2\/types\/articles"}],"author":[{"embeddable":true,"href":"https:\/\/graziamagazine.com\/es\/wp-json\/wp\/v2\/users\/24470"}],"wp:attachment":[{"href":"https:\/\/graziamagazine.com\/es\/wp-json\/wp\/v2\/media?parent=11734"}],"wp:term":[{"taxonomy":"category","embeddable":true,"href":"https:\/\/graziamagazine.com\/es\/wp-json\/wp\/v2\/categories?post=11734"}],"curies":[{"name":"wp","href":"https:\/\/api.w.org\/{rel}","templated":true}]}}