{"id":11704,"date":"2015-01-07T13:18:15","date_gmt":"2015-01-07T12:18:15","guid":{"rendered":"https:\/\/graziamagazine.com\/es\/?p=11704"},"modified":"2015-04-29T18:45:16","modified_gmt":"2015-04-29T16:45:16","slug":"asi-canta-alexa-chung","status":"publish","type":"articles","link":"https:\/\/graziamagazine.com\/es\/articles\/asi-canta-alexa-chung\/","title":{"rendered":"As\u00ed canta Alexa Chung"},"content":{"rendered":"<p>Uno de los primeros regalos del a\u00f1o acaba de salir del horno. Hace unos meses nos enteramos, a trav\u00e9s de s<a href=\"http:\/\/instagram.com\/chungalexa\" target=\"_blank\" target=\"_blank\">u cuenta de Instagram<\/a>, de que <strong>Alexa<\/strong> estaba tramando algo con la firma especializada en denim <strong>AG Jeans<\/strong>. \u00bfPod\u00eda haber algo mejor que una colecci\u00f3n de piezas dise\u00f1adas por nuestra siempre querida y adorada <strong>Chung<\/strong>?<\/p>\n<figure id=\"attachment_11707\" aria-describedby=\"caption-attachment-11707\" style=\"width: 785px\" class=\"wp-caption aligncenter\"><img loading=\"lazy\" decoding=\"async\" class=\"wp-image-11707 size-full\" src=\"https:\/\/graziamagazine.com\/es\/wp-content\/uploads\/sites\/12\/2015\/01\/art1_elvideoclipdealexachung.jpg\" alt=\"Alexa con uno de los vestidos denim para AG Jeans.  \u00a9 Nick Hudson para MyTheresa.com.\" width=\"785\" height=\"480\" srcset=\"https:\/\/graziamagazine.com\/es\/wp-content\/uploads\/sites\/12\/2015\/01\/art1_elvideoclipdealexachung.jpg 785w, https:\/\/graziamagazine.com\/es\/wp-content\/uploads\/sites\/12\/2015\/01\/art1_elvideoclipdealexachung-300x183.jpg 300w, https:\/\/graziamagazine.com\/es\/wp-content\/uploads\/sites\/12\/2015\/01\/art1_elvideoclipdealexachung-695x425.jpg 695w, https:\/\/graziamagazine.com\/es\/wp-content\/uploads\/sites\/12\/2015\/01\/art1_elvideoclipdealexachung-720x440.jpg 720w, https:\/\/graziamagazine.com\/es\/wp-content\/uploads\/sites\/12\/2015\/01\/art1_elvideoclipdealexachung-626x383.jpg 626w, https:\/\/graziamagazine.com\/es\/wp-content\/uploads\/sites\/12\/2015\/01\/art1_elvideoclipdealexachung-360x220.jpg 360w\" sizes=\"(max-width: 785px) 100vw, 785px\" \/><figcaption id=\"caption-attachment-11707\" class=\"wp-caption-text\">Alexa con uno de los vestidos denim para AG Jeans. \u00a9 Nick Hudson para MyTheresa.com.<\/figcaption><\/figure>\n<p>La respuesta es s\u00ed. A esta noticia (y a nuestro deseo por todas y cada una de esas prendas) se une un videoclip en el que la brit\u00e1nica se lanza a cantar en un karaoke frente a la c\u00e1mara. Esta joyita es la que ha lanzado hoy mismo la web <a href=\"http:\/\/www.mytheresa.com\/en-de\/alexa_chung_for_ag?block=3\" target=\"_blank\" target=\"_blank\"><strong>MyTheresa.com<\/strong><\/a><strong>,<\/strong> <strong>un v\u00eddeo exclusivo protagonizado por la <em>it girl<\/em> y dirigido por<\/strong> <strong>Gia Coppola<\/strong> para promocionar su primera colecci\u00f3n denim (que, por supuesto, estar\u00e1 a la venta en la plataforma online a partir del 15 de enero). La brit\u00e1nica y la peque\u00f1a de las <strong>Coppola<\/strong> juntas, ic\u00f3nico por partida doble.<\/p>\n<p>El v\u00eddeo fue grabado en la casa de Hollywood Hills de la directora y la canci\u00f3n que interpreta <strong>Alexa<\/strong> es una cover de <em>Blue Denim<\/em> (s\u00ed, le viene al pelo), tema orginal de de <strong>Stevie Nick.<\/strong> Ahora, no podemos dejar de escucharla, de ver el v\u00eddeo y de imaginarnos (irremediablemente) en un karaoke junto a ella y todas sus <em>amiguinchis-it<\/em> (Poppy, Daisy, Harley Viera\u2026) cant\u00e1ndola a voz en grito como si no hubiera un ma\u00f1ana&#8230; Y vistiendo, por supuesto, una de sus piezas para la firma de Los Angeles <span style=\"text-decoration: line-through;\">que ojal\u00e1 hubiesen llegado un mes antes para incluirla en nuestra carta a los RR.MM.<\/span><\/p>\n<p>\u00a1Dentro v\u00eddeo!<\/p>\n<p><iframe loading=\"lazy\" src=\"http:\/\/www.youtube.com\/embed\/nSYUpIxxA8g\" width=\"640\" height=\"360\" frameborder=\"0\"><\/iframe><\/p>\n","protected":false},"author":14080,"featured_media":0,"template":"","format":"standard","categories":[3,1],"acf":[],"yoast_head":"<!-- This site is optimized with the Yoast SEO Premium plugin v18.5 (Yoast SEO v20.4) - https:\/\/yoast.com\/wordpress\/plugins\/seo\/ -->\n<title>As\u00ed canta Alexa Chung | Grazia<\/title>\n<meta name=\"description\" content=\"Justin Bieber para Calvin Klein Jeans\" \/>\n<meta name=\"robots\" content=\"index, follow, max-snippet:-1, max-image-preview:large, max-video-preview:-1\" \/>\n<link rel=\"canonical\" href=\"https:\/\/graziamagazine.com\/es\/articles\/asi-canta-alexa-chung\/\" \/>\n<meta property=\"og:locale\" content=\"es_ES\" \/>\n<meta property=\"og:type\" content=\"article\" \/>\n<meta property=\"og:title\" content=\"As\u00ed canta Alexa Chung\" \/>\n<meta property=\"og:description\" content=\"Justin Bieber para Calvin Klein Jeans\" \/>\n<meta property=\"og:url\" content=\"https:\/\/graziamagazine.com\/es\/articles\/asi-canta-alexa-chung\/\" \/>\n<meta property=\"og:site_name\" content=\"Grazia\" \/>\n<meta property=\"article:modified_time\" content=\"2015-04-29T16:45:16+00:00\" \/>\n<meta property=\"og:image\" content=\"https:\/\/graziamagazine.com\/es\/wp-content\/uploads\/sites\/12\/2015\/01\/art1_elvideoclipdealexachung.jpg\" \/>\n<meta name=\"twitter:card\" content=\"summary_large_image\" \/>\n<meta name=\"twitter:label1\" content=\"Est. reading time\" \/>\n\t<meta name=\"twitter:data1\" content=\"2 minutos\" \/>\n<script type=\"application\/ld+json\" class=\"yoast-schema-graph\">{\"@context\":\"https:\/\/schema.org\",\"@graph\":[{\"@type\":\"WebPage\",\"@id\":\"https:\/\/graziamagazine.com\/es\/articles\/asi-canta-alexa-chung\/\",\"url\":\"https:\/\/graziamagazine.com\/es\/articles\/asi-canta-alexa-chung\/\",\"name\":\"As\u00ed canta Alexa Chung | Grazia\",\"isPartOf\":{\"@id\":\"https:\/\/graziamagazine.com\/es\/#website\"},\"datePublished\":\"2015-01-07T12:18:15+00:00\",\"dateModified\":\"2015-04-29T16:45:16+00:00\",\"description\":\"Justin Bieber para Calvin Klein Jeans\",\"breadcrumb\":{\"@id\":\"https:\/\/graziamagazine.com\/es\/articles\/asi-canta-alexa-chung\/#breadcrumb\"},\"inLanguage\":\"es\",\"potentialAction\":[{\"@type\":\"ReadAction\",\"target\":[\"https:\/\/graziamagazine.com\/es\/articles\/asi-canta-alexa-chung\/\"]}]},{\"@type\":\"BreadcrumbList\",\"@id\":\"https:\/\/graziamagazine.com\/es\/articles\/asi-canta-alexa-chung\/#breadcrumb\",\"itemListElement\":[{\"@type\":\"ListItem\",\"position\":1,\"name\":\"Portada\",\"item\":\"https:\/\/graziamagazine.com\/es\/\"},{\"@type\":\"ListItem\",\"position\":2,\"name\":\"As\u00ed canta Alexa Chung\"}]},{\"@type\":\"WebSite\",\"@id\":\"https:\/\/graziamagazine.com\/es\/#website\",\"url\":\"https:\/\/graziamagazine.com\/es\/\",\"name\":\"Grazia\",\"description\":\"Moda, belleza, celebrities, estilo de vida...\",\"potentialAction\":[{\"@type\":\"SearchAction\",\"target\":{\"@type\":\"EntryPoint\",\"urlTemplate\":\"https:\/\/graziamagazine.com\/es\/?s={search_term_string}\"},\"query-input\":\"required name=search_term_string\"}],\"inLanguage\":\"es\"}]}<\/script>\n<!-- \/ Yoast SEO Premium plugin. -->","yoast_head_json":{"title":"As\u00ed canta Alexa Chung | Grazia","description":"Justin Bieber para Calvin Klein Jeans","robots":{"index":"index","follow":"follow","max-snippet":"max-snippet:-1","max-image-preview":"max-image-preview:large","max-video-preview":"max-video-preview:-1"},"canonical":"https:\/\/graziamagazine.com\/es\/articles\/asi-canta-alexa-chung\/","og_locale":"es_ES","og_type":"article","og_title":"As\u00ed canta Alexa Chung","og_description":"Justin Bieber para Calvin Klein Jeans","og_url":"https:\/\/graziamagazine.com\/es\/articles\/asi-canta-alexa-chung\/","og_site_name":"Grazia","article_modified_time":"2015-04-29T16:45:16+00:00","og_image":[{"url":"https:\/\/graziamagazine.com\/es\/wp-content\/uploads\/sites\/12\/2015\/01\/art1_elvideoclipdealexachung.jpg"}],"twitter_card":"summary_large_image","twitter_misc":{"Est. reading time":"2 minutos"},"schema":{"@context":"https:\/\/schema.org","@graph":[{"@type":"WebPage","@id":"https:\/\/graziamagazine.com\/es\/articles\/asi-canta-alexa-chung\/","url":"https:\/\/graziamagazine.com\/es\/articles\/asi-canta-alexa-chung\/","name":"As\u00ed canta Alexa Chung | Grazia","isPartOf":{"@id":"https:\/\/graziamagazine.com\/es\/#website"},"datePublished":"2015-01-07T12:18:15+00:00","dateModified":"2015-04-29T16:45:16+00:00","description":"Justin Bieber para Calvin Klein Jeans","breadcrumb":{"@id":"https:\/\/graziamagazine.com\/es\/articles\/asi-canta-alexa-chung\/#breadcrumb"},"inLanguage":"es","potentialAction":[{"@type":"ReadAction","target":["https:\/\/graziamagazine.com\/es\/articles\/asi-canta-alexa-chung\/"]}]},{"@type":"BreadcrumbList","@id":"https:\/\/graziamagazine.com\/es\/articles\/asi-canta-alexa-chung\/#breadcrumb","itemListElement":[{"@type":"ListItem","position":1,"name":"Portada","item":"https:\/\/graziamagazine.com\/es\/"},{"@type":"ListItem","position":2,"name":"As\u00ed canta Alexa Chung"}]},{"@type":"WebSite","@id":"https:\/\/graziamagazine.com\/es\/#website","url":"https:\/\/graziamagazine.com\/es\/","name":"Grazia","description":"Moda, belleza, celebrities, estilo de vida...","potentialAction":[{"@type":"SearchAction","target":{"@type":"EntryPoint","urlTemplate":"https:\/\/graziamagazine.com\/es\/?s={search_term_string}"},"query-input":"required name=search_term_string"}],"inLanguage":"es"}]}},"jetpack_sharing_enabled":true,"distributor_meta":false,"distributor_terms":false,"distributor_media":false,"distributor_original_site_name":"Grazia","distributor_original_site_url":"https:\/\/graziamagazine.com\/es","push-errors":false,"_links":{"self":[{"href":"https:\/\/graziamagazine.com\/es\/wp-json\/wp\/v2\/articles\/11704"}],"collection":[{"href":"https:\/\/graziamagazine.com\/es\/wp-json\/wp\/v2\/articles"}],"about":[{"href":"https:\/\/graziamagazine.com\/es\/wp-json\/wp\/v2\/types\/articles"}],"author":[{"embeddable":true,"href":"https:\/\/graziamagazine.com\/es\/wp-json\/wp\/v2\/users\/14080"}],"wp:attachment":[{"href":"https:\/\/graziamagazine.com\/es\/wp-json\/wp\/v2\/media?parent=11704"}],"wp:term":[{"taxonomy":"category","embeddable":true,"href":"https:\/\/graziamagazine.com\/es\/wp-json\/wp\/v2\/categories?post=11704"}],"curies":[{"name":"wp","href":"https:\/\/api.w.org\/{rel}","templated":true}]}}