{"id":116970,"date":"2017-06-14T17:21:20","date_gmt":"2017-06-14T15:21:20","guid":{"rendered":"https:\/\/graziamagazine.com\/es\/?p=116970"},"modified":"2017-06-21T15:10:32","modified_gmt":"2017-06-21T13:10:32","slug":"boicot-dolce-gabbana-camisetas","status":"publish","type":"articles","link":"https:\/\/graziamagazine.com\/es\/articles\/boicot-dolce-gabbana-camisetas\/","title":{"rendered":"\u00bfBoicot a Dolce&#038;Gabbana? El d\u00fao de dise\u00f1adores dice s\u00ed"},"content":{"rendered":"<p>\u00abHay solamente una cosa en el mundo peor que hablen de ti, y es que no hablen de ti\u00bb. Esta famosa cita de Oscar Wilde parece haber inspirado, una vez m\u00e1s, a Domenico Dolce y Stefano Gabbana. Y es que si por algo se caracteriza la firma italiana <a href=\"https:\/\/graziamagazine.com\/es\/etiqueta\/dolce-gabbana\/\" target=\"_blank\" rel=\"noopener noreferrer\">Dolce&amp;Gabbana<\/a> es por prestarse a participar, con los ojos cerrados, en\u00a0<a href=\"https:\/\/graziamagazine.com\/es\/moda\/quien-es-quien-en-la-millennial-gang-de-dolce-gabbana\/\" target=\"_blank\" rel=\"noopener noreferrer\">este nuevo juego llamado\u00a0<em>hashtags<\/em>, <em>trending topics<\/em> y redes sociales.<\/a><\/p>\n<figure id=\"attachment_116974\" aria-describedby=\"caption-attachment-116974\" style=\"width: 695px\" class=\"wp-caption aligncenter\"><img loading=\"lazy\" decoding=\"async\" class=\"size-full wp-image-116974\" src=\"https:\/\/graziamagazine.com\/es\/wp-content\/uploads\/sites\/12\/2017\/06\/695x4256.jpg\" alt=\"\" width=\"695\" height=\"425\" srcset=\"https:\/\/graziamagazine.com\/es\/wp-content\/uploads\/sites\/12\/2017\/06\/695x4256.jpg 695w, https:\/\/graziamagazine.com\/es\/wp-content\/uploads\/sites\/12\/2017\/06\/695x4256-300x183.jpg 300w, https:\/\/graziamagazine.com\/es\/wp-content\/uploads\/sites\/12\/2017\/06\/695x4256-626x383.jpg 626w, https:\/\/graziamagazine.com\/es\/wp-content\/uploads\/sites\/12\/2017\/06\/695x4256-360x220.jpg 360w\" sizes=\"(max-width: 695px) 100vw, 695px\" \/><figcaption id=\"caption-attachment-116974\" class=\"wp-caption-text\">El boicot a Dolce&amp;Gabbana (imaginado por los propios Dolce y Gabbana).<\/figcaption><\/figure>\n<p>Todo comenz\u00f3 cuando\u00a0Donald Trump gan\u00f3 las elecciones presidenciales en Estados Unidos (<del>no hurguemos m\u00e1s en la herida<\/del>) y su mujer, <a href=\"https:\/\/graziamagazine.com\/es\/lifestyle\/melania-trump-primera-dama-estados-unidos\/\" target=\"_blank\" rel=\"noopener noreferrer\">Melania Trump<\/a>, se convert\u00eda as\u00ed en primera dama y en objetivo de miles de\u00a0publicaciones de moda que analizaban\u00a0su estilo. La pol\u00e9mica estaba servida en cuanto muchos de los dise\u00f1adores m\u00e1s prestigiosos del panorama -de <strong>Tom Ford<\/strong> a <strong>Marc Jacobs-<\/strong>\u00a0declararon p\u00fablicamente que no quer\u00edan que la espos\u00edsima de Trump\u00a0vistiera sus creaciones. \u00a0Frente a ellos, los contrarios: los que manifestaron que no tendr\u00edan ning\u00fan reparo en que una mujer del porte (y repercusi\u00f3n) de Melania se convirtiera en altavoz para sus dise\u00f1os. En esta lista destacan <strong>Tommy Hilfiger, Diane Von Furstenberg<\/strong> o <strong>Dolce&amp;Gabbana. <\/strong>Precisamente esta \u00faltima firma se ha convertido en pocos meses en un &#8216;b\u00e1sico&#8217; recurrente en el armario de la eslovena.<\/p>\n<p>A mucha honra para los dos creativos. Tanto que Stefano (Domenico pasa de las redes sociales) y el perfil oficial de la marca han inundado\u00a0Instagram con fotograf\u00edas de la primera dama luciendo sus modelitos, aprovechando\u00a0para darle las gracias por pasear la moda italiana por medio mundo.<\/p>\n<blockquote class=\"instagram-media\" style=\"background: #FFF; border: 0; border-radius: 3px; box-shadow: 0 0 1px 0 rgba(0,0,0,0.5),0 1px 10px 0 rgba(0,0,0,0.15); margin: 1px; max-width: 658px; padding: 0; width: calc(100% - 2px);\" data-instgrm-captioned=\"\" data-instgrm-version=\"7\">\n<div style=\"padding: 8px;\">\n<div style=\"background: #F8F8F8; line-height: 0; margin-top: 40px; padding: 62.5% 0; text-align: center; width: 100%;\"><\/div>\n<p style=\"margin: 8px 0 0 0; padding: 0 4px;\"><a href=\"https:\/\/www.instagram.com\/p\/BUgieerF80A\/\"style=\"color: #000; font-family: Arial,sans-serif; font-size: 14px; font-style: normal; font-weight: normal; line-height: 17px; text-decoration: none; word-wrap: break-word;\"  target=\"_blank\" rel=\"noopener noreferrer\" target=\"_blank\">\u2764\u2764\u2764\u2764\u2764\u2764 @flotus \u2764 #DGWoman web news \ud83c\udf0d\ud83c\udf0f\ud83c\udf0e #madeinitaly\ud83c\uddee\ud83c\uddf9 THANK YOU<\/a><\/p>\n<p style=\"color: #c9c8cd; font-family: Arial,sans-serif; font-size: 14px; line-height: 17px; margin-bottom: 0; margin-top: 8px; overflow: hidden; padding: 8px 0 7px; text-align: center; text-overflow: ellipsis; white-space: nowrap;\">Una publicaci\u00f3n compartida de stefanogabbana (@stefanogabbana) el <time style=\"font-family: Arial,sans-serif; font-size: 14px; line-height: 17px;\" datetime=\"2017-05-25T08:21:05+00:00\">25 de May de 2017 a la(s) 1:21 PDT<\/time><\/p>\n<\/div>\n<\/blockquote>\n<p><script async defer src=\"\/\/platform.instagram.com\/en_US\/embeds.js\"><\/script><\/p>\n<p><strong>Nadando contra la corriente<\/strong><\/p>\n<p>El problema lleg\u00f3 cuando las redes sociales llamaron al boicot. Muchos vieron en este gesto <em>friendly fashion<\/em>\u00a0hacia la primera dama norteamericana, toda una ofensa para todos esos colectivos de los que Trump tanto reniega (<del>mujeres, homosexuales, cualquier raza m\u00e1s all\u00e1 de la blanca&#8230;<\/del>).\u00a0Fue entonces cuando se hizo un llamamiento\u00a0para no comprar las piezas de Dolce&amp;Gabbana\u00a0tambi\u00e9n desde las redes sociales.\u00a0Y es\u00a0aqu\u00ed donde los dise\u00f1adores han utilizado a su favor, y poni\u00e9ndose una vez m\u00e1s al mundo por montera, la c\u00e9lebre\u00a0cita de Oscar Wilde: han convertido este boicot en una camiseta y en un v\u00eddeo promocional (peligrosamente similar al que estrell\u00f3 a Pepsi y Kendall hace solo unas semanas).<\/p>\n<p>Atenci\u00f3n:<\/p>\n<p><iframe loading=\"lazy\" title=\"#BoycottDolceGabbana\" width=\"500\" height=\"281\" src=\"https:\/\/www.youtube.com\/embed\/mnSOGYhQ1b4?feature=oembed\" frameborder=\"0\" allow=\"accelerometer; autoplay; encrypted-media; gyroscope; picture-in-picture\" allowfullscreen><\/iframe><\/p>\n<p>Una simple camiseta b\u00e1sica blanca con el texto #Boycott Dolce&amp;Gabbana y el dibujo de un coraz\u00f3n es lo que les ha hecho falta para re\u00edrse de <del>todos<\/del> la situaci\u00f3n. S\u00ed, queridas. <a href=\"http:\/\/store.dolcegabbana.com\/es\/boycott-dolceygabbana\/#anchorBack\" target=\"_blank\" rel=\"noopener noreferrer\" target=\"_blank\">Esta <em>T-shirt<\/em><\/a> que lucir\u00e1n todas las <em>influencers<\/em> del mundo mundial tiene un precio de 175 euros.<\/p>\n<figure id=\"attachment_116971\" aria-describedby=\"caption-attachment-116971\" style=\"width: 640px\" class=\"wp-caption aligncenter\"><img loading=\"lazy\" decoding=\"async\" class=\"wp-image-116971 size-large\" src=\"https:\/\/graziamagazine.com\/es\/wp-content\/uploads\/sites\/12\/2017\/06\/Dolce-Gabbana-647x1024.jpg\" alt=\"\" width=\"640\" height=\"1013\" srcset=\"https:\/\/graziamagazine.com\/es\/wp-content\/uploads\/sites\/12\/2017\/06\/Dolce-Gabbana-647x1024.jpg 647w, https:\/\/graziamagazine.com\/es\/wp-content\/uploads\/sites\/12\/2017\/06\/Dolce-Gabbana-190x300.jpg 190w, https:\/\/graziamagazine.com\/es\/wp-content\/uploads\/sites\/12\/2017\/06\/Dolce-Gabbana-768x1216.jpg 768w, https:\/\/graziamagazine.com\/es\/wp-content\/uploads\/sites\/12\/2017\/06\/Dolce-Gabbana-720x1140.jpg 720w, https:\/\/graziamagazine.com\/es\/wp-content\/uploads\/sites\/12\/2017\/06\/Dolce-Gabbana-1200x1899.jpg 1200w, https:\/\/graziamagazine.com\/es\/wp-content\/uploads\/sites\/12\/2017\/06\/Dolce-Gabbana-626x991.jpg 626w, https:\/\/graziamagazine.com\/es\/wp-content\/uploads\/sites\/12\/2017\/06\/Dolce-Gabbana-360x570.jpg 360w, https:\/\/graziamagazine.com\/es\/wp-content\/uploads\/sites\/12\/2017\/06\/Dolce-Gabbana.jpg 1213w\" sizes=\"(max-width: 640px) 100vw, 640px\" \/><figcaption id=\"caption-attachment-116971\" class=\"wp-caption-text\">Y est\u00e1 disponible para hombre y mujer.<\/figcaption><\/figure>\n<p>Una pol\u00e9mica estrategia de marketing muy similar a la que ya siguieron el a\u00f1o pasado cuando crearon su particular venganza contra las\u00a0<a href=\"https:\/\/graziamagazine.com\/es\/moda\/dolce-gabbana-convierte-souvenir-objeto-lujo\/\" target=\"_blank\" rel=\"noopener noreferrer\">camisetas souvenirs<\/a>, convirti\u00e9ndolas en objeto de culto (y de lujo). \u00bfQui\u00e9n dijo miedo?<\/p>\n<p><iframe loading=\"lazy\" style=\"border: none; overflow: hidden; height: 258px;\" src=\"\/\/www.facebook.com\/plugins\/likebox.php?href=https%3A%2F%2Fwww.facebook.com%2Fgraziaespana&amp;width&amp;height=258&amp;colorscheme=light&amp;show_faces=true&amp;header=false&amp;stream=false&amp;show_border=false&amp;appId=349017955267591\" width=\"300\" height=\"150\" frameborder=\"0\" scrolling=\"no\"><\/iframe><\/p>\n","protected":false},"author":13931,"featured_media":0,"template":"","format":"standard","categories":[3,1],"acf":[],"yoast_head":"<!-- This site is optimized with the Yoast SEO Premium plugin v18.5 (Yoast SEO v20.4) - https:\/\/yoast.com\/wordpress\/plugins\/seo\/ -->\n<title>\u00bfBoicot a Dolce&amp;Gabbana? El d\u00fao de dise\u00f1adores dice s\u00ed | Grazia<\/title>\n<meta name=\"description\" content=\"Domenico y Stefano vuelven a recurrir a un resbaladizo sentido del humor para salir de su \u00faltima crisis. Esta vez, a golpe de camisetas.\" \/>\n<meta name=\"robots\" content=\"index, follow, max-snippet:-1, max-image-preview:large, max-video-preview:-1\" \/>\n<link rel=\"canonical\" href=\"https:\/\/graziamagazine.com\/es\/articles\/boicot-dolce-gabbana-camisetas\/\" \/>\n<meta property=\"og:locale\" content=\"es_ES\" \/>\n<meta property=\"og:type\" content=\"article\" \/>\n<meta property=\"og:title\" content=\"\u00bfBoicot a Dolce&amp;Gabbana? El d\u00fao de dise\u00f1adores dice s\u00ed\" \/>\n<meta property=\"og:description\" content=\"Domenico y Stefano vuelven a recurrir a un resbaladizo sentido del humor para salir de su \u00faltima crisis. Esta vez, a golpe de camisetas.\" \/>\n<meta property=\"og:url\" content=\"https:\/\/graziamagazine.com\/es\/articles\/boicot-dolce-gabbana-camisetas\/\" \/>\n<meta property=\"og:site_name\" content=\"Grazia\" \/>\n<meta property=\"article:modified_time\" content=\"2017-06-21T13:10:32+00:00\" \/>\n<meta property=\"og:image\" content=\"https:\/\/graziamagazine.com\/es\/wp-content\/uploads\/sites\/12\/2017\/06\/14161918\/695x4256.jpg?fit=695%2C425\" \/>\n\t<meta property=\"og:image:width\" content=\"695\" \/>\n\t<meta property=\"og:image:height\" content=\"425\" \/>\n\t<meta property=\"og:image:type\" content=\"image\/jpeg\" \/>\n<meta name=\"twitter:card\" content=\"summary_large_image\" \/>\n<meta name=\"twitter:title\" content=\"\u00bfBoicot a Dolce&amp;Gabbana? El d\u00fao de dise\u00f1adores dice s\u00ed\" \/>\n<meta name=\"twitter:description\" content=\"Domenico y Stefano vuelven a recurrir a un resbaladizo sentido del humor para salir de su \u00faltima crisis. Esta vez, a golpe de camisetas.\" \/>\n<meta name=\"twitter:image\" content=\"http:\/\/s3-eu-west-1.amazonaws.com\/grazia-cdn\/wp-content\/uploads\/sites\/12\/2017\/06\/14161918\/695x4256.jpg\" \/>\n<meta name=\"twitter:label1\" content=\"Est. reading time\" \/>\n\t<meta name=\"twitter:data1\" content=\"3 minutos\" \/>\n<script type=\"application\/ld+json\" class=\"yoast-schema-graph\">{\"@context\":\"https:\/\/schema.org\",\"@graph\":[{\"@type\":\"WebPage\",\"@id\":\"https:\/\/graziamagazine.com\/es\/articles\/boicot-dolce-gabbana-camisetas\/\",\"url\":\"https:\/\/graziamagazine.com\/es\/articles\/boicot-dolce-gabbana-camisetas\/\",\"name\":\"\u00bfBoicot a Dolce&Gabbana? El d\u00fao de dise\u00f1adores dice s\u00ed | Grazia\",\"isPartOf\":{\"@id\":\"https:\/\/graziamagazine.com\/es\/#website\"},\"datePublished\":\"2017-06-14T15:21:20+00:00\",\"dateModified\":\"2017-06-21T13:10:32+00:00\",\"description\":\"Domenico y Stefano vuelven a recurrir a un resbaladizo sentido del humor para salir de su \u00faltima crisis. Esta vez, a golpe de camisetas.\",\"breadcrumb\":{\"@id\":\"https:\/\/graziamagazine.com\/es\/articles\/boicot-dolce-gabbana-camisetas\/#breadcrumb\"},\"inLanguage\":\"es\",\"potentialAction\":[{\"@type\":\"ReadAction\",\"target\":[\"https:\/\/graziamagazine.com\/es\/articles\/boicot-dolce-gabbana-camisetas\/\"]}]},{\"@type\":\"BreadcrumbList\",\"@id\":\"https:\/\/graziamagazine.com\/es\/articles\/boicot-dolce-gabbana-camisetas\/#breadcrumb\",\"itemListElement\":[{\"@type\":\"ListItem\",\"position\":1,\"name\":\"Portada\",\"item\":\"https:\/\/graziamagazine.com\/es\/\"},{\"@type\":\"ListItem\",\"position\":2,\"name\":\"\u00bfBoicot a Dolce&#038;Gabbana? El d\u00fao de dise\u00f1adores dice s\u00ed\"}]},{\"@type\":\"WebSite\",\"@id\":\"https:\/\/graziamagazine.com\/es\/#website\",\"url\":\"https:\/\/graziamagazine.com\/es\/\",\"name\":\"Grazia\",\"description\":\"Moda, belleza, celebrities, estilo de vida...\",\"potentialAction\":[{\"@type\":\"SearchAction\",\"target\":{\"@type\":\"EntryPoint\",\"urlTemplate\":\"https:\/\/graziamagazine.com\/es\/?s={search_term_string}\"},\"query-input\":\"required name=search_term_string\"}],\"inLanguage\":\"es\"}]}<\/script>\n<!-- \/ Yoast SEO Premium plugin. -->","yoast_head_json":{"title":"\u00bfBoicot a Dolce&Gabbana? El d\u00fao de dise\u00f1adores dice s\u00ed | Grazia","description":"Domenico y Stefano vuelven a recurrir a un resbaladizo sentido del humor para salir de su \u00faltima crisis. Esta vez, a golpe de camisetas.","robots":{"index":"index","follow":"follow","max-snippet":"max-snippet:-1","max-image-preview":"max-image-preview:large","max-video-preview":"max-video-preview:-1"},"canonical":"https:\/\/graziamagazine.com\/es\/articles\/boicot-dolce-gabbana-camisetas\/","og_locale":"es_ES","og_type":"article","og_title":"\u00bfBoicot a Dolce&Gabbana? El d\u00fao de dise\u00f1adores dice s\u00ed","og_description":"Domenico y Stefano vuelven a recurrir a un resbaladizo sentido del humor para salir de su \u00faltima crisis. Esta vez, a golpe de camisetas.","og_url":"https:\/\/graziamagazine.com\/es\/articles\/boicot-dolce-gabbana-camisetas\/","og_site_name":"Grazia","article_modified_time":"2017-06-21T13:10:32+00:00","og_image":[{"width":695,"height":425,"url":"https:\/\/graziamagazine.com\/es\/wp-content\/uploads\/sites\/12\/2017\/06\/14161918\/695x4256.jpg?fit=695%2C425","type":"image\/jpeg"}],"twitter_card":"summary_large_image","twitter_title":"\u00bfBoicot a Dolce&Gabbana? El d\u00fao de dise\u00f1adores dice s\u00ed","twitter_description":"Domenico y Stefano vuelven a recurrir a un resbaladizo sentido del humor para salir de su \u00faltima crisis. Esta vez, a golpe de camisetas.","twitter_image":"http:\/\/s3-eu-west-1.amazonaws.com\/grazia-cdn\/wp-content\/uploads\/sites\/12\/2017\/06\/14161918\/695x4256.jpg","twitter_misc":{"Est. reading time":"3 minutos"},"schema":{"@context":"https:\/\/schema.org","@graph":[{"@type":"WebPage","@id":"https:\/\/graziamagazine.com\/es\/articles\/boicot-dolce-gabbana-camisetas\/","url":"https:\/\/graziamagazine.com\/es\/articles\/boicot-dolce-gabbana-camisetas\/","name":"\u00bfBoicot a Dolce&Gabbana? El d\u00fao de dise\u00f1adores dice s\u00ed | Grazia","isPartOf":{"@id":"https:\/\/graziamagazine.com\/es\/#website"},"datePublished":"2017-06-14T15:21:20+00:00","dateModified":"2017-06-21T13:10:32+00:00","description":"Domenico y Stefano vuelven a recurrir a un resbaladizo sentido del humor para salir de su \u00faltima crisis. Esta vez, a golpe de camisetas.","breadcrumb":{"@id":"https:\/\/graziamagazine.com\/es\/articles\/boicot-dolce-gabbana-camisetas\/#breadcrumb"},"inLanguage":"es","potentialAction":[{"@type":"ReadAction","target":["https:\/\/graziamagazine.com\/es\/articles\/boicot-dolce-gabbana-camisetas\/"]}]},{"@type":"BreadcrumbList","@id":"https:\/\/graziamagazine.com\/es\/articles\/boicot-dolce-gabbana-camisetas\/#breadcrumb","itemListElement":[{"@type":"ListItem","position":1,"name":"Portada","item":"https:\/\/graziamagazine.com\/es\/"},{"@type":"ListItem","position":2,"name":"\u00bfBoicot a Dolce&#038;Gabbana? El d\u00fao de dise\u00f1adores dice s\u00ed"}]},{"@type":"WebSite","@id":"https:\/\/graziamagazine.com\/es\/#website","url":"https:\/\/graziamagazine.com\/es\/","name":"Grazia","description":"Moda, belleza, celebrities, estilo de vida...","potentialAction":[{"@type":"SearchAction","target":{"@type":"EntryPoint","urlTemplate":"https:\/\/graziamagazine.com\/es\/?s={search_term_string}"},"query-input":"required name=search_term_string"}],"inLanguage":"es"}]}},"jetpack_sharing_enabled":true,"distributor_meta":false,"distributor_terms":false,"distributor_media":false,"distributor_original_site_name":"Grazia","distributor_original_site_url":"https:\/\/graziamagazine.com\/es","push-errors":false,"_links":{"self":[{"href":"https:\/\/graziamagazine.com\/es\/wp-json\/wp\/v2\/articles\/116970"}],"collection":[{"href":"https:\/\/graziamagazine.com\/es\/wp-json\/wp\/v2\/articles"}],"about":[{"href":"https:\/\/graziamagazine.com\/es\/wp-json\/wp\/v2\/types\/articles"}],"author":[{"embeddable":true,"href":"https:\/\/graziamagazine.com\/es\/wp-json\/wp\/v2\/users\/13931"}],"wp:attachment":[{"href":"https:\/\/graziamagazine.com\/es\/wp-json\/wp\/v2\/media?parent=116970"}],"wp:term":[{"taxonomy":"category","embeddable":true,"href":"https:\/\/graziamagazine.com\/es\/wp-json\/wp\/v2\/categories?post=116970"}],"curies":[{"name":"wp","href":"https:\/\/api.w.org\/{rel}","templated":true}]}}