{"id":116850,"date":"2017-06-13T14:05:00","date_gmt":"2017-06-13T12:05:00","guid":{"rendered":"https:\/\/graziamagazine.com\/es\/?p=116850"},"modified":"2017-06-13T14:07:59","modified_gmt":"2017-06-13T12:07:59","slug":"ikea-tendra-su-propio-perfume-y-no-imaginas-quien-lo-esta-desarrollando","status":"publish","type":"articles","link":"https:\/\/graziamagazine.com\/es\/articles\/ikea-tendra-su-propio-perfume-y-no-imaginas-quien-lo-esta-desarrollando\/","title":{"rendered":"Ikea tendr\u00e1 su propio perfume (y no imaginas qui\u00e9n lo est\u00e1 desarrollando)"},"content":{"rendered":"<p>De los creadores de las vers\u00e1tiles mesitas <em>Lack<\/em> a 9,99 euros, los proveedores de lapiceritos para escribir la lista de la compra en casa o los autores de las alb\u00f3ndigas m\u00e1s adictivas de la historia\u2026 \u00a1llega el primer perfume con olor a <strong><a href=\"https:\/\/graziamagazine.com\/es\/etiqueta\/ikea\/\" target=\"_blank\" rel=\"noopener noreferrer\">Ikea!<\/a>\u00a0<\/strong>Aunque qui\u00e9n dice perfume dice vela o\u00a0ambientador, porque todav\u00eda est\u00e1n explorando en qu\u00e9 formato llegar\u00e1 a nosotros este aroma.<\/p>\n<figure id=\"attachment_116858\" aria-describedby=\"caption-attachment-116858\" style=\"width: 785px\" class=\"wp-caption aligncenter\"><img loading=\"lazy\" decoding=\"async\" class=\"size-full wp-image-116858\" src=\"https:\/\/graziamagazine.com\/es\/wp-content\/uploads\/sites\/12\/2017\/06\/Ikea-tendr\u00e1-su-propio-perfume-04.jpg\" alt=\"\" width=\"785\" height=\"480\" srcset=\"https:\/\/graziamagazine.com\/es\/wp-content\/uploads\/sites\/12\/2017\/06\/Ikea-tendr\u00e1-su-propio-perfume-04.jpg 785w, https:\/\/graziamagazine.com\/es\/wp-content\/uploads\/sites\/12\/2017\/06\/Ikea-tendr\u00e1-su-propio-perfume-04-300x183.jpg 300w, https:\/\/graziamagazine.com\/es\/wp-content\/uploads\/sites\/12\/2017\/06\/Ikea-tendr\u00e1-su-propio-perfume-04-768x470.jpg 768w, https:\/\/graziamagazine.com\/es\/wp-content\/uploads\/sites\/12\/2017\/06\/Ikea-tendr\u00e1-su-propio-perfume-04-695x425.jpg 695w, https:\/\/graziamagazine.com\/es\/wp-content\/uploads\/sites\/12\/2017\/06\/Ikea-tendr\u00e1-su-propio-perfume-04-720x440.jpg 720w, https:\/\/graziamagazine.com\/es\/wp-content\/uploads\/sites\/12\/2017\/06\/Ikea-tendr\u00e1-su-propio-perfume-04-626x383.jpg 626w, https:\/\/graziamagazine.com\/es\/wp-content\/uploads\/sites\/12\/2017\/06\/Ikea-tendr\u00e1-su-propio-perfume-04-360x220.jpg 360w\" sizes=\"(max-width: 785px) 100vw, 785px\" \/><figcaption id=\"caption-attachment-116858\" class=\"wp-caption-text\">Lo pr\u00f3ximo de Ikea ser\u00e1 una fragancia. \u00a9 Getty Images<\/figcaption><\/figure>\n<p>Pero lo sorprendente de la noticia sobre el marketing olfativo de la compa\u00f1\u00eda sueca es a qui\u00e9n ha elegido como <em>partner in crime <\/em>para dar respuesta a la pregunta &#8216;\u00bfa qu\u00e9 huele Ikea?&#8217;: <strong>nada m\u00e1s y nada menos a la firma de culto <a href=\"https:\/\/byredo.eu\" target=\"_blank\" rel=\"noopener noreferrer\" target=\"_blank\">Byredo<\/a>.<\/strong><\/p>\n<p>Fundada en 2006 por Ben Gorham, un <em>outsider<\/em> del mundo de la belleza, la casa\u00a0indie se ha convertido en favorita de muchos, y en preciados frascos de los que presumir en cualquier estanter\u00eda. Y no es para menos, los perfumes de la casa se venden por m\u00e1s de 100 euros y sus velas oscilan los 50.<\/p>\n<figure id=\"attachment_116853\" aria-describedby=\"caption-attachment-116853\" style=\"width: 785px\" class=\"wp-caption aligncenter\"><img loading=\"lazy\" decoding=\"async\" class=\"size-full wp-image-116853\" src=\"https:\/\/graziamagazine.com\/es\/wp-content\/uploads\/sites\/12\/2017\/06\/Ikea-tendr\u00e1-su-propio-perfume-01.jpg\" alt=\"\" width=\"785\" height=\"480\" srcset=\"https:\/\/graziamagazine.com\/es\/wp-content\/uploads\/sites\/12\/2017\/06\/Ikea-tendr\u00e1-su-propio-perfume-01.jpg 785w, https:\/\/graziamagazine.com\/es\/wp-content\/uploads\/sites\/12\/2017\/06\/Ikea-tendr\u00e1-su-propio-perfume-01-300x183.jpg 300w, https:\/\/graziamagazine.com\/es\/wp-content\/uploads\/sites\/12\/2017\/06\/Ikea-tendr\u00e1-su-propio-perfume-01-768x470.jpg 768w, https:\/\/graziamagazine.com\/es\/wp-content\/uploads\/sites\/12\/2017\/06\/Ikea-tendr\u00e1-su-propio-perfume-01-695x425.jpg 695w, https:\/\/graziamagazine.com\/es\/wp-content\/uploads\/sites\/12\/2017\/06\/Ikea-tendr\u00e1-su-propio-perfume-01-720x440.jpg 720w, https:\/\/graziamagazine.com\/es\/wp-content\/uploads\/sites\/12\/2017\/06\/Ikea-tendr\u00e1-su-propio-perfume-01-626x383.jpg 626w, https:\/\/graziamagazine.com\/es\/wp-content\/uploads\/sites\/12\/2017\/06\/Ikea-tendr\u00e1-su-propio-perfume-01-360x220.jpg 360w\" sizes=\"(max-width: 785px) 100vw, 785px\" \/><figcaption id=\"caption-attachment-116853\" class=\"wp-caption-text\">La firma sueca Byredo se ha hecho c\u00e9lebre por sus especiadas creaciones de composiciones simples y materias primas de la m\u00e1s alta calidad.<\/figcaption><\/figure>\n<p>Seg\u00fan la nota de prensa de la compa\u00f1\u00eda, est\u00e1n <strong>\u201cintrigados y curiosos por explorar cu\u00e1l es el aroma de Ikea, si tiene uno\u201d,<\/strong>\u00a0investigando las funciones de las fragancias en el hogar, el m\u00e9todo por el que se distribuyen, as\u00ed como todas las innovaciones en el campo de la perfumer\u00eda. Porque el desarrollo va para largo. Llegar\u00e1 a nuestras narices en 2019 y de momento solo sabemos que no vendr\u00e1\u00a0ni con manual de instrucciones ni con tornillos de m\u00e1s. <del>Gracias.<\/del><\/p>\n<p>\u00abCreo que estamos trabajando en el uso de los aromas para comunicar emociones y contar historias de gente, cultura y dise\u00f1o. Es una capa que hemos imaginado que puede a\u00f1adir una experiencia muy \u00edntima a la escala en la que Ikea trabaja\u00bb, confiesa\u00a0Ben Gorham <a href=\"http:\/\/ikea.today\/sweet-scent-ikea-byredo\/\" target=\"_blank\" rel=\"noopener noreferrer\" target=\"_blank\">en el blog de la compa\u00f1\u00eda<\/a>.\u00a0El propio creador de Byredo <a href=\"https:\/\/www.instagram.com\/p\/BVKwUg-A4R2\/\" target=\"_blank\" rel=\"noopener noreferrer\" target=\"_blank\">confirmaba ayer la noticia en Instagram<\/a> con una imagen acompa\u00f1ada del cr\u00edptico y certero mensaje: \u201cEscala\u201d, haciendo referencia al triple salto mortal que este paso puede suponer para su empresa.<\/p>\n<p><iframe loading=\"lazy\" style=\"border: none; overflow: hidden; height: 258px;\" src=\"\/\/www.facebook.com\/plugins\/likebox.php?href=https%3A%2F%2Fwww.facebook.com%2Fgraziaespana&amp;width&amp;height=258&amp;colorscheme=light&amp;show_faces=true&amp;header=false&amp;stream=false&amp;show_border=false&amp;appId=349017955267591\" width=\"300\" height=\"150\" frameborder=\"0\" scrolling=\"no\"><\/iframe><\/p>\n","protected":false},"author":24470,"featured_media":0,"template":"","format":"standard","categories":[8,7],"acf":[],"yoast_head":"<!-- This site is optimized with the Yoast SEO Premium plugin v18.5 (Yoast SEO v20.4) - https:\/\/yoast.com\/wordpress\/plugins\/seo\/ -->\n<title>Ikea tendr\u00e1 su propio perfume (y no imaginas qui\u00e9n lo est\u00e1 desarrollando) | Grazia<\/title>\n<meta name=\"description\" content=\"La multinacional sueca Ikea tendr\u00e1 su propio perfume: est\u00e1 investigando, junto a la firma nicho Byredo, cu\u00e1l es el olor que le corresponde.\" \/>\n<meta name=\"robots\" content=\"index, follow, max-snippet:-1, max-image-preview:large, max-video-preview:-1\" \/>\n<link rel=\"canonical\" href=\"https:\/\/graziamagazine.com\/es\/articles\/ikea-tendra-su-propio-perfume-y-no-imaginas-quien-lo-esta-desarrollando\/\" \/>\n<meta property=\"og:locale\" content=\"es_ES\" \/>\n<meta property=\"og:type\" content=\"article\" \/>\n<meta property=\"og:title\" content=\"Ikea tendr\u00e1 su propio perfume (y no imaginas qui\u00e9n lo est\u00e1 desarrollando)\" \/>\n<meta property=\"og:description\" content=\"Probablemente lo mejor que le ha pasado a la compa\u00f1\u00eda sueca desde la llegada de sus alb\u00f3ndigas.\" \/>\n<meta property=\"og:url\" content=\"https:\/\/graziamagazine.com\/es\/articles\/ikea-tendra-su-propio-perfume-y-no-imaginas-quien-lo-esta-desarrollando\/\" \/>\n<meta property=\"og:site_name\" content=\"Grazia\" \/>\n<meta property=\"article:modified_time\" content=\"2017-06-13T12:07:59+00:00\" \/>\n<meta property=\"og:image\" content=\"https:\/\/graziamagazine.com\/es\/wp-content\/uploads\/sites\/12\/2017\/06\/13135352\/Ikea-tendr\u00e1-su-propio-perfume-04.jpg?fit=785%2C480\" \/>\n\t<meta property=\"og:image:width\" content=\"785\" \/>\n\t<meta property=\"og:image:height\" content=\"480\" \/>\n\t<meta property=\"og:image:type\" content=\"image\/jpeg\" \/>\n<meta name=\"twitter:card\" content=\"summary_large_image\" \/>\n<meta name=\"twitter:title\" content=\"Ikea tendr\u00e1 su propio perfume (y no imaginas qui\u00e9n lo est\u00e1 desarrollando)\" \/>\n<meta name=\"twitter:description\" content=\"Probablemente lo mejor que le ha pasado a la compa\u00f1\u00eda sueca desde la llegada de sus alb\u00f3ndigas.\" \/>\n<meta name=\"twitter:image\" content=\"http:\/\/s3-eu-west-1.amazonaws.com\/grazia-cdn\/wp-content\/uploads\/sites\/12\/2017\/06\/13135352\/Ikea-tendr-su-propio-perfume-04.jpg\" \/>\n<meta name=\"twitter:label1\" content=\"Est. reading time\" \/>\n\t<meta name=\"twitter:data1\" content=\"2 minutos\" \/>\n<script type=\"application\/ld+json\" class=\"yoast-schema-graph\">{\"@context\":\"https:\/\/schema.org\",\"@graph\":[{\"@type\":\"WebPage\",\"@id\":\"https:\/\/graziamagazine.com\/es\/articles\/ikea-tendra-su-propio-perfume-y-no-imaginas-quien-lo-esta-desarrollando\/\",\"url\":\"https:\/\/graziamagazine.com\/es\/articles\/ikea-tendra-su-propio-perfume-y-no-imaginas-quien-lo-esta-desarrollando\/\",\"name\":\"Ikea tendr\u00e1 su propio perfume (y no imaginas qui\u00e9n lo est\u00e1 desarrollando) | Grazia\",\"isPartOf\":{\"@id\":\"https:\/\/graziamagazine.com\/es\/#website\"},\"datePublished\":\"2017-06-13T12:05:00+00:00\",\"dateModified\":\"2017-06-13T12:07:59+00:00\",\"description\":\"La multinacional sueca Ikea tendr\u00e1 su propio perfume: est\u00e1 investigando, junto a la firma nicho Byredo, cu\u00e1l es el olor que le corresponde.\",\"breadcrumb\":{\"@id\":\"https:\/\/graziamagazine.com\/es\/articles\/ikea-tendra-su-propio-perfume-y-no-imaginas-quien-lo-esta-desarrollando\/#breadcrumb\"},\"inLanguage\":\"es\",\"potentialAction\":[{\"@type\":\"ReadAction\",\"target\":[\"https:\/\/graziamagazine.com\/es\/articles\/ikea-tendra-su-propio-perfume-y-no-imaginas-quien-lo-esta-desarrollando\/\"]}]},{\"@type\":\"BreadcrumbList\",\"@id\":\"https:\/\/graziamagazine.com\/es\/articles\/ikea-tendra-su-propio-perfume-y-no-imaginas-quien-lo-esta-desarrollando\/#breadcrumb\",\"itemListElement\":[{\"@type\":\"ListItem\",\"position\":1,\"name\":\"Portada\",\"item\":\"https:\/\/graziamagazine.com\/es\/\"},{\"@type\":\"ListItem\",\"position\":2,\"name\":\"Ikea tendr\u00e1 su propio perfume (y no imaginas qui\u00e9n lo est\u00e1 desarrollando)\"}]},{\"@type\":\"WebSite\",\"@id\":\"https:\/\/graziamagazine.com\/es\/#website\",\"url\":\"https:\/\/graziamagazine.com\/es\/\",\"name\":\"Grazia\",\"description\":\"Moda, belleza, celebrities, estilo de vida...\",\"potentialAction\":[{\"@type\":\"SearchAction\",\"target\":{\"@type\":\"EntryPoint\",\"urlTemplate\":\"https:\/\/graziamagazine.com\/es\/?s={search_term_string}\"},\"query-input\":\"required name=search_term_string\"}],\"inLanguage\":\"es\"}]}<\/script>\n<!-- \/ Yoast SEO Premium plugin. -->","yoast_head_json":{"title":"Ikea tendr\u00e1 su propio perfume (y no imaginas qui\u00e9n lo est\u00e1 desarrollando) | Grazia","description":"La multinacional sueca Ikea tendr\u00e1 su propio perfume: est\u00e1 investigando, junto a la firma nicho Byredo, cu\u00e1l es el olor que le corresponde.","robots":{"index":"index","follow":"follow","max-snippet":"max-snippet:-1","max-image-preview":"max-image-preview:large","max-video-preview":"max-video-preview:-1"},"canonical":"https:\/\/graziamagazine.com\/es\/articles\/ikea-tendra-su-propio-perfume-y-no-imaginas-quien-lo-esta-desarrollando\/","og_locale":"es_ES","og_type":"article","og_title":"Ikea tendr\u00e1 su propio perfume (y no imaginas qui\u00e9n lo est\u00e1 desarrollando)","og_description":"Probablemente lo mejor que le ha pasado a la compa\u00f1\u00eda sueca desde la llegada de sus alb\u00f3ndigas.","og_url":"https:\/\/graziamagazine.com\/es\/articles\/ikea-tendra-su-propio-perfume-y-no-imaginas-quien-lo-esta-desarrollando\/","og_site_name":"Grazia","article_modified_time":"2017-06-13T12:07:59+00:00","og_image":[{"width":785,"height":480,"url":"https:\/\/graziamagazine.com\/es\/wp-content\/uploads\/sites\/12\/2017\/06\/13135352\/Ikea-tendr\u00e1-su-propio-perfume-04.jpg?fit=785%2C480","type":"image\/jpeg"}],"twitter_card":"summary_large_image","twitter_title":"Ikea tendr\u00e1 su propio perfume (y no imaginas qui\u00e9n lo est\u00e1 desarrollando)","twitter_description":"Probablemente lo mejor que le ha pasado a la compa\u00f1\u00eda sueca desde la llegada de sus alb\u00f3ndigas.","twitter_image":"http:\/\/s3-eu-west-1.amazonaws.com\/grazia-cdn\/wp-content\/uploads\/sites\/12\/2017\/06\/13135352\/Ikea-tendr-su-propio-perfume-04.jpg","twitter_misc":{"Est. reading time":"2 minutos"},"schema":{"@context":"https:\/\/schema.org","@graph":[{"@type":"WebPage","@id":"https:\/\/graziamagazine.com\/es\/articles\/ikea-tendra-su-propio-perfume-y-no-imaginas-quien-lo-esta-desarrollando\/","url":"https:\/\/graziamagazine.com\/es\/articles\/ikea-tendra-su-propio-perfume-y-no-imaginas-quien-lo-esta-desarrollando\/","name":"Ikea tendr\u00e1 su propio perfume (y no imaginas qui\u00e9n lo est\u00e1 desarrollando) | Grazia","isPartOf":{"@id":"https:\/\/graziamagazine.com\/es\/#website"},"datePublished":"2017-06-13T12:05:00+00:00","dateModified":"2017-06-13T12:07:59+00:00","description":"La multinacional sueca Ikea tendr\u00e1 su propio perfume: est\u00e1 investigando, junto a la firma nicho Byredo, cu\u00e1l es el olor que le corresponde.","breadcrumb":{"@id":"https:\/\/graziamagazine.com\/es\/articles\/ikea-tendra-su-propio-perfume-y-no-imaginas-quien-lo-esta-desarrollando\/#breadcrumb"},"inLanguage":"es","potentialAction":[{"@type":"ReadAction","target":["https:\/\/graziamagazine.com\/es\/articles\/ikea-tendra-su-propio-perfume-y-no-imaginas-quien-lo-esta-desarrollando\/"]}]},{"@type":"BreadcrumbList","@id":"https:\/\/graziamagazine.com\/es\/articles\/ikea-tendra-su-propio-perfume-y-no-imaginas-quien-lo-esta-desarrollando\/#breadcrumb","itemListElement":[{"@type":"ListItem","position":1,"name":"Portada","item":"https:\/\/graziamagazine.com\/es\/"},{"@type":"ListItem","position":2,"name":"Ikea tendr\u00e1 su propio perfume (y no imaginas qui\u00e9n lo est\u00e1 desarrollando)"}]},{"@type":"WebSite","@id":"https:\/\/graziamagazine.com\/es\/#website","url":"https:\/\/graziamagazine.com\/es\/","name":"Grazia","description":"Moda, belleza, celebrities, estilo de vida...","potentialAction":[{"@type":"SearchAction","target":{"@type":"EntryPoint","urlTemplate":"https:\/\/graziamagazine.com\/es\/?s={search_term_string}"},"query-input":"required name=search_term_string"}],"inLanguage":"es"}]}},"jetpack_sharing_enabled":true,"distributor_meta":false,"distributor_terms":false,"distributor_media":false,"distributor_original_site_name":"Grazia","distributor_original_site_url":"https:\/\/graziamagazine.com\/es","push-errors":false,"_links":{"self":[{"href":"https:\/\/graziamagazine.com\/es\/wp-json\/wp\/v2\/articles\/116850"}],"collection":[{"href":"https:\/\/graziamagazine.com\/es\/wp-json\/wp\/v2\/articles"}],"about":[{"href":"https:\/\/graziamagazine.com\/es\/wp-json\/wp\/v2\/types\/articles"}],"author":[{"embeddable":true,"href":"https:\/\/graziamagazine.com\/es\/wp-json\/wp\/v2\/users\/24470"}],"wp:attachment":[{"href":"https:\/\/graziamagazine.com\/es\/wp-json\/wp\/v2\/media?parent=116850"}],"wp:term":[{"taxonomy":"category","embeddable":true,"href":"https:\/\/graziamagazine.com\/es\/wp-json\/wp\/v2\/categories?post=116850"}],"curies":[{"name":"wp","href":"https:\/\/api.w.org\/{rel}","templated":true}]}}