{"id":116264,"date":"2017-06-04T01:15:29","date_gmt":"2017-06-03T23:15:29","guid":{"rendered":"https:\/\/graziamagazine.com\/es\/?p=116264"},"modified":"2017-06-04T16:18:24","modified_gmt":"2017-06-04T14:18:24","slug":"david-delfin-asi-te-recordaremos","status":"publish","type":"articles","link":"https:\/\/graziamagazine.com\/es\/articles\/david-delfin-asi-te-recordaremos\/","title":{"rendered":"David Delf\u00edn, as\u00ed te recordaremos"},"content":{"rendered":"<p>El dise\u00f1ador malague\u00f1o <strong>David Delf\u00edn nos ha dejado a los 46 a\u00f1os<\/strong> -pronto, demasiado pronto, como si alguna vez no lo fuera-, tras una intensa batalla contra el c\u00e1ncer. Una pelea que ha apagado la luz de uno de los creativos m\u00e1s magn\u00e9ticos del panorama espa\u00f1ol.<\/p>\n<figure id=\"attachment_116267\" aria-describedby=\"caption-attachment-116267\" style=\"width: 785px\" class=\"wp-caption aligncenter\"><img loading=\"lazy\" decoding=\"async\" class=\"size-full wp-image-116267\" src=\"https:\/\/graziamagazine.com\/es\/wp-content\/uploads\/sites\/12\/2017\/06\/01-david-delfin.jpg\" alt=\"\" width=\"785\" height=\"480\" srcset=\"https:\/\/graziamagazine.com\/es\/wp-content\/uploads\/sites\/12\/2017\/06\/01-david-delfin.jpg 785w, https:\/\/graziamagazine.com\/es\/wp-content\/uploads\/sites\/12\/2017\/06\/01-david-delfin-300x183.jpg 300w, https:\/\/graziamagazine.com\/es\/wp-content\/uploads\/sites\/12\/2017\/06\/01-david-delfin-768x470.jpg 768w, https:\/\/graziamagazine.com\/es\/wp-content\/uploads\/sites\/12\/2017\/06\/01-david-delfin-695x425.jpg 695w, https:\/\/graziamagazine.com\/es\/wp-content\/uploads\/sites\/12\/2017\/06\/01-david-delfin-720x440.jpg 720w, https:\/\/graziamagazine.com\/es\/wp-content\/uploads\/sites\/12\/2017\/06\/01-david-delfin-626x383.jpg 626w, https:\/\/graziamagazine.com\/es\/wp-content\/uploads\/sites\/12\/2017\/06\/01-david-delfin-360x220.jpg 360w\" sizes=\"(max-width: 785px) 100vw, 785px\" \/><figcaption id=\"caption-attachment-116267\" class=\"wp-caption-text\">David se va, pero nosotros nos quedaremos con esta imagen en la retina: sonriendo en la pasarela tras haber entregado otro poquito de \u00e9l en una nueva colecci\u00f3n. \u00a9 Getty Images<\/figcaption><\/figure>\n<p>Porque se mire como se mire, el creativo fue capaz de alcanzar algo de lo que muy pocos dise\u00f1adores espa\u00f1oles pueden presumir: <strong>David cre\u00f3 un lenguaje propio y una potente imagen que consigui\u00f3 hacer reconocible.<\/strong> Un estilo que, adem\u00e1s, ha ido evolucionando a lo largo de los a\u00f1os, desde su debut sobre la pasarela Cibeles en 2002.<\/p>\n<p>Pol\u00edticamente muy incorrecto, pol\u00e9mico y provocador, <strong>consigui\u00f3 abrir las ventanas del anquilosado dise\u00f1o patrio<\/strong> para traer vanguardia y nuevos aires. <strong>Borr\u00f3 las barreras de g\u00e9nero en sus colecciones<\/strong> (mucho antes de que se le ocurriera a Alessandro Michele), explor\u00f3 el mundo de los trampantojos y las dualidades mientras se entregaba sin reservas en cada colecci\u00f3n.<\/p>\n<p>Porque <strong>lo suyo sobre la pasarela era una verdadera abertura en canal, una entrega de las entra\u00f1as en cada nuevo cap\u00edtulo de su autobiograf\u00eda.<\/strong> Cada seis meses esparc\u00eda su esencia en una de las citas m\u00e1s concurridas de cada semana de la moda madrile\u00f1a, quiz\u00e1 porque supo entender que el desfile tambi\u00e9n es espect\u00e1culo. Espect\u00e1culo, negocio y moda: una ut\u00f3pica tr\u00edada que tit\u00e1nicamente David Delf\u00edn supo entender.<\/p>\n<p>Una moda que ahora recordamos con 10 im\u00e1genes de algunas de sus colecciones:<\/p>\n<p>[galeria]<\/p>\n<p><iframe loading=\"lazy\" style=\"border: none; overflow: hidden; height: 258px;\" src=\"\/\/www.facebook.com\/plugins\/likebox.php?href=https%3A%2F%2Fwww.facebook.com%2Fgraziaespana&amp;width&amp;height=258&amp;colorscheme=light&amp;show_faces=true&amp;header=false&amp;stream=false&amp;show_border=false&amp;appId=349017955267591\" width=\"300\" height=\"150\" frameborder=\"0\" scrolling=\"no\"><\/iframe><\/p>\n","protected":false},"author":21500,"featured_media":0,"template":"","format":"standard","categories":[3,1],"acf":[],"yoast_head":"<!-- This site is optimized with the Yoast SEO Premium plugin v18.5 (Yoast SEO v20.4) - https:\/\/yoast.com\/wordpress\/plugins\/seo\/ -->\n<title>David Delf\u00edn, as\u00ed te recordaremos<\/title>\n<meta name=\"description\" content=\"David Delf\u00edn, te recordaremos por tu incansable audacia y tu creatividad contracorriente. Esparciendo tu esencia sobre la pasarela en cada colecci\u00f3n.\" \/>\n<meta name=\"robots\" content=\"index, follow, max-snippet:-1, max-image-preview:large, max-video-preview:-1\" \/>\n<link rel=\"canonical\" href=\"https:\/\/graziamagazine.com\/es\/articles\/david-delfin-asi-te-recordaremos\/\" \/>\n<meta property=\"og:locale\" content=\"es_ES\" \/>\n<meta property=\"og:type\" content=\"article\" \/>\n<meta property=\"og:title\" content=\"David, as\u00ed te recordaremos\" \/>\n<meta property=\"og:description\" content=\"Por tu incansable audacia y tu creatividad contracorriente. Esparciendo tu esencia sobre la pasarela en cada colecci\u00f3n.\" \/>\n<meta property=\"og:url\" content=\"https:\/\/graziamagazine.com\/es\/articles\/david-delfin-asi-te-recordaremos\/\" \/>\n<meta property=\"og:site_name\" content=\"Grazia\" \/>\n<meta property=\"article:modified_time\" content=\"2017-06-04T14:18:24+00:00\" \/>\n<meta property=\"og:image\" content=\"https:\/\/graziamagazine.com\/es\/wp-content\/uploads\/sites\/12\/2017\/06\/04004135\/01-david-delfin.jpg?fit=785%2C480\" \/>\n\t<meta property=\"og:image:width\" content=\"785\" \/>\n\t<meta property=\"og:image:height\" content=\"480\" \/>\n\t<meta property=\"og:image:type\" content=\"image\/jpeg\" \/>\n<meta name=\"twitter:card\" content=\"summary_large_image\" \/>\n<meta name=\"twitter:title\" content=\"David, as\u00ed te recordaremos\" \/>\n<meta name=\"twitter:description\" content=\"Por tu incansable audacia y tu creatividad contracorriente. Esparciendo tu esencia sobre la pasarela en cada colecci\u00f3n.\" \/>\n<meta name=\"twitter:image\" content=\"http:\/\/s3-eu-west-1.amazonaws.com\/grazia-cdn\/wp-content\/uploads\/sites\/12\/2017\/06\/04004135\/01-david-delfin.jpg\" \/>\n<meta name=\"twitter:label1\" content=\"Est. reading time\" \/>\n\t<meta name=\"twitter:data1\" content=\"2 minutos\" \/>\n<script type=\"application\/ld+json\" class=\"yoast-schema-graph\">{\"@context\":\"https:\/\/schema.org\",\"@graph\":[{\"@type\":\"WebPage\",\"@id\":\"https:\/\/graziamagazine.com\/es\/articles\/david-delfin-asi-te-recordaremos\/\",\"url\":\"https:\/\/graziamagazine.com\/es\/articles\/david-delfin-asi-te-recordaremos\/\",\"name\":\"David Delf\u00edn, as\u00ed te recordaremos\",\"isPartOf\":{\"@id\":\"https:\/\/graziamagazine.com\/es\/#website\"},\"datePublished\":\"2017-06-03T23:15:29+00:00\",\"dateModified\":\"2017-06-04T14:18:24+00:00\",\"description\":\"David Delf\u00edn, te recordaremos por tu incansable audacia y tu creatividad contracorriente. Esparciendo tu esencia sobre la pasarela en cada colecci\u00f3n.\",\"breadcrumb\":{\"@id\":\"https:\/\/graziamagazine.com\/es\/articles\/david-delfin-asi-te-recordaremos\/#breadcrumb\"},\"inLanguage\":\"es\",\"potentialAction\":[{\"@type\":\"ReadAction\",\"target\":[\"https:\/\/graziamagazine.com\/es\/articles\/david-delfin-asi-te-recordaremos\/\"]}]},{\"@type\":\"BreadcrumbList\",\"@id\":\"https:\/\/graziamagazine.com\/es\/articles\/david-delfin-asi-te-recordaremos\/#breadcrumb\",\"itemListElement\":[{\"@type\":\"ListItem\",\"position\":1,\"name\":\"Portada\",\"item\":\"https:\/\/graziamagazine.com\/es\/\"},{\"@type\":\"ListItem\",\"position\":2,\"name\":\"David Delf\u00edn, as\u00ed te recordaremos\"}]},{\"@type\":\"WebSite\",\"@id\":\"https:\/\/graziamagazine.com\/es\/#website\",\"url\":\"https:\/\/graziamagazine.com\/es\/\",\"name\":\"Grazia\",\"description\":\"Moda, belleza, celebrities, estilo de vida...\",\"potentialAction\":[{\"@type\":\"SearchAction\",\"target\":{\"@type\":\"EntryPoint\",\"urlTemplate\":\"https:\/\/graziamagazine.com\/es\/?s={search_term_string}\"},\"query-input\":\"required name=search_term_string\"}],\"inLanguage\":\"es\"}]}<\/script>\n<!-- \/ Yoast SEO Premium plugin. -->","yoast_head_json":{"title":"David Delf\u00edn, as\u00ed te recordaremos","description":"David Delf\u00edn, te recordaremos por tu incansable audacia y tu creatividad contracorriente. Esparciendo tu esencia sobre la pasarela en cada colecci\u00f3n.","robots":{"index":"index","follow":"follow","max-snippet":"max-snippet:-1","max-image-preview":"max-image-preview:large","max-video-preview":"max-video-preview:-1"},"canonical":"https:\/\/graziamagazine.com\/es\/articles\/david-delfin-asi-te-recordaremos\/","og_locale":"es_ES","og_type":"article","og_title":"David, as\u00ed te recordaremos","og_description":"Por tu incansable audacia y tu creatividad contracorriente. Esparciendo tu esencia sobre la pasarela en cada colecci\u00f3n.","og_url":"https:\/\/graziamagazine.com\/es\/articles\/david-delfin-asi-te-recordaremos\/","og_site_name":"Grazia","article_modified_time":"2017-06-04T14:18:24+00:00","og_image":[{"width":785,"height":480,"url":"https:\/\/graziamagazine.com\/es\/wp-content\/uploads\/sites\/12\/2017\/06\/04004135\/01-david-delfin.jpg?fit=785%2C480","type":"image\/jpeg"}],"twitter_card":"summary_large_image","twitter_title":"David, as\u00ed te recordaremos","twitter_description":"Por tu incansable audacia y tu creatividad contracorriente. Esparciendo tu esencia sobre la pasarela en cada colecci\u00f3n.","twitter_image":"http:\/\/s3-eu-west-1.amazonaws.com\/grazia-cdn\/wp-content\/uploads\/sites\/12\/2017\/06\/04004135\/01-david-delfin.jpg","twitter_misc":{"Est. reading time":"2 minutos"},"schema":{"@context":"https:\/\/schema.org","@graph":[{"@type":"WebPage","@id":"https:\/\/graziamagazine.com\/es\/articles\/david-delfin-asi-te-recordaremos\/","url":"https:\/\/graziamagazine.com\/es\/articles\/david-delfin-asi-te-recordaremos\/","name":"David Delf\u00edn, as\u00ed te recordaremos","isPartOf":{"@id":"https:\/\/graziamagazine.com\/es\/#website"},"datePublished":"2017-06-03T23:15:29+00:00","dateModified":"2017-06-04T14:18:24+00:00","description":"David Delf\u00edn, te recordaremos por tu incansable audacia y tu creatividad contracorriente. Esparciendo tu esencia sobre la pasarela en cada colecci\u00f3n.","breadcrumb":{"@id":"https:\/\/graziamagazine.com\/es\/articles\/david-delfin-asi-te-recordaremos\/#breadcrumb"},"inLanguage":"es","potentialAction":[{"@type":"ReadAction","target":["https:\/\/graziamagazine.com\/es\/articles\/david-delfin-asi-te-recordaremos\/"]}]},{"@type":"BreadcrumbList","@id":"https:\/\/graziamagazine.com\/es\/articles\/david-delfin-asi-te-recordaremos\/#breadcrumb","itemListElement":[{"@type":"ListItem","position":1,"name":"Portada","item":"https:\/\/graziamagazine.com\/es\/"},{"@type":"ListItem","position":2,"name":"David Delf\u00edn, as\u00ed te recordaremos"}]},{"@type":"WebSite","@id":"https:\/\/graziamagazine.com\/es\/#website","url":"https:\/\/graziamagazine.com\/es\/","name":"Grazia","description":"Moda, belleza, celebrities, estilo de vida...","potentialAction":[{"@type":"SearchAction","target":{"@type":"EntryPoint","urlTemplate":"https:\/\/graziamagazine.com\/es\/?s={search_term_string}"},"query-input":"required name=search_term_string"}],"inLanguage":"es"}]}},"jetpack_sharing_enabled":true,"distributor_meta":false,"distributor_terms":false,"distributor_media":false,"distributor_original_site_name":"Grazia","distributor_original_site_url":"https:\/\/graziamagazine.com\/es","push-errors":false,"_links":{"self":[{"href":"https:\/\/graziamagazine.com\/es\/wp-json\/wp\/v2\/articles\/116264"}],"collection":[{"href":"https:\/\/graziamagazine.com\/es\/wp-json\/wp\/v2\/articles"}],"about":[{"href":"https:\/\/graziamagazine.com\/es\/wp-json\/wp\/v2\/types\/articles"}],"author":[{"embeddable":true,"href":"https:\/\/graziamagazine.com\/es\/wp-json\/wp\/v2\/users\/21500"}],"wp:attachment":[{"href":"https:\/\/graziamagazine.com\/es\/wp-json\/wp\/v2\/media?parent=116264"}],"wp:term":[{"taxonomy":"category","embeddable":true,"href":"https:\/\/graziamagazine.com\/es\/wp-json\/wp\/v2\/categories?post=116264"}],"curies":[{"name":"wp","href":"https:\/\/api.w.org\/{rel}","templated":true}]}}