{"id":114906,"date":"2017-05-20T20:36:53","date_gmt":"2017-05-20T18:36:53","guid":{"rendered":"https:\/\/graziamagazine.com\/es\/?p=114906"},"modified":"2017-05-20T18:24:05","modified_gmt":"2017-05-20T16:24:05","slug":"cafe-tiendas-de-lujo","status":"publish","type":"articles","link":"https:\/\/graziamagazine.com\/es\/articles\/cafe-tiendas-de-lujo\/","title":{"rendered":"En estas tiendas de lujo podr\u00e1s tomarte un caf\u00e9"},"content":{"rendered":"<p>Hace ya mucho tiempo que las principales firmas de moda y cosm\u00e9tica son mucho m\u00e1s que eso. En la b\u00fasqueda por crear un concepto global de imagen de marca, se han atrevido con incursiones en diferentes campos que permiten una transversalidad m\u00e1s all\u00e1 de las franquicias t\u00edpicas de \u00f3ptica o perfumer\u00eda. La gastronom\u00eda es una de las que m\u00e1s predicamento est\u00e1 obteniendo. Con m\u00e1s o menos acierto a la hora de mezclar ambos mundos, cafeter\u00edas y restaurantes ocupan espacios principales en las boutiques estrella, permitiendo una experiencia de compra completa, en la que participan los cinco sentidos.<\/p>\n<p>Las firmas de gran lujo han sido las que m\u00e1s han apostado por estos espacios gourmet en sus tiendas de referencia. As\u00ed, su est\u00e9tica singular se traslada incluso a los men\u00fas y a las recetas, que no dudan en cambiar, como su ropa o sus l\u00edneas de cosm\u00e9ticos, cada seis meses. Adem\u00e1s, es una buena excusa para, por fin, ser cliente de algunas de ellas. Porque quiz\u00e1 no nos llegue para un bolso de la \u00faltima colecci\u00f3n, pero seguro que s\u00ed para un pastelillo, un zumo o un s\u00e1ndwich de lo m\u00e1s glamouroso.<\/p>\n<p><strong>Skinfood \u2013 Se\u00fal (Corea del Sur)<\/strong><\/p>\n<p>La boutique de <u><a href=\"http:\/\/eng.theskinfood.com\/shopMain\/shopMain.do\" target=\"_blank\" rel=\"noopener noreferrer\" target=\"_blank\">Skinfood<\/a>,<\/u> en el barrio de Gagnam, es toda una pasada. La firma cuenta con una peque\u00f1a casita en tonos blancos y amarillos de dos plantas: una para la venta de sus cosm\u00e9ticos con base de frutas y verduras y otra para acoger una cafeter\u00eda en la que tambi\u00e9n son protagonistas los mismos alimentos con los que realizan los\u00a0productos de belleza. Una furgoneta vintage en los mismos tonos da la bienvenida y el men\u00fa incluye desde batidos y zumos naturales\u00a0a bocados en plan tosta o medias noches, con una presentaci\u00f3n incre\u00edble.<\/p>\n<ul>\n<li>\u00bfD\u00f3nde? 37 Apgujeong-ro 12-gil. Sinsa-dong. Gangnam-gu. Se\u00fal.<\/li>\n<\/ul>\n<figure id=\"attachment_114920\" aria-describedby=\"caption-attachment-114920\" style=\"width: 785px\" class=\"wp-caption aligncenter\"><img loading=\"lazy\" decoding=\"async\" class=\"size-full wp-image-114920\" src=\"https:\/\/graziamagazine.com\/es\/wp-content\/uploads\/sites\/12\/2017\/05\/skinfood.jpg\" alt=\"\" width=\"785\" height=\"523\" srcset=\"https:\/\/graziamagazine.com\/es\/wp-content\/uploads\/sites\/12\/2017\/05\/skinfood.jpg 785w, https:\/\/graziamagazine.com\/es\/wp-content\/uploads\/sites\/12\/2017\/05\/skinfood-300x200.jpg 300w, https:\/\/graziamagazine.com\/es\/wp-content\/uploads\/sites\/12\/2017\/05\/skinfood-768x512.jpg 768w, https:\/\/graziamagazine.com\/es\/wp-content\/uploads\/sites\/12\/2017\/05\/skinfood-720x480.jpg 720w, https:\/\/graziamagazine.com\/es\/wp-content\/uploads\/sites\/12\/2017\/05\/skinfood-626x417.jpg 626w, https:\/\/graziamagazine.com\/es\/wp-content\/uploads\/sites\/12\/2017\/05\/skinfood-360x240.jpg 360w\" sizes=\"(max-width: 785px) 100vw, 785px\" \/><figcaption id=\"caption-attachment-114920\" class=\"wp-caption-text\">En Skinfood los mismos ingredientes de los zumos sirven para fabricar cremas.<\/figcaption><\/figure>\n<p><strong>Vivienne Westwood \u2013 Hong Kong y Shangh\u00e1i (China)<\/strong><\/p>\n<p>La <u><a href=\"http:\/\/www.viviennewestwood.com\/en-gb\" target=\"_blank\" rel=\"noopener noreferrer\" target=\"_blank\">dise\u00f1adora brit\u00e1nica<\/a><\/u> tiene en China algo m\u00e1s que una boutique de moda. All\u00ed ha creado, primero en Shangh\u00e1i (en el K11 Art Mall) y luego en Hong Kong (en pleno puerto), unas cafeter\u00edas que completan su oferta. Como no pod\u00eda ser de otro modo, se trata de un c\u00f3rner en el que se sirve el t\u00e9 de las cinco (a todas horas, eso s\u00ed), para lo que cuentan con peque\u00f1as delicias dulces, <em>scones,<\/em> teteras y juegos completos de tazas de porcelana&#8230; Los estampados de las colecciones tambi\u00e9n aparecen en los pasteles.<\/p>\n<ul>\n<li>\u00bfD\u00f3nde? Harbour City, 3 &#8211; 27 Canton Rd. Tsim Sha Tsui. Hong Kong.<\/li>\n<\/ul>\n<figure id=\"attachment_114921\" aria-describedby=\"caption-attachment-114921\" style=\"width: 785px\" class=\"wp-caption aligncenter\"><img loading=\"lazy\" decoding=\"async\" class=\"size-full wp-image-114921\" src=\"https:\/\/graziamagazine.com\/es\/wp-content\/uploads\/sites\/12\/2017\/05\/westwood.jpg\" alt=\"\" width=\"785\" height=\"589\" srcset=\"https:\/\/graziamagazine.com\/es\/wp-content\/uploads\/sites\/12\/2017\/05\/westwood.jpg 785w, https:\/\/graziamagazine.com\/es\/wp-content\/uploads\/sites\/12\/2017\/05\/westwood-300x225.jpg 300w, https:\/\/graziamagazine.com\/es\/wp-content\/uploads\/sites\/12\/2017\/05\/westwood-768x576.jpg 768w, https:\/\/graziamagazine.com\/es\/wp-content\/uploads\/sites\/12\/2017\/05\/westwood-720x540.jpg 720w, https:\/\/graziamagazine.com\/es\/wp-content\/uploads\/sites\/12\/2017\/05\/westwood-626x470.jpg 626w, https:\/\/graziamagazine.com\/es\/wp-content\/uploads\/sites\/12\/2017\/05\/westwood-360x270.jpg 360w\" sizes=\"(max-width: 785px) 100vw, 785px\" \/><figcaption id=\"caption-attachment-114921\" class=\"wp-caption-text\">Vivienne Westwood ha conseguido trasladar las meriendas m\u00e1s British al coraz\u00f3n de China.<\/figcaption><\/figure>\n<p><strong>Ralph Lauren \u2013 Londres (Reino Unido)<\/strong><\/p>\n<p>El <u><a href=\"http:\/\/www.ralphlauren.co.uk\/\" target=\"_blank\" rel=\"noopener noreferrer\" target=\"_blank\">Ralph\u2019s Cofee &amp; Bar<\/a><\/u> es la apuesta gastron\u00f3mica que completa la impresionante tienda de Polo Ralph Lauren en Regent Street, una de las calles m\u00e1s m\u00edticas de las compras de todo el mundo. Es la cuarta experiencia gourmet de la firma tras las de Nueva York y Par\u00eds y fue abierta hace pocos meses, con espacio para 40 comensales. All\u00ed se sirve todo lo que uno esperar\u00eda encontrar en las reuniones de la alta sociedad de Manhattan, ostras incluidas. Tampoco\u00a0faltan ensaladas y s\u00e1ndwiches ligeros, as\u00ed como una carta de c\u00f3cteles.<\/p>\n<ul>\n<li>\u00bfD\u00f3nde? 173, Regent St. Londres.<\/li>\n<\/ul>\n<figure id=\"attachment_114918\" aria-describedby=\"caption-attachment-114918\" style=\"width: 785px\" class=\"wp-caption aligncenter\"><img loading=\"lazy\" decoding=\"async\" class=\"size-full wp-image-114918\" src=\"https:\/\/graziamagazine.com\/es\/wp-content\/uploads\/sites\/12\/2017\/05\/ralph.jpg\" alt=\"\" width=\"785\" height=\"589\" srcset=\"https:\/\/graziamagazine.com\/es\/wp-content\/uploads\/sites\/12\/2017\/05\/ralph.jpg 785w, https:\/\/graziamagazine.com\/es\/wp-content\/uploads\/sites\/12\/2017\/05\/ralph-300x225.jpg 300w, https:\/\/graziamagazine.com\/es\/wp-content\/uploads\/sites\/12\/2017\/05\/ralph-768x576.jpg 768w, https:\/\/graziamagazine.com\/es\/wp-content\/uploads\/sites\/12\/2017\/05\/ralph-720x540.jpg 720w, https:\/\/graziamagazine.com\/es\/wp-content\/uploads\/sites\/12\/2017\/05\/ralph-626x470.jpg 626w, https:\/\/graziamagazine.com\/es\/wp-content\/uploads\/sites\/12\/2017\/05\/ralph-360x270.jpg 360w\" sizes=\"(max-width: 785px) 100vw, 785px\" \/><figcaption id=\"caption-attachment-114918\" class=\"wp-caption-text\">En Ralph&#8217;s espera encontrar lo que esperar\u00edas de cualquier reuni\u00f3n de la alta sociedad de Manhattan.<\/figcaption><\/figure>\n<p><strong>Gucci \u2013 Leccio Reggello (Italia)<\/strong><\/p>\n<p>En el coraz\u00f3n de la Toscana (a un paso de Florencia) se encuentra uno de esos grandes outlets de firmas de lujo que tanto gustan a los amantes de las compras. Se llama <u><a href=\"https:\/\/www.themall.it\/es\/outlet-italy\/homepage.html\" target=\"_blank\" rel=\"noopener noreferrer\" target=\"_blank\">The Mall<\/a><\/u> y cuenta con una impactante tienda de <u><a href=\"https:\/\/www.themall.it\/es\/outlet-italy\/el-restaurante-y-cafe.html\" target=\"_blank\" rel=\"noopener noreferrer\" target=\"_blank\">Gucci<\/a><\/u> cuyo tejado est\u00e1 ocupado nada menos que por el Gucci Caff\u00e9. Esto permite no solo disfrutar de un verdadero espresso, sino tambi\u00e9n de las bonitas vistas que de la regi\u00f3n ofrece este rinc\u00f3n en plena naturaleza. Hay ensaladas, panes reci\u00e9n horneados, gelattos y bocados t\u00edpicamente italianos.<\/p>\n<ul>\n<li>\u00bfD\u00f3nde? Via Europa, 8. Leccio Reggello (Italia).<\/li>\n<\/ul>\n<figure id=\"attachment_114916\" aria-describedby=\"caption-attachment-114916\" style=\"width: 785px\" class=\"wp-caption aligncenter\"><img loading=\"lazy\" decoding=\"async\" class=\"size-full wp-image-114916\" src=\"https:\/\/graziamagazine.com\/es\/wp-content\/uploads\/sites\/12\/2017\/05\/gucci.jpg\" alt=\"\" width=\"785\" height=\"257\" srcset=\"https:\/\/graziamagazine.com\/es\/wp-content\/uploads\/sites\/12\/2017\/05\/gucci.jpg 785w, https:\/\/graziamagazine.com\/es\/wp-content\/uploads\/sites\/12\/2017\/05\/gucci-300x98.jpg 300w, https:\/\/graziamagazine.com\/es\/wp-content\/uploads\/sites\/12\/2017\/05\/gucci-768x251.jpg 768w, https:\/\/graziamagazine.com\/es\/wp-content\/uploads\/sites\/12\/2017\/05\/gucci-720x236.jpg 720w, https:\/\/graziamagazine.com\/es\/wp-content\/uploads\/sites\/12\/2017\/05\/gucci-626x205.jpg 626w, https:\/\/graziamagazine.com\/es\/wp-content\/uploads\/sites\/12\/2017\/05\/gucci-360x118.jpg 360w\" sizes=\"(max-width: 785px) 100vw, 785px\" \/><figcaption id=\"caption-attachment-114916\" class=\"wp-caption-text\">El imponente outlet de Gucci (con caf\u00e9 incorporado) es una parada obligatoria para cualquier amante de la firma.<\/figcaption><\/figure>\n<p><strong>Roberto Cavalli \u2013 Nueva Delhi (India)<\/strong><\/p>\n<p>Lo de <u><a href=\"http:\/\/www.robertocavalli.com\/es_es\/\" target=\"_blank\" rel=\"noopener noreferrer\" target=\"_blank\">Cavalli<\/a><\/u> se podr\u00eda considerar ya todo un emporio gastron\u00f3mico. El dise\u00f1ador cuenta con negocios de restauraci\u00f3n por pr\u00e1cticamente todo el planeta, pero no suelen estar junto a sus tiendas, sino en locales independientes. No es el caso, en cambio, de su bar de Nueva Delhi, que completa la boutique y que ofrece su vodka, adem\u00e1s de todo tipo de c\u00f3cteles y platos italianos que incluyen pasta y risottos. El anagrama de la firma est\u00e1 en todos lados, incluso en los caf\u00e9s que se sirven (lo hacen con el cacao\/canela espolvoreada).<\/p>\n<ul>\n<li>\u00bfD\u00f3nde? DLF Emporio, 133. Vasant Kunj II. Nueva Delhi.<\/li>\n<\/ul>\n<figure id=\"attachment_114915\" aria-describedby=\"caption-attachment-114915\" style=\"width: 785px\" class=\"wp-caption aligncenter\"><img loading=\"lazy\" decoding=\"async\" class=\"size-full wp-image-114915\" src=\"https:\/\/graziamagazine.com\/es\/wp-content\/uploads\/sites\/12\/2017\/05\/cavalli.jpg\" alt=\"\" width=\"785\" height=\"449\" srcset=\"https:\/\/graziamagazine.com\/es\/wp-content\/uploads\/sites\/12\/2017\/05\/cavalli.jpg 785w, https:\/\/graziamagazine.com\/es\/wp-content\/uploads\/sites\/12\/2017\/05\/cavalli-300x172.jpg 300w, https:\/\/graziamagazine.com\/es\/wp-content\/uploads\/sites\/12\/2017\/05\/cavalli-768x439.jpg 768w, https:\/\/graziamagazine.com\/es\/wp-content\/uploads\/sites\/12\/2017\/05\/cavalli-720x412.jpg 720w, https:\/\/graziamagazine.com\/es\/wp-content\/uploads\/sites\/12\/2017\/05\/cavalli-626x358.jpg 626w, https:\/\/graziamagazine.com\/es\/wp-content\/uploads\/sites\/12\/2017\/05\/cavalli-360x206.jpg 360w\" sizes=\"(max-width: 785px) 100vw, 785px\" \/><figcaption id=\"caption-attachment-114915\" class=\"wp-caption-text\">En los numerosos restaurantes de Cavalli encontrar\u00e1s su logo hasta en el caf\u00e9.<\/figcaption><\/figure>\n<p><strong>Santa Eulalia \u2013 Barcelona (Espa\u00f1a)<\/strong><\/p>\n<p>La boutique multimarca referente del lujo en Espa\u00f1a tambi\u00e9n ha querido dedicar un espacio a la alta restauraci\u00f3n. <u><a href=\"http:\/\/www.santaeulalia.com\" target=\"_blank\" rel=\"noopener noreferrer\" target=\"_blank\">Santa Eulalia<\/a><\/u> cuenta con un Bistrot &amp; Champagne Bar que ocupa un sal\u00f3n con terraza ajardinada, abierto tanto para desayunar como para un <em>afterwork.<\/em>\u00a0All\u00ed el champan de Louis Roederer es la estrella, pero donde tampoco falta el t\u00e9 con pastas o la cocina mediterr\u00e1nea; los dulces vienen de la mano de chocolates Pancracio y macarons de Enric Rosich. Sin duda, el mejor <em>after-shopping<\/em> (si el t\u00e9rmino existiera) de la Ciudad Condal.<\/p>\n<ul>\n<li>\u00bfD\u00f3nde? Paseo de Gracia, 93. Barcelona.<\/li>\n<\/ul>\n<figure id=\"attachment_114919\" aria-describedby=\"caption-attachment-114919\" style=\"width: 785px\" class=\"wp-caption aligncenter\"><img loading=\"lazy\" decoding=\"async\" class=\"size-full wp-image-114919\" src=\"https:\/\/graziamagazine.com\/es\/wp-content\/uploads\/sites\/12\/2017\/05\/santaeulalia.jpg\" alt=\"\" width=\"785\" height=\"330\" srcset=\"https:\/\/graziamagazine.com\/es\/wp-content\/uploads\/sites\/12\/2017\/05\/santaeulalia.jpg 785w, https:\/\/graziamagazine.com\/es\/wp-content\/uploads\/sites\/12\/2017\/05\/santaeulalia-300x126.jpg 300w, https:\/\/graziamagazine.com\/es\/wp-content\/uploads\/sites\/12\/2017\/05\/santaeulalia-768x323.jpg 768w, https:\/\/graziamagazine.com\/es\/wp-content\/uploads\/sites\/12\/2017\/05\/santaeulalia-720x303.jpg 720w, https:\/\/graziamagazine.com\/es\/wp-content\/uploads\/sites\/12\/2017\/05\/santaeulalia-626x263.jpg 626w, https:\/\/graziamagazine.com\/es\/wp-content\/uploads\/sites\/12\/2017\/05\/santaeulalia-360x151.jpg 360w\" sizes=\"(max-width: 785px) 100vw, 785px\" \/><figcaption id=\"caption-attachment-114919\" class=\"wp-caption-text\">La terraza de Santa Eulalia: el mejor after-shopping en la Ciudad Condal.<\/figcaption><\/figure>\n<p><strong>L\u2019Occitane \u2013 Tokio (Japon)<\/strong><\/p>\n<p>Llevar un poquito de la Provenza francesa al ca\u00f3tico centro de las tiendas de Tokio, el barrio de Shibuya, es la proeza que ha conseguido <u><a href=\"http:\/\/jp.loccitane.com\/\" target=\"_blank\" rel=\"noopener noreferrer\" target=\"_blank\">L\u2019Occitane<\/a><\/u> con la creaci\u00f3n de su L\u2019Occitane Caf\u00e9, que ocupa la segunda y tercera planta de la tienda que la marca tiene en tan deseado distrito de la capital japonesa. Las mesas que est\u00e1n junto a las cristaleras son las m\u00e1s demandadas, ya que puedes tomar una infusi\u00f3n mientras ves uno de los cruces m\u00e1s transitados del planeta. Tambi\u00e9n sirven Croque Monsieur y otras exquisiteces francesas.<\/p>\n<ul>\n<li>\u00bfD\u00f3nde? Shibuya Eki Mae Biru. 2-3-1 Dogenzaka. Shibuya-ku. Tokio.<\/li>\n<\/ul>\n<figure id=\"attachment_114917\" aria-describedby=\"caption-attachment-114917\" style=\"width: 785px\" class=\"wp-caption aligncenter\"><img loading=\"lazy\" decoding=\"async\" class=\"size-full wp-image-114917\" src=\"https:\/\/graziamagazine.com\/es\/wp-content\/uploads\/sites\/12\/2017\/05\/occitane.jpg\" alt=\"\" width=\"785\" height=\"442\" srcset=\"https:\/\/graziamagazine.com\/es\/wp-content\/uploads\/sites\/12\/2017\/05\/occitane.jpg 785w, https:\/\/graziamagazine.com\/es\/wp-content\/uploads\/sites\/12\/2017\/05\/occitane-300x169.jpg 300w, https:\/\/graziamagazine.com\/es\/wp-content\/uploads\/sites\/12\/2017\/05\/occitane-768x432.jpg 768w, https:\/\/graziamagazine.com\/es\/wp-content\/uploads\/sites\/12\/2017\/05\/occitane-720x405.jpg 720w, https:\/\/graziamagazine.com\/es\/wp-content\/uploads\/sites\/12\/2017\/05\/occitane-626x352.jpg 626w, https:\/\/graziamagazine.com\/es\/wp-content\/uploads\/sites\/12\/2017\/05\/occitane-360x203.jpg 360w, https:\/\/graziamagazine.com\/es\/wp-content\/uploads\/sites\/12\/2017\/05\/occitane-451x254.jpg 451w\" sizes=\"(max-width: 785px) 100vw, 785px\" \/><figcaption id=\"caption-attachment-114917\" class=\"wp-caption-text\">Desde el caf\u00e9 de L&#8217;Occitane puedes ver el cruce m\u00e1s famoso del mundo.<\/figcaption><\/figure>\n<p><iframe loading=\"lazy\" style=\"border: none; overflow: hidden; height: 258px;\" src=\"\/\/www.facebook.com\/plugins\/likebox.php?href=https%3A%2F%2Fwww.facebook.com%2Fgraziaespana&amp;width&amp;height=258&amp;colorscheme=light&amp;show_faces=true&amp;header=false&amp;stream=false&amp;show_border=false&amp;appId=349017955267591\" width=\"300\" height=\"150\" frameborder=\"0\" scrolling=\"no\"><\/iframe><\/p>\n","protected":false},"author":22881,"featured_media":0,"template":"","format":"standard","categories":[20,18],"acf":[],"yoast_head":"<!-- This site is optimized with the Yoast SEO Premium plugin v18.5 (Yoast SEO v20.4) - https:\/\/yoast.com\/wordpress\/plugins\/seo\/ -->\n<title>En estas tiendas de lujo podr\u00e1s tomarte un caf\u00e9 | Grazia<\/title>\n<meta name=\"description\" content=\"Cada vez son m\u00e1s las firmas que se apuntan a ofrecer un espacio gourmet en sus tiendas de referencia: caf\u00e9 tiendas de lujo.\" \/>\n<meta name=\"robots\" content=\"index, follow, max-snippet:-1, max-image-preview:large, max-video-preview:-1\" \/>\n<link rel=\"canonical\" href=\"https:\/\/graziamagazine.com\/es\/articles\/cafe-tiendas-de-lujo\/\" \/>\n<meta property=\"og:locale\" content=\"es_ES\" \/>\n<meta property=\"og:type\" content=\"article\" \/>\n<meta property=\"og:title\" content=\"En estas tiendas de lujo podr\u00e1s tomarte un caf\u00e9\" \/>\n<meta property=\"og:description\" content=\"Cada vez son m\u00e1s las firmas que se apuntan a ofrecer un espacio gourmet en sus tiendas de referencia.\" \/>\n<meta property=\"og:url\" content=\"https:\/\/graziamagazine.com\/es\/articles\/cafe-tiendas-de-lujo\/\" \/>\n<meta property=\"og:site_name\" content=\"Grazia\" \/>\n<meta property=\"article:modified_time\" content=\"2017-05-20T16:24:05+00:00\" \/>\n<meta property=\"og:image\" content=\"https:\/\/graziamagazine.com\/es\/wp-content\/uploads\/sites\/12\/2017\/05\/11160623\/01-caf\u00e9-tiendas-de-lujo.jpg?fit=785%2C480\" \/>\n\t<meta property=\"og:image:width\" content=\"785\" \/>\n\t<meta property=\"og:image:height\" content=\"480\" \/>\n\t<meta property=\"og:image:type\" content=\"image\/jpeg\" \/>\n<meta name=\"twitter:card\" content=\"summary_large_image\" \/>\n<meta name=\"twitter:title\" content=\"En estas tiendas de lujo podr\u00e1s tomarte un caf\u00e9\" \/>\n<meta name=\"twitter:description\" content=\"Cada vez son m\u00e1s las firmas que se apuntan a ofrecer un espacio gourmet en sus tiendas de referencia.\" \/>\n<meta name=\"twitter:image\" content=\"http:\/\/s3-eu-west-1.amazonaws.com\/grazia-cdn\/wp-content\/uploads\/sites\/12\/2017\/05\/11160623\/01-caf-tiendas-de-lujo.jpg\" \/>\n<meta name=\"twitter:label1\" content=\"Est. reading time\" \/>\n\t<meta name=\"twitter:data1\" content=\"6 minutos\" \/>\n<script type=\"application\/ld+json\" class=\"yoast-schema-graph\">{\"@context\":\"https:\/\/schema.org\",\"@graph\":[{\"@type\":\"WebPage\",\"@id\":\"https:\/\/graziamagazine.com\/es\/articles\/cafe-tiendas-de-lujo\/\",\"url\":\"https:\/\/graziamagazine.com\/es\/articles\/cafe-tiendas-de-lujo\/\",\"name\":\"En estas tiendas de lujo podr\u00e1s tomarte un caf\u00e9 | Grazia\",\"isPartOf\":{\"@id\":\"https:\/\/graziamagazine.com\/es\/#website\"},\"datePublished\":\"2017-05-20T18:36:53+00:00\",\"dateModified\":\"2017-05-20T16:24:05+00:00\",\"description\":\"Cada vez son m\u00e1s las firmas que se apuntan a ofrecer un espacio gourmet en sus tiendas de referencia: caf\u00e9 tiendas de lujo.\",\"breadcrumb\":{\"@id\":\"https:\/\/graziamagazine.com\/es\/articles\/cafe-tiendas-de-lujo\/#breadcrumb\"},\"inLanguage\":\"es\",\"potentialAction\":[{\"@type\":\"ReadAction\",\"target\":[\"https:\/\/graziamagazine.com\/es\/articles\/cafe-tiendas-de-lujo\/\"]}]},{\"@type\":\"BreadcrumbList\",\"@id\":\"https:\/\/graziamagazine.com\/es\/articles\/cafe-tiendas-de-lujo\/#breadcrumb\",\"itemListElement\":[{\"@type\":\"ListItem\",\"position\":1,\"name\":\"Portada\",\"item\":\"https:\/\/graziamagazine.com\/es\/\"},{\"@type\":\"ListItem\",\"position\":2,\"name\":\"En estas tiendas de lujo podr\u00e1s tomarte un caf\u00e9\"}]},{\"@type\":\"WebSite\",\"@id\":\"https:\/\/graziamagazine.com\/es\/#website\",\"url\":\"https:\/\/graziamagazine.com\/es\/\",\"name\":\"Grazia\",\"description\":\"Moda, belleza, celebrities, estilo de vida...\",\"potentialAction\":[{\"@type\":\"SearchAction\",\"target\":{\"@type\":\"EntryPoint\",\"urlTemplate\":\"https:\/\/graziamagazine.com\/es\/?s={search_term_string}\"},\"query-input\":\"required name=search_term_string\"}],\"inLanguage\":\"es\"}]}<\/script>\n<!-- \/ Yoast SEO Premium plugin. -->","yoast_head_json":{"title":"En estas tiendas de lujo podr\u00e1s tomarte un caf\u00e9 | Grazia","description":"Cada vez son m\u00e1s las firmas que se apuntan a ofrecer un espacio gourmet en sus tiendas de referencia: caf\u00e9 tiendas de lujo.","robots":{"index":"index","follow":"follow","max-snippet":"max-snippet:-1","max-image-preview":"max-image-preview:large","max-video-preview":"max-video-preview:-1"},"canonical":"https:\/\/graziamagazine.com\/es\/articles\/cafe-tiendas-de-lujo\/","og_locale":"es_ES","og_type":"article","og_title":"En estas tiendas de lujo podr\u00e1s tomarte un caf\u00e9","og_description":"Cada vez son m\u00e1s las firmas que se apuntan a ofrecer un espacio gourmet en sus tiendas de referencia.","og_url":"https:\/\/graziamagazine.com\/es\/articles\/cafe-tiendas-de-lujo\/","og_site_name":"Grazia","article_modified_time":"2017-05-20T16:24:05+00:00","og_image":[{"width":785,"height":480,"url":"https:\/\/graziamagazine.com\/es\/wp-content\/uploads\/sites\/12\/2017\/05\/11160623\/01-caf\u00e9-tiendas-de-lujo.jpg?fit=785%2C480","type":"image\/jpeg"}],"twitter_card":"summary_large_image","twitter_title":"En estas tiendas de lujo podr\u00e1s tomarte un caf\u00e9","twitter_description":"Cada vez son m\u00e1s las firmas que se apuntan a ofrecer un espacio gourmet en sus tiendas de referencia.","twitter_image":"http:\/\/s3-eu-west-1.amazonaws.com\/grazia-cdn\/wp-content\/uploads\/sites\/12\/2017\/05\/11160623\/01-caf-tiendas-de-lujo.jpg","twitter_misc":{"Est. reading time":"6 minutos"},"schema":{"@context":"https:\/\/schema.org","@graph":[{"@type":"WebPage","@id":"https:\/\/graziamagazine.com\/es\/articles\/cafe-tiendas-de-lujo\/","url":"https:\/\/graziamagazine.com\/es\/articles\/cafe-tiendas-de-lujo\/","name":"En estas tiendas de lujo podr\u00e1s tomarte un caf\u00e9 | Grazia","isPartOf":{"@id":"https:\/\/graziamagazine.com\/es\/#website"},"datePublished":"2017-05-20T18:36:53+00:00","dateModified":"2017-05-20T16:24:05+00:00","description":"Cada vez son m\u00e1s las firmas que se apuntan a ofrecer un espacio gourmet en sus tiendas de referencia: caf\u00e9 tiendas de lujo.","breadcrumb":{"@id":"https:\/\/graziamagazine.com\/es\/articles\/cafe-tiendas-de-lujo\/#breadcrumb"},"inLanguage":"es","potentialAction":[{"@type":"ReadAction","target":["https:\/\/graziamagazine.com\/es\/articles\/cafe-tiendas-de-lujo\/"]}]},{"@type":"BreadcrumbList","@id":"https:\/\/graziamagazine.com\/es\/articles\/cafe-tiendas-de-lujo\/#breadcrumb","itemListElement":[{"@type":"ListItem","position":1,"name":"Portada","item":"https:\/\/graziamagazine.com\/es\/"},{"@type":"ListItem","position":2,"name":"En estas tiendas de lujo podr\u00e1s tomarte un caf\u00e9"}]},{"@type":"WebSite","@id":"https:\/\/graziamagazine.com\/es\/#website","url":"https:\/\/graziamagazine.com\/es\/","name":"Grazia","description":"Moda, belleza, celebrities, estilo de vida...","potentialAction":[{"@type":"SearchAction","target":{"@type":"EntryPoint","urlTemplate":"https:\/\/graziamagazine.com\/es\/?s={search_term_string}"},"query-input":"required name=search_term_string"}],"inLanguage":"es"}]}},"jetpack_sharing_enabled":true,"distributor_meta":false,"distributor_terms":false,"distributor_media":false,"distributor_original_site_name":"Grazia","distributor_original_site_url":"https:\/\/graziamagazine.com\/es","push-errors":false,"_links":{"self":[{"href":"https:\/\/graziamagazine.com\/es\/wp-json\/wp\/v2\/articles\/114906"}],"collection":[{"href":"https:\/\/graziamagazine.com\/es\/wp-json\/wp\/v2\/articles"}],"about":[{"href":"https:\/\/graziamagazine.com\/es\/wp-json\/wp\/v2\/types\/articles"}],"author":[{"embeddable":true,"href":"https:\/\/graziamagazine.com\/es\/wp-json\/wp\/v2\/users\/22881"}],"wp:attachment":[{"href":"https:\/\/graziamagazine.com\/es\/wp-json\/wp\/v2\/media?parent=114906"}],"wp:term":[{"taxonomy":"category","embeddable":true,"href":"https:\/\/graziamagazine.com\/es\/wp-json\/wp\/v2\/categories?post=114906"}],"curies":[{"name":"wp","href":"https:\/\/api.w.org\/{rel}","templated":true}]}}