{"id":114827,"date":"2017-05-10T12:48:16","date_gmt":"2017-05-10T10:48:16","guid":{"rendered":"https:\/\/graziamagazine.com\/es\/?p=114827"},"modified":"2017-05-10T12:48:17","modified_gmt":"2017-05-10T10:48:17","slug":"kristen-stewart-imagen-la-nueva-fragancia-gabrielle-chanel","status":"publish","type":"articles","link":"https:\/\/graziamagazine.com\/es\/articles\/kristen-stewart-imagen-la-nueva-fragancia-gabrielle-chanel\/","title":{"rendered":"Kristen Stewart, imagen de la nueva fragancia &#8216;Gabrielle Chanel&#8217;"},"content":{"rendered":"<p>La mete\u00f3rica carrera de <a href=\"https:\/\/graziamagazine.com\/es\/etiqueta\/kristen-stewart\/\" target=\"_blank\">Kristen Stewart<\/a> sigue avanzando a pasos agigantados. Y no solo porque fuera la protagonista de dos de las pel\u00edculas m\u00e1s aplaudidas del pasado a\u00f1o: <em>Personal Shopper<\/em> y\u00a0<em>Caf\u00e9 Society<\/em> (a las \u00f3rdenes de Woody Allen), ni tampoco porque acabe de presentar su primer cortometraje como directora: <em>Come Swim<\/em>. Sino tambi\u00e9n porque <strong>desde que su alianza con <a href=\"https:\/\/graziamagazine.com\/es\/etiqueta\/chanel\/\" target=\"_blank\">Chanel<\/a> tuviera lugar\u00a0en 2013 (<del>s\u00ed, es una de las favoritas de Karl<\/del>), la actriz se ha convertido en una de las mujeres m\u00e1s exitosas, bellas y cotizadas del momento.<\/strong><\/p>\n<figure id=\"attachment_114828\" aria-describedby=\"caption-attachment-114828\" style=\"width: 785px\" class=\"wp-caption aligncenter\"><img loading=\"lazy\" decoding=\"async\" class=\"size-full wp-image-114828\" src=\"https:\/\/graziamagazine.com\/es\/wp-content\/uploads\/sites\/12\/2017\/05\/kristen-0.jpg\" alt=\"\" width=\"785\" height=\"480\" srcset=\"https:\/\/graziamagazine.com\/es\/wp-content\/uploads\/sites\/12\/2017\/05\/kristen-0.jpg 785w, https:\/\/graziamagazine.com\/es\/wp-content\/uploads\/sites\/12\/2017\/05\/kristen-0-300x183.jpg 300w, https:\/\/graziamagazine.com\/es\/wp-content\/uploads\/sites\/12\/2017\/05\/kristen-0-768x470.jpg 768w, https:\/\/graziamagazine.com\/es\/wp-content\/uploads\/sites\/12\/2017\/05\/kristen-0-695x425.jpg 695w, https:\/\/graziamagazine.com\/es\/wp-content\/uploads\/sites\/12\/2017\/05\/kristen-0-720x440.jpg 720w, https:\/\/graziamagazine.com\/es\/wp-content\/uploads\/sites\/12\/2017\/05\/kristen-0-626x383.jpg 626w, https:\/\/graziamagazine.com\/es\/wp-content\/uploads\/sites\/12\/2017\/05\/kristen-0-360x220.jpg 360w\" sizes=\"(max-width: 785px) 100vw, 785px\" \/><figcaption id=\"caption-attachment-114828\" class=\"wp-caption-text\">\u00abYo soy amiga de Karl, \u00bfy t\u00fa?\u00bb \u00a9 Getty Images<\/figcaption><\/figure>\n<p>Su belleza enigm\u00e1tica y su personalidad delicada y misteriosa la han convertido en la perfecta embajadora de la <em>maison<\/em>. Tanto que, tras ser imagen de diversas colecciones de moda y belleza de la marca, <strong>ha vuelto a ser la elegida para representar su \u00faltimo lanzamiento: la fragancia femenina Gabrielle Chanel.<\/strong><\/p>\n<p>La campa\u00f1a, creada por el director brit\u00e1nico Ringan Ledwidge y fotografiada por Karim Sadli, <strong>ver\u00e1 la luz durante el pr\u00f3ximo mes de septiembre junto al nuevo perfume creado por Olivier Polge<\/strong> en cooperaci\u00f3n con el laboratorio perfumista de Chanel.<\/p>\n<p>Mientras esperamos, podremos ver a Kristen durante este mes en el Festival de Cannes,\u00a0en el que por supuesto habr\u00e1 un lugar especial para su debut como directora. E ir abriendo boca con esta imagen adelanto de la campa\u00f1a.\u00a0<del>\u2665 Kristen<\/del>.\u00a0<del>\u2665 Chanel<\/del>.<\/p>\n<figure id=\"attachment_114832\" aria-describedby=\"caption-attachment-114832\" style=\"width: 600px\" class=\"wp-caption aligncenter\"><img loading=\"lazy\" decoding=\"async\" class=\"wp-image-114832 size-full\" src=\"https:\/\/graziamagazine.com\/es\/wp-content\/uploads\/sites\/12\/2017\/05\/kristenn.jpg\" alt=\"\" width=\"600\" height=\"783\" srcset=\"https:\/\/graziamagazine.com\/es\/wp-content\/uploads\/sites\/12\/2017\/05\/kristenn.jpg 600w, https:\/\/graziamagazine.com\/es\/wp-content\/uploads\/sites\/12\/2017\/05\/kristenn-230x300.jpg 230w, https:\/\/graziamagazine.com\/es\/wp-content\/uploads\/sites\/12\/2017\/05\/kristenn-360x470.jpg 360w\" sizes=\"(max-width: 600px) 100vw, 600px\" \/><figcaption id=\"caption-attachment-114832\" class=\"wp-caption-text\">Primera imagen de la campa\u00f1a de <em>Gabrielle Chanel<\/em>. \u00a9 Cortes\u00eda de la marca \/ Karim Sadli<\/figcaption><\/figure>\n<p><iframe loading=\"lazy\" style=\"border: none; overflow: hidden; height: 258px;\" src=\"\/\/www.facebook.com\/plugins\/likebox.php?href=https%3A%2F%2Fwww.facebook.com%2Fgraziaespana&amp;width&amp;height=258&amp;colorscheme=light&amp;show_faces=true&amp;header=false&amp;stream=false&amp;show_border=false&amp;appId=349017955267591\" width=\"300\" height=\"150\" frameborder=\"0\" scrolling=\"no\"><\/iframe><\/p>\n","protected":false},"author":15595,"featured_media":0,"template":"","format":"standard","categories":[8,7],"acf":[],"yoast_head":"<!-- This site is optimized with the Yoast SEO Premium plugin v18.5 (Yoast SEO v20.4) - https:\/\/yoast.com\/wordpress\/plugins\/seo\/ -->\n<title>Kristen Stewart, imagen de la nueva fragancia &#039;Gabrielle Chanel&#039; | Grazia<\/title>\n<meta name=\"description\" content=\"Kristen Stewart contin\u00faa su ya larga andadura con Chanel: esta vez junto al perfume m\u00e1s esperado. As\u00ed ser\u00e1 su nueva campa\u00f1a.\" \/>\n<meta name=\"robots\" content=\"index, follow, max-snippet:-1, max-image-preview:large, max-video-preview:-1\" \/>\n<link rel=\"canonical\" href=\"https:\/\/graziamagazine.com\/es\/articles\/kristen-stewart-imagen-la-nueva-fragancia-gabrielle-chanel\/\" \/>\n<meta property=\"og:locale\" content=\"es_ES\" \/>\n<meta property=\"og:type\" content=\"article\" \/>\n<meta property=\"og:title\" content=\"Kristen Stewart, imagen de la nueva fragancia &#039;Gabrielle Chanel&#039;\" \/>\n<meta property=\"og:description\" content=\"La actriz contin\u00faa su ya larga andadura con la firma francesa: esta vez junto al perfume m\u00e1s esperado. As\u00ed ser\u00e1 su nueva campa\u00f1a.\" \/>\n<meta property=\"og:url\" content=\"https:\/\/graziamagazine.com\/es\/articles\/kristen-stewart-imagen-la-nueva-fragancia-gabrielle-chanel\/\" \/>\n<meta property=\"og:site_name\" content=\"Grazia\" \/>\n<meta property=\"article:modified_time\" content=\"2017-05-10T10:48:17+00:00\" \/>\n<meta property=\"og:image\" content=\"https:\/\/graziamagazine.com\/es\/wp-content\/uploads\/sites\/12\/2017\/05\/10122534\/kristen-1.jpg?fit=785%2C480\" \/>\n\t<meta property=\"og:image:width\" content=\"785\" \/>\n\t<meta property=\"og:image:height\" content=\"480\" \/>\n\t<meta property=\"og:image:type\" content=\"image\/jpeg\" \/>\n<meta name=\"twitter:card\" content=\"summary_large_image\" \/>\n<meta name=\"twitter:title\" content=\"Kristen Stewart, imagen de la nueva fragancia &#039;Gabrielle Chanel&#039;\" \/>\n<meta name=\"twitter:description\" content=\"La actriz contin\u00faa su ya larga andadura con la firma francesa: esta vez junto al perfume m\u00e1s esperado. As\u00ed ser\u00e1 su nueva campa\u00f1a.\" \/>\n<meta name=\"twitter:image\" content=\"http:\/\/s3-eu-west-1.amazonaws.com\/grazia-cdn\/wp-content\/uploads\/sites\/12\/2017\/05\/10122534\/kristen-1.jpg\" \/>\n<meta name=\"twitter:label1\" content=\"Est. reading time\" \/>\n\t<meta name=\"twitter:data1\" content=\"1 minuto\" \/>\n<script type=\"application\/ld+json\" class=\"yoast-schema-graph\">{\"@context\":\"https:\/\/schema.org\",\"@graph\":[{\"@type\":\"WebPage\",\"@id\":\"https:\/\/graziamagazine.com\/es\/articles\/kristen-stewart-imagen-la-nueva-fragancia-gabrielle-chanel\/\",\"url\":\"https:\/\/graziamagazine.com\/es\/articles\/kristen-stewart-imagen-la-nueva-fragancia-gabrielle-chanel\/\",\"name\":\"Kristen Stewart, imagen de la nueva fragancia 'Gabrielle Chanel' | Grazia\",\"isPartOf\":{\"@id\":\"https:\/\/graziamagazine.com\/es\/#website\"},\"datePublished\":\"2017-05-10T10:48:16+00:00\",\"dateModified\":\"2017-05-10T10:48:17+00:00\",\"description\":\"Kristen Stewart contin\u00faa su ya larga andadura con Chanel: esta vez junto al perfume m\u00e1s esperado. As\u00ed ser\u00e1 su nueva campa\u00f1a.\",\"breadcrumb\":{\"@id\":\"https:\/\/graziamagazine.com\/es\/articles\/kristen-stewart-imagen-la-nueva-fragancia-gabrielle-chanel\/#breadcrumb\"},\"inLanguage\":\"es\",\"potentialAction\":[{\"@type\":\"ReadAction\",\"target\":[\"https:\/\/graziamagazine.com\/es\/articles\/kristen-stewart-imagen-la-nueva-fragancia-gabrielle-chanel\/\"]}]},{\"@type\":\"BreadcrumbList\",\"@id\":\"https:\/\/graziamagazine.com\/es\/articles\/kristen-stewart-imagen-la-nueva-fragancia-gabrielle-chanel\/#breadcrumb\",\"itemListElement\":[{\"@type\":\"ListItem\",\"position\":1,\"name\":\"Portada\",\"item\":\"https:\/\/graziamagazine.com\/es\/\"},{\"@type\":\"ListItem\",\"position\":2,\"name\":\"Kristen Stewart, imagen de la nueva fragancia &#8216;Gabrielle Chanel&#8217;\"}]},{\"@type\":\"WebSite\",\"@id\":\"https:\/\/graziamagazine.com\/es\/#website\",\"url\":\"https:\/\/graziamagazine.com\/es\/\",\"name\":\"Grazia\",\"description\":\"Moda, belleza, celebrities, estilo de vida...\",\"potentialAction\":[{\"@type\":\"SearchAction\",\"target\":{\"@type\":\"EntryPoint\",\"urlTemplate\":\"https:\/\/graziamagazine.com\/es\/?s={search_term_string}\"},\"query-input\":\"required name=search_term_string\"}],\"inLanguage\":\"es\"}]}<\/script>\n<!-- \/ Yoast SEO Premium plugin. -->","yoast_head_json":{"title":"Kristen Stewart, imagen de la nueva fragancia 'Gabrielle Chanel' | Grazia","description":"Kristen Stewart contin\u00faa su ya larga andadura con Chanel: esta vez junto al perfume m\u00e1s esperado. As\u00ed ser\u00e1 su nueva campa\u00f1a.","robots":{"index":"index","follow":"follow","max-snippet":"max-snippet:-1","max-image-preview":"max-image-preview:large","max-video-preview":"max-video-preview:-1"},"canonical":"https:\/\/graziamagazine.com\/es\/articles\/kristen-stewart-imagen-la-nueva-fragancia-gabrielle-chanel\/","og_locale":"es_ES","og_type":"article","og_title":"Kristen Stewart, imagen de la nueva fragancia 'Gabrielle Chanel'","og_description":"La actriz contin\u00faa su ya larga andadura con la firma francesa: esta vez junto al perfume m\u00e1s esperado. As\u00ed ser\u00e1 su nueva campa\u00f1a.","og_url":"https:\/\/graziamagazine.com\/es\/articles\/kristen-stewart-imagen-la-nueva-fragancia-gabrielle-chanel\/","og_site_name":"Grazia","article_modified_time":"2017-05-10T10:48:17+00:00","og_image":[{"width":785,"height":480,"url":"https:\/\/graziamagazine.com\/es\/wp-content\/uploads\/sites\/12\/2017\/05\/10122534\/kristen-1.jpg?fit=785%2C480","type":"image\/jpeg"}],"twitter_card":"summary_large_image","twitter_title":"Kristen Stewart, imagen de la nueva fragancia 'Gabrielle Chanel'","twitter_description":"La actriz contin\u00faa su ya larga andadura con la firma francesa: esta vez junto al perfume m\u00e1s esperado. As\u00ed ser\u00e1 su nueva campa\u00f1a.","twitter_image":"http:\/\/s3-eu-west-1.amazonaws.com\/grazia-cdn\/wp-content\/uploads\/sites\/12\/2017\/05\/10122534\/kristen-1.jpg","twitter_misc":{"Est. reading time":"1 minuto"},"schema":{"@context":"https:\/\/schema.org","@graph":[{"@type":"WebPage","@id":"https:\/\/graziamagazine.com\/es\/articles\/kristen-stewart-imagen-la-nueva-fragancia-gabrielle-chanel\/","url":"https:\/\/graziamagazine.com\/es\/articles\/kristen-stewart-imagen-la-nueva-fragancia-gabrielle-chanel\/","name":"Kristen Stewart, imagen de la nueva fragancia 'Gabrielle Chanel' | Grazia","isPartOf":{"@id":"https:\/\/graziamagazine.com\/es\/#website"},"datePublished":"2017-05-10T10:48:16+00:00","dateModified":"2017-05-10T10:48:17+00:00","description":"Kristen Stewart contin\u00faa su ya larga andadura con Chanel: esta vez junto al perfume m\u00e1s esperado. As\u00ed ser\u00e1 su nueva campa\u00f1a.","breadcrumb":{"@id":"https:\/\/graziamagazine.com\/es\/articles\/kristen-stewart-imagen-la-nueva-fragancia-gabrielle-chanel\/#breadcrumb"},"inLanguage":"es","potentialAction":[{"@type":"ReadAction","target":["https:\/\/graziamagazine.com\/es\/articles\/kristen-stewart-imagen-la-nueva-fragancia-gabrielle-chanel\/"]}]},{"@type":"BreadcrumbList","@id":"https:\/\/graziamagazine.com\/es\/articles\/kristen-stewart-imagen-la-nueva-fragancia-gabrielle-chanel\/#breadcrumb","itemListElement":[{"@type":"ListItem","position":1,"name":"Portada","item":"https:\/\/graziamagazine.com\/es\/"},{"@type":"ListItem","position":2,"name":"Kristen Stewart, imagen de la nueva fragancia &#8216;Gabrielle Chanel&#8217;"}]},{"@type":"WebSite","@id":"https:\/\/graziamagazine.com\/es\/#website","url":"https:\/\/graziamagazine.com\/es\/","name":"Grazia","description":"Moda, belleza, celebrities, estilo de vida...","potentialAction":[{"@type":"SearchAction","target":{"@type":"EntryPoint","urlTemplate":"https:\/\/graziamagazine.com\/es\/?s={search_term_string}"},"query-input":"required name=search_term_string"}],"inLanguage":"es"}]}},"jetpack_sharing_enabled":true,"distributor_meta":false,"distributor_terms":false,"distributor_media":false,"distributor_original_site_name":"Grazia","distributor_original_site_url":"https:\/\/graziamagazine.com\/es","push-errors":false,"_links":{"self":[{"href":"https:\/\/graziamagazine.com\/es\/wp-json\/wp\/v2\/articles\/114827"}],"collection":[{"href":"https:\/\/graziamagazine.com\/es\/wp-json\/wp\/v2\/articles"}],"about":[{"href":"https:\/\/graziamagazine.com\/es\/wp-json\/wp\/v2\/types\/articles"}],"author":[{"embeddable":true,"href":"https:\/\/graziamagazine.com\/es\/wp-json\/wp\/v2\/users\/15595"}],"wp:attachment":[{"href":"https:\/\/graziamagazine.com\/es\/wp-json\/wp\/v2\/media?parent=114827"}],"wp:term":[{"taxonomy":"category","embeddable":true,"href":"https:\/\/graziamagazine.com\/es\/wp-json\/wp\/v2\/categories?post=114827"}],"curies":[{"name":"wp","href":"https:\/\/api.w.org\/{rel}","templated":true}]}}