{"id":114712,"date":"2017-05-09T07:47:32","date_gmt":"2017-05-09T05:47:32","guid":{"rendered":"https:\/\/graziamagazine.com\/es\/?p=114712"},"modified":"2017-05-08T16:45:08","modified_gmt":"2017-05-08T14:45:08","slug":"la-camisa-con-volantes-la-prenda-mas-poderosa-de-la-primavera","status":"publish","type":"articles","link":"https:\/\/graziamagazine.com\/es\/articles\/la-camisa-con-volantes-la-prenda-mas-poderosa-de-la-primavera\/","title":{"rendered":"La camisa, con volantes: la prenda m\u00e1s poderosa de la primavera"},"content":{"rendered":"<p>El<strong> Gucci<\/strong>\u00a0de Alessandro Michele la defienda a capa y espada sobre la pasarela. Tambi\u00e9n <strong>Isabel Marant,<\/strong> que rescata la silueta m\u00e1s ochentera incorporando hombreras muy (pero muy) marcadas. En la calle la hemos visto como protagonista absoluta de un sinf\u00edn de looks de <em>street style<\/em> y en la alfombra roja como complemento a un look m\u00e1s\u00a0tendencia. Tiene un toque retro que nos recuerda aquellos modelos que no quer\u00edamos llevar en nuestra m\u00e1s tierna infancia:\u00a0mucho\u00a0volante para nuestro yo de entonces, pero nunca demasiado para nuestra\u00a0versi\u00f3n de 2017, encandilada con ellos en cualquier aplicaci\u00f3n. Pero tambi\u00e9n cierta reminiscencia de la \u00e9poca victoriana m\u00e1s rom\u00e1ntica, que la convierte en complemento ideal de otras prendas andr\u00f3ginas.<\/p>\n<figure id=\"attachment_114736\" aria-describedby=\"caption-attachment-114736\" style=\"width: 640px\" class=\"wp-caption aligncenter\"><img loading=\"lazy\" decoding=\"async\" class=\"wp-image-114736 size-large\" src=\"https:\/\/graziamagazine.com\/es\/wp-content\/uploads\/sites\/12\/2017\/05\/02-camisa-con-volantes-v2-683x1024.jpg\" alt=\"\" width=\"640\" height=\"960\" srcset=\"https:\/\/graziamagazine.com\/es\/wp-content\/uploads\/sites\/12\/2017\/05\/02-camisa-con-volantes-v2-683x1024.jpg 683w, https:\/\/graziamagazine.com\/es\/wp-content\/uploads\/sites\/12\/2017\/05\/02-camisa-con-volantes-v2-200x300.jpg 200w, https:\/\/graziamagazine.com\/es\/wp-content\/uploads\/sites\/12\/2017\/05\/02-camisa-con-volantes-v2-768x1152.jpg 768w, https:\/\/graziamagazine.com\/es\/wp-content\/uploads\/sites\/12\/2017\/05\/02-camisa-con-volantes-v2-151x227.jpg 151w, https:\/\/graziamagazine.com\/es\/wp-content\/uploads\/sites\/12\/2017\/05\/02-camisa-con-volantes-v2-720x1080.jpg 720w, https:\/\/graziamagazine.com\/es\/wp-content\/uploads\/sites\/12\/2017\/05\/02-camisa-con-volantes-v2-626x939.jpg 626w, https:\/\/graziamagazine.com\/es\/wp-content\/uploads\/sites\/12\/2017\/05\/02-camisa-con-volantes-v2-157x236.jpg 157w, https:\/\/graziamagazine.com\/es\/wp-content\/uploads\/sites\/12\/2017\/05\/02-camisa-con-volantes-v2-360x540.jpg 360w, https:\/\/graziamagazine.com\/es\/wp-content\/uploads\/sites\/12\/2017\/05\/02-camisa-con-volantes-v2-298x448.jpg 298w, https:\/\/graziamagazine.com\/es\/wp-content\/uploads\/sites\/12\/2017\/05\/02-camisa-con-volantes-v2-128x192.jpg 128w, https:\/\/graziamagazine.com\/es\/wp-content\/uploads\/sites\/12\/2017\/05\/02-camisa-con-volantes-v2-364x546.jpg 364w, https:\/\/graziamagazine.com\/es\/wp-content\/uploads\/sites\/12\/2017\/05\/02-camisa-con-volantes-v2-220x330.jpg 220w, https:\/\/graziamagazine.com\/es\/wp-content\/uploads\/sites\/12\/2017\/05\/02-camisa-con-volantes-v2.jpg 1000w\" sizes=\"(max-width: 640px) 100vw, 640px\" \/><figcaption id=\"caption-attachment-114736\" class=\"wp-caption-text\">Camisa y pantal\u00f3n metalizados, de Gucci; y cintur\u00f3n, de Daniele Carlotta. \u00a9 J.W.Mantel<\/figcaption><\/figure>\n<p><strong>Triunfadora de la primavera (como su versi\u00f3n <em>off-shoulder<\/em> lo ser\u00e1 en cuanto pisemos el verano),<\/strong> se posiciona como una de las prendas m\u00e1s poderosas, capaz de actualizar cualquier look y convertirlo en tendencia.\u00a0Ll\u00e9vala con denim en todas sus acepciones: con una falda con botones delanteros, unos pantalones <em>cropped,<\/em> unos de silueta <em>mum jeans&#8230;<\/em> Pero tambi\u00e9n con una falda de tubo cruzada, metida por dentro de un pantal\u00f3n de tiro alto, con pitillos y <em>mules<\/em> o, al m\u00e1s puro estilo Gucci: combinada con m\u00e1s volantes en el pantal\u00f3n.<\/p>\n<p>[galeria]<\/p>\n<p><iframe loading=\"lazy\" style=\"border: none; overflow: hidden; height: 258px;\" src=\"\/\/www.facebook.com\/plugins\/likebox.php?href=https%3A%2F%2Fwww.facebook.com%2Fgraziaespana&amp;width&amp;height=258&amp;colorscheme=light&amp;show_faces=true&amp;header=false&amp;stream=false&amp;show_border=false&amp;appId=349017955267591\" width=\"300\" height=\"150\" frameborder=\"0\" scrolling=\"no\"><\/iframe><\/p>\n","protected":false},"author":21500,"featured_media":0,"template":"","format":"standard","categories":[1,4],"acf":[],"yoast_head":"<!-- This site is optimized with the Yoast SEO Premium plugin v18.5 (Yoast SEO v20.4) - https:\/\/yoast.com\/wordpress\/plugins\/seo\/ -->\n<title>La camisa, con volantes: la prenda m\u00e1s poderosa de la primavera<\/title>\n<meta name=\"description\" content=\"La camisa, con volantes se ha convertido en prenda imprescindible del armario y esta temporada se lleva as\u00ed: con toques retro, lady o en proporciones XL.\" \/>\n<meta name=\"robots\" content=\"index, follow, max-snippet:-1, max-image-preview:large, max-video-preview:-1\" \/>\n<link rel=\"canonical\" href=\"https:\/\/graziamagazine.com\/es\/articles\/la-camisa-con-volantes-la-prenda-mas-poderosa-de-la-primavera\/\" \/>\n<meta property=\"og:locale\" content=\"es_ES\" \/>\n<meta property=\"og:type\" content=\"article\" \/>\n<meta property=\"og:title\" content=\"La camisa, con volantes: la prenda m\u00e1s poderosa de la primavera\" \/>\n<meta property=\"og:description\" content=\"Se ha convertido en prenda imprescindible de cualquier armario y esta temporada se lleva as\u00ed: con reminiscencias retro, con toques lady o en proporciones XL.\" \/>\n<meta property=\"og:url\" content=\"https:\/\/graziamagazine.com\/es\/articles\/la-camisa-con-volantes-la-prenda-mas-poderosa-de-la-primavera\/\" \/>\n<meta property=\"og:site_name\" content=\"Grazia\" \/>\n<meta property=\"article:modified_time\" content=\"2017-05-08T14:45:08+00:00\" \/>\n<meta property=\"og:image\" content=\"https:\/\/graziamagazine.com\/es\/wp-content\/uploads\/sites\/12\/2017\/05\/08143332\/01-camisa-con-volantes.jpg?fit=785%2C480\" \/>\n\t<meta property=\"og:image:width\" content=\"785\" \/>\n\t<meta property=\"og:image:height\" content=\"480\" \/>\n\t<meta property=\"og:image:type\" content=\"image\/jpeg\" \/>\n<meta name=\"twitter:card\" content=\"summary_large_image\" \/>\n<meta name=\"twitter:title\" content=\"La camisa, con volantes: la prenda m\u00e1s poderosa de la primavera\" \/>\n<meta name=\"twitter:description\" content=\"Se ha convertido en prenda imprescindible de cualquier armario y esta temporada se lleva as\u00ed: con reminiscencias retro, con toques lady o en proporciones XL.\" \/>\n<meta name=\"twitter:image\" content=\"http:\/\/s3-eu-west-1.amazonaws.com\/grazia-cdn\/wp-content\/uploads\/sites\/12\/2017\/05\/08143332\/01-camisa-con-volantes.jpg\" \/>\n<meta name=\"twitter:label1\" content=\"Est. reading time\" \/>\n\t<meta name=\"twitter:data1\" content=\"1 minuto\" \/>\n<script type=\"application\/ld+json\" class=\"yoast-schema-graph\">{\"@context\":\"https:\/\/schema.org\",\"@graph\":[{\"@type\":\"WebPage\",\"@id\":\"https:\/\/graziamagazine.com\/es\/articles\/la-camisa-con-volantes-la-prenda-mas-poderosa-de-la-primavera\/\",\"url\":\"https:\/\/graziamagazine.com\/es\/articles\/la-camisa-con-volantes-la-prenda-mas-poderosa-de-la-primavera\/\",\"name\":\"La camisa, con volantes: la prenda m\u00e1s poderosa de la primavera\",\"isPartOf\":{\"@id\":\"https:\/\/graziamagazine.com\/es\/#website\"},\"datePublished\":\"2017-05-09T05:47:32+00:00\",\"dateModified\":\"2017-05-08T14:45:08+00:00\",\"description\":\"La camisa, con volantes se ha convertido en prenda imprescindible del armario y esta temporada se lleva as\u00ed: con toques retro, lady o en proporciones XL.\",\"breadcrumb\":{\"@id\":\"https:\/\/graziamagazine.com\/es\/articles\/la-camisa-con-volantes-la-prenda-mas-poderosa-de-la-primavera\/#breadcrumb\"},\"inLanguage\":\"es\",\"potentialAction\":[{\"@type\":\"ReadAction\",\"target\":[\"https:\/\/graziamagazine.com\/es\/articles\/la-camisa-con-volantes-la-prenda-mas-poderosa-de-la-primavera\/\"]}]},{\"@type\":\"BreadcrumbList\",\"@id\":\"https:\/\/graziamagazine.com\/es\/articles\/la-camisa-con-volantes-la-prenda-mas-poderosa-de-la-primavera\/#breadcrumb\",\"itemListElement\":[{\"@type\":\"ListItem\",\"position\":1,\"name\":\"Portada\",\"item\":\"https:\/\/graziamagazine.com\/es\/\"},{\"@type\":\"ListItem\",\"position\":2,\"name\":\"La camisa, con volantes: la prenda m\u00e1s poderosa de la primavera\"}]},{\"@type\":\"WebSite\",\"@id\":\"https:\/\/graziamagazine.com\/es\/#website\",\"url\":\"https:\/\/graziamagazine.com\/es\/\",\"name\":\"Grazia\",\"description\":\"Moda, belleza, celebrities, estilo de vida...\",\"potentialAction\":[{\"@type\":\"SearchAction\",\"target\":{\"@type\":\"EntryPoint\",\"urlTemplate\":\"https:\/\/graziamagazine.com\/es\/?s={search_term_string}\"},\"query-input\":\"required name=search_term_string\"}],\"inLanguage\":\"es\"}]}<\/script>\n<!-- \/ Yoast SEO Premium plugin. -->","yoast_head_json":{"title":"La camisa, con volantes: la prenda m\u00e1s poderosa de la primavera","description":"La camisa, con volantes se ha convertido en prenda imprescindible del armario y esta temporada se lleva as\u00ed: con toques retro, lady o en proporciones XL.","robots":{"index":"index","follow":"follow","max-snippet":"max-snippet:-1","max-image-preview":"max-image-preview:large","max-video-preview":"max-video-preview:-1"},"canonical":"https:\/\/graziamagazine.com\/es\/articles\/la-camisa-con-volantes-la-prenda-mas-poderosa-de-la-primavera\/","og_locale":"es_ES","og_type":"article","og_title":"La camisa, con volantes: la prenda m\u00e1s poderosa de la primavera","og_description":"Se ha convertido en prenda imprescindible de cualquier armario y esta temporada se lleva as\u00ed: con reminiscencias retro, con toques lady o en proporciones XL.","og_url":"https:\/\/graziamagazine.com\/es\/articles\/la-camisa-con-volantes-la-prenda-mas-poderosa-de-la-primavera\/","og_site_name":"Grazia","article_modified_time":"2017-05-08T14:45:08+00:00","og_image":[{"width":785,"height":480,"url":"https:\/\/graziamagazine.com\/es\/wp-content\/uploads\/sites\/12\/2017\/05\/08143332\/01-camisa-con-volantes.jpg?fit=785%2C480","type":"image\/jpeg"}],"twitter_card":"summary_large_image","twitter_title":"La camisa, con volantes: la prenda m\u00e1s poderosa de la primavera","twitter_description":"Se ha convertido en prenda imprescindible de cualquier armario y esta temporada se lleva as\u00ed: con reminiscencias retro, con toques lady o en proporciones XL.","twitter_image":"http:\/\/s3-eu-west-1.amazonaws.com\/grazia-cdn\/wp-content\/uploads\/sites\/12\/2017\/05\/08143332\/01-camisa-con-volantes.jpg","twitter_misc":{"Est. reading time":"1 minuto"},"schema":{"@context":"https:\/\/schema.org","@graph":[{"@type":"WebPage","@id":"https:\/\/graziamagazine.com\/es\/articles\/la-camisa-con-volantes-la-prenda-mas-poderosa-de-la-primavera\/","url":"https:\/\/graziamagazine.com\/es\/articles\/la-camisa-con-volantes-la-prenda-mas-poderosa-de-la-primavera\/","name":"La camisa, con volantes: la prenda m\u00e1s poderosa de la primavera","isPartOf":{"@id":"https:\/\/graziamagazine.com\/es\/#website"},"datePublished":"2017-05-09T05:47:32+00:00","dateModified":"2017-05-08T14:45:08+00:00","description":"La camisa, con volantes se ha convertido en prenda imprescindible del armario y esta temporada se lleva as\u00ed: con toques retro, lady o en proporciones XL.","breadcrumb":{"@id":"https:\/\/graziamagazine.com\/es\/articles\/la-camisa-con-volantes-la-prenda-mas-poderosa-de-la-primavera\/#breadcrumb"},"inLanguage":"es","potentialAction":[{"@type":"ReadAction","target":["https:\/\/graziamagazine.com\/es\/articles\/la-camisa-con-volantes-la-prenda-mas-poderosa-de-la-primavera\/"]}]},{"@type":"BreadcrumbList","@id":"https:\/\/graziamagazine.com\/es\/articles\/la-camisa-con-volantes-la-prenda-mas-poderosa-de-la-primavera\/#breadcrumb","itemListElement":[{"@type":"ListItem","position":1,"name":"Portada","item":"https:\/\/graziamagazine.com\/es\/"},{"@type":"ListItem","position":2,"name":"La camisa, con volantes: la prenda m\u00e1s poderosa de la primavera"}]},{"@type":"WebSite","@id":"https:\/\/graziamagazine.com\/es\/#website","url":"https:\/\/graziamagazine.com\/es\/","name":"Grazia","description":"Moda, belleza, celebrities, estilo de vida...","potentialAction":[{"@type":"SearchAction","target":{"@type":"EntryPoint","urlTemplate":"https:\/\/graziamagazine.com\/es\/?s={search_term_string}"},"query-input":"required name=search_term_string"}],"inLanguage":"es"}]}},"jetpack_sharing_enabled":true,"distributor_meta":false,"distributor_terms":false,"distributor_media":false,"distributor_original_site_name":"Grazia","distributor_original_site_url":"https:\/\/graziamagazine.com\/es","push-errors":false,"_links":{"self":[{"href":"https:\/\/graziamagazine.com\/es\/wp-json\/wp\/v2\/articles\/114712"}],"collection":[{"href":"https:\/\/graziamagazine.com\/es\/wp-json\/wp\/v2\/articles"}],"about":[{"href":"https:\/\/graziamagazine.com\/es\/wp-json\/wp\/v2\/types\/articles"}],"author":[{"embeddable":true,"href":"https:\/\/graziamagazine.com\/es\/wp-json\/wp\/v2\/users\/21500"}],"wp:attachment":[{"href":"https:\/\/graziamagazine.com\/es\/wp-json\/wp\/v2\/media?parent=114712"}],"wp:term":[{"taxonomy":"category","embeddable":true,"href":"https:\/\/graziamagazine.com\/es\/wp-json\/wp\/v2\/categories?post=114712"}],"curies":[{"name":"wp","href":"https:\/\/api.w.org\/{rel}","templated":true}]}}