{"id":114554,"date":"2017-05-12T07:48:23","date_gmt":"2017-05-12T05:48:23","guid":{"rendered":"https:\/\/graziamagazine.com\/es\/?p=114554"},"modified":"2017-05-11T14:50:16","modified_gmt":"2017-05-11T12:50:16","slug":"terrazas-2017-patios-dolce-far-niente","status":"publish","type":"articles","link":"https:\/\/graziamagazine.com\/es\/articles\/terrazas-2017-patios-dolce-far-niente\/","title":{"rendered":"Terrazas y patios para dedicarse al &#8216;dolce far niente&#8217;"},"content":{"rendered":"<p>Ya&#8230; puede que lleguemos un poquito pronto (<del>porque este maldito tiempo ha decidido ponerse gris cuando no debe<\/del>), pero m\u00e1s vale prevenir que curar. <strong>Guarda como oro en pa\u00f1o esta galer\u00eda\u00a0porque<\/strong> <strong>durante los pr\u00f3ximos cinco meses va a convertirse en tu lista de cabecera.\u00a0<\/strong><\/p>\n<p>Por la ma\u00f1ana, por la tarde o por la noche, el sitio perfecto para celebrar (o, simplemente, dedicarte al <em>dolce far miente<\/em>) ser\u00e1 uno de estos. Del primero al \u00faltimo: <strong>13 terrazas y patios creados especial y exclusivamente para disfrutar.<\/strong> \u00bfAlguien da m\u00e1s?<\/p>\n<p>[galeria]<\/p>\n<p><iframe loading=\"lazy\" style=\"border: none; overflow: hidden; height: 258px;\" src=\"\/\/www.facebook.com\/plugins\/likebox.php?href=https%3A%2F%2Fwww.facebook.com%2Fgraziaespana&amp;width&amp;height=258&amp;colorscheme=light&amp;show_faces=true&amp;header=false&amp;stream=false&amp;show_border=false&amp;appId=349017955267591\" width=\"300\" height=\"150\" frameborder=\"0\" scrolling=\"no\"><\/iframe><\/p>\n","protected":false},"author":15595,"featured_media":0,"template":"","format":"standard","categories":[20,18],"acf":[],"yoast_head":"<!-- This site is optimized with the Yoast SEO Premium plugin v18.5 (Yoast SEO v20.4) - https:\/\/yoast.com\/wordpress\/plugins\/seo\/ -->\n<title>Terrazas 2017 para dedicarse al &#039;dolce far niente&#039; | Grazia<\/title>\n<meta name=\"description\" content=\"De Madrid a Barcelona, pasando por Formentera o Bilbao. Aqu\u00ed las 13 terrazas 2017 que tienes que visitar esta temporada si quieres morirte del gusto.\" \/>\n<meta name=\"robots\" content=\"index, follow, max-snippet:-1, max-image-preview:large, max-video-preview:-1\" \/>\n<link rel=\"canonical\" href=\"https:\/\/graziamagazine.com\/es\/articles\/terrazas-2017-patios-dolce-far-niente\/\" \/>\n<meta property=\"og:locale\" content=\"es_ES\" \/>\n<meta property=\"og:type\" content=\"article\" \/>\n<meta property=\"og:title\" content=\"Terrazas y patios para dedicarse al &#039;dolce far niente&#039;\" \/>\n<meta property=\"og:description\" content=\"De Madrid a Barcelona, pasando por Formentera o Bilbao. Aqu\u00ed las 13 terrazas que tienes que visitar esta temporada si quieres morirte del gusto.\" \/>\n<meta property=\"og:url\" content=\"https:\/\/graziamagazine.com\/es\/articles\/terrazas-2017-patios-dolce-far-niente\/\" \/>\n<meta property=\"og:site_name\" content=\"Grazia\" \/>\n<meta property=\"article:modified_time\" content=\"2017-05-11T12:50:16+00:00\" \/>\n<meta property=\"og:image\" content=\"https:\/\/graziamagazine.com\/es\/wp-content\/uploads\/sites\/12\/2017\/05\/04175132\/terrazas-horizontal.jpg?fit=785%2C480\" \/>\n\t<meta property=\"og:image:width\" content=\"785\" \/>\n\t<meta property=\"og:image:height\" content=\"480\" \/>\n\t<meta property=\"og:image:type\" content=\"image\/jpeg\" \/>\n<meta name=\"twitter:card\" content=\"summary_large_image\" \/>\n<meta name=\"twitter:title\" content=\"Terrazas y patios para dedicarse al &#039;dolce far niente&#039;\" \/>\n<meta name=\"twitter:description\" content=\"De Madrid a Barcelona, pasando por Formentera o Bilbao. Aqu\u00ed las 13 terrazas que tienes que visitar esta temporada si quieres morirte del gusto.\" \/>\n<meta name=\"twitter:image\" content=\"http:\/\/s3-eu-west-1.amazonaws.com\/grazia-cdn\/wp-content\/uploads\/sites\/12\/2017\/05\/04175132\/terrazas-horizontal.jpg\" \/>\n<script type=\"application\/ld+json\" class=\"yoast-schema-graph\">{\"@context\":\"https:\/\/schema.org\",\"@graph\":[{\"@type\":\"WebPage\",\"@id\":\"https:\/\/graziamagazine.com\/es\/articles\/terrazas-2017-patios-dolce-far-niente\/\",\"url\":\"https:\/\/graziamagazine.com\/es\/articles\/terrazas-2017-patios-dolce-far-niente\/\",\"name\":\"Terrazas 2017 para dedicarse al 'dolce far niente' | Grazia\",\"isPartOf\":{\"@id\":\"https:\/\/graziamagazine.com\/es\/#website\"},\"datePublished\":\"2017-05-12T05:48:23+00:00\",\"dateModified\":\"2017-05-11T12:50:16+00:00\",\"description\":\"De Madrid a Barcelona, pasando por Formentera o Bilbao. Aqu\u00ed las 13 terrazas 2017 que tienes que visitar esta temporada si quieres morirte del gusto.\",\"breadcrumb\":{\"@id\":\"https:\/\/graziamagazine.com\/es\/articles\/terrazas-2017-patios-dolce-far-niente\/#breadcrumb\"},\"inLanguage\":\"es\",\"potentialAction\":[{\"@type\":\"ReadAction\",\"target\":[\"https:\/\/graziamagazine.com\/es\/articles\/terrazas-2017-patios-dolce-far-niente\/\"]}]},{\"@type\":\"BreadcrumbList\",\"@id\":\"https:\/\/graziamagazine.com\/es\/articles\/terrazas-2017-patios-dolce-far-niente\/#breadcrumb\",\"itemListElement\":[{\"@type\":\"ListItem\",\"position\":1,\"name\":\"Portada\",\"item\":\"https:\/\/graziamagazine.com\/es\/\"},{\"@type\":\"ListItem\",\"position\":2,\"name\":\"Terrazas y patios para dedicarse al &#8216;dolce far niente&#8217;\"}]},{\"@type\":\"WebSite\",\"@id\":\"https:\/\/graziamagazine.com\/es\/#website\",\"url\":\"https:\/\/graziamagazine.com\/es\/\",\"name\":\"Grazia\",\"description\":\"Moda, belleza, celebrities, estilo de vida...\",\"potentialAction\":[{\"@type\":\"SearchAction\",\"target\":{\"@type\":\"EntryPoint\",\"urlTemplate\":\"https:\/\/graziamagazine.com\/es\/?s={search_term_string}\"},\"query-input\":\"required name=search_term_string\"}],\"inLanguage\":\"es\"}]}<\/script>\n<!-- \/ Yoast SEO Premium plugin. -->","yoast_head_json":{"title":"Terrazas 2017 para dedicarse al 'dolce far niente' | Grazia","description":"De Madrid a Barcelona, pasando por Formentera o Bilbao. Aqu\u00ed las 13 terrazas 2017 que tienes que visitar esta temporada si quieres morirte del gusto.","robots":{"index":"index","follow":"follow","max-snippet":"max-snippet:-1","max-image-preview":"max-image-preview:large","max-video-preview":"max-video-preview:-1"},"canonical":"https:\/\/graziamagazine.com\/es\/articles\/terrazas-2017-patios-dolce-far-niente\/","og_locale":"es_ES","og_type":"article","og_title":"Terrazas y patios para dedicarse al 'dolce far niente'","og_description":"De Madrid a Barcelona, pasando por Formentera o Bilbao. Aqu\u00ed las 13 terrazas que tienes que visitar esta temporada si quieres morirte del gusto.","og_url":"https:\/\/graziamagazine.com\/es\/articles\/terrazas-2017-patios-dolce-far-niente\/","og_site_name":"Grazia","article_modified_time":"2017-05-11T12:50:16+00:00","og_image":[{"width":785,"height":480,"url":"https:\/\/graziamagazine.com\/es\/wp-content\/uploads\/sites\/12\/2017\/05\/04175132\/terrazas-horizontal.jpg?fit=785%2C480","type":"image\/jpeg"}],"twitter_card":"summary_large_image","twitter_title":"Terrazas y patios para dedicarse al 'dolce far niente'","twitter_description":"De Madrid a Barcelona, pasando por Formentera o Bilbao. Aqu\u00ed las 13 terrazas que tienes que visitar esta temporada si quieres morirte del gusto.","twitter_image":"http:\/\/s3-eu-west-1.amazonaws.com\/grazia-cdn\/wp-content\/uploads\/sites\/12\/2017\/05\/04175132\/terrazas-horizontal.jpg","schema":{"@context":"https:\/\/schema.org","@graph":[{"@type":"WebPage","@id":"https:\/\/graziamagazine.com\/es\/articles\/terrazas-2017-patios-dolce-far-niente\/","url":"https:\/\/graziamagazine.com\/es\/articles\/terrazas-2017-patios-dolce-far-niente\/","name":"Terrazas 2017 para dedicarse al 'dolce far niente' | Grazia","isPartOf":{"@id":"https:\/\/graziamagazine.com\/es\/#website"},"datePublished":"2017-05-12T05:48:23+00:00","dateModified":"2017-05-11T12:50:16+00:00","description":"De Madrid a Barcelona, pasando por Formentera o Bilbao. Aqu\u00ed las 13 terrazas 2017 que tienes que visitar esta temporada si quieres morirte del gusto.","breadcrumb":{"@id":"https:\/\/graziamagazine.com\/es\/articles\/terrazas-2017-patios-dolce-far-niente\/#breadcrumb"},"inLanguage":"es","potentialAction":[{"@type":"ReadAction","target":["https:\/\/graziamagazine.com\/es\/articles\/terrazas-2017-patios-dolce-far-niente\/"]}]},{"@type":"BreadcrumbList","@id":"https:\/\/graziamagazine.com\/es\/articles\/terrazas-2017-patios-dolce-far-niente\/#breadcrumb","itemListElement":[{"@type":"ListItem","position":1,"name":"Portada","item":"https:\/\/graziamagazine.com\/es\/"},{"@type":"ListItem","position":2,"name":"Terrazas y patios para dedicarse al &#8216;dolce far niente&#8217;"}]},{"@type":"WebSite","@id":"https:\/\/graziamagazine.com\/es\/#website","url":"https:\/\/graziamagazine.com\/es\/","name":"Grazia","description":"Moda, belleza, celebrities, estilo de vida...","potentialAction":[{"@type":"SearchAction","target":{"@type":"EntryPoint","urlTemplate":"https:\/\/graziamagazine.com\/es\/?s={search_term_string}"},"query-input":"required name=search_term_string"}],"inLanguage":"es"}]}},"jetpack_sharing_enabled":true,"distributor_meta":false,"distributor_terms":false,"distributor_media":false,"distributor_original_site_name":"Grazia","distributor_original_site_url":"https:\/\/graziamagazine.com\/es","push-errors":false,"_links":{"self":[{"href":"https:\/\/graziamagazine.com\/es\/wp-json\/wp\/v2\/articles\/114554"}],"collection":[{"href":"https:\/\/graziamagazine.com\/es\/wp-json\/wp\/v2\/articles"}],"about":[{"href":"https:\/\/graziamagazine.com\/es\/wp-json\/wp\/v2\/types\/articles"}],"author":[{"embeddable":true,"href":"https:\/\/graziamagazine.com\/es\/wp-json\/wp\/v2\/users\/15595"}],"wp:attachment":[{"href":"https:\/\/graziamagazine.com\/es\/wp-json\/wp\/v2\/media?parent=114554"}],"wp:term":[{"taxonomy":"category","embeddable":true,"href":"https:\/\/graziamagazine.com\/es\/wp-json\/wp\/v2\/categories?post=114554"}],"curies":[{"name":"wp","href":"https:\/\/api.w.org\/{rel}","templated":true}]}}