{"id":11364,"date":"2014-11-24T20:34:48","date_gmt":"2014-11-24T19:34:48","guid":{"rendered":"https:\/\/graziamagazine.com\/es\/?p=11364"},"modified":"2015-05-01T00:38:17","modified_gmt":"2015-04-30T22:38:17","slug":"como-trabajar-como-estilista","status":"publish","type":"articles","link":"https:\/\/graziamagazine.com\/es\/articles\/como-trabajar-como-estilista\/","title":{"rendered":"\u00bfC\u00f3mo trabajar como estilista?"},"content":{"rendered":"<p>Cuando hablamos de trabajos que se pueden realizar en una revista de moda, si te dejasen escoger uno, \u00bfpor cual te decantar\u00edas? \u00bfVerdad que jefa de maquetaci\u00f3n o chica del almac\u00e9n no estar\u00eda entre tus prioridades?<\/p>\n<p><span style=\"text-decoration: line-through;\">Al menos desde fuera,<\/span> cuando se sue\u00f1a con trabajar en una redacci\u00f3n\u00a0se quiere ser, <span style=\"text-decoration: line-through;\">a\u00a0<\/span><span style=\"text-decoration: line-through;\">ser posible,<\/span> la directora de moda o, en su defecto, la estilista. No nos enga\u00f1emos: <strong>son dos de los puestos m\u00e1s molones<\/strong> y a los que toda amante del <em>fashioneo<\/em> en general <span style=\"text-decoration: line-through;\">y los trapitos en particular<\/span> aspirar\u00eda sin pesta\u00f1ear. Pero, queridas, para ello hay que estar dotada de unas cualidades innatas y si no, no hay m\u00e1s tut\u00eda que trabajarlas.<\/p>\n<p>\u00ab\u00a1\u00bfC\u00f3mo?!\u00bb, te preguntar\u00e1s. Pues apunta, <strong>aqu\u00ed los 20 requisitos para ser la pr\u00f3xima estilista del momento:<\/strong><\/p>\n<figure id=\"attachment_11370\" aria-describedby=\"caption-attachment-11370\" style=\"width: 550px\" class=\"wp-caption aligncenter\"><img loading=\"lazy\" decoding=\"async\" class=\"wp-image-11370 size-full\" src=\"https:\/\/graziamagazine.com\/es\/wp-content\/uploads\/sites\/12\/2015\/01\/93569_trabajarenestilismo.jpg\" alt=\"\u00a9 Antonin Giudicci\" width=\"550\" height=\"734\" srcset=\"https:\/\/graziamagazine.com\/es\/wp-content\/uploads\/sites\/12\/2015\/01\/93569_trabajarenestilismo.jpg 550w, https:\/\/graziamagazine.com\/es\/wp-content\/uploads\/sites\/12\/2015\/01\/93569_trabajarenestilismo-225x300.jpg 225w, https:\/\/graziamagazine.com\/es\/wp-content\/uploads\/sites\/12\/2015\/01\/93569_trabajarenestilismo-360x480.jpg 360w\" sizes=\"(max-width: 550px) 100vw, 550px\" \/><figcaption id=\"caption-attachment-11370\" class=\"wp-caption-text\">\u00a9 Antonin Giudicci<\/figcaption><\/figure>\n<p><span style=\"text-decoration: underline;\"><strong>1. EDUCAR EL GUSTO<\/strong><\/span><br \/>\nComo quien se educa en limar las u\u00f1as de la manera m\u00e1s id\u00f3nea. Sin buen gusto, o tu propio gusto, imposible acceder a la \u00e9lite del estilismo. Esto es algo as\u00ed como la Ley de la gravedad universal aplicada al mundo de la moda.<\/p>\n<p><img loading=\"lazy\" decoding=\"async\" class=\"aligncenter wp-image-11374 size-full\" src=\"https:\/\/graziamagazine.com\/es\/wp-content\/uploads\/sites\/12\/2015\/01\/93522_trabajarenestilismo.gif\" alt=\"93522_trabajarenestilismo\" width=\"400\" height=\"224\" \/><\/p>\n<p><span style=\"text-decoration: underline;\"><strong>2. SER UNA ERUDITA EN HISTORIA DE LA MODA<\/strong><\/span><br \/>\n&#8216;Historia de la Moda Universal. Pasado, Presente y Futuro&#8217; podr\u00eda ser una bonita asignatura obligatoria para todo aquel que desee trabajar en el sector, sobre todo si quieres mantener activas conversaciones con los que ser\u00e1n tus compa\u00f1eros de trabajo, no sea que comiencen a departir sobre el nuevo director creativo de Moschino, la reciente salida de la CEO de Burberry o los archivos de Madame Gr\u00e8s, y t\u00fa, indefensa, no tengas nada que aportar, o lo que es peor, que metas la pata haciendo que todo el mundo te conozca por aquella frase que dec\u00eda: \u00abLa dise\u00f1adora de ba\u00f1o Dolores Promesas\u00bb cuando se refer\u00eda a Dolores Cort\u00e9s, o\u00a0Alonso Mart\u00ednez, para hablar de\u00a0Adolfo Dominguez.<\/p>\n<p><img loading=\"lazy\" decoding=\"async\" class=\"aligncenter wp-image-11375 size-full\" src=\"https:\/\/graziamagazine.com\/es\/wp-content\/uploads\/sites\/12\/2015\/01\/93523_trabajarenestilismo.gif\" alt=\"93523_trabajarenestilismo\" width=\"500\" height=\"275\" \/><\/p>\n<p><span style=\"text-decoration: underline;\"><strong>3. TARIFA PLANA EN EL M\u00d3VIL<\/strong><\/span><br \/>\nEntre llamadas (a showrooms, fot\u00f3grafos, agencias de modelos, maquilladores&#8230;), mails (a los mismos de antes S-I-E-M-P-R-E para dejar constancia de las conversaciones), navegaci\u00f3n (para visitar los <em>sites<\/em> de las distintas marcas y su zona de acceso privado para prensa, webs de desfiles y todo espacio que hable sobre ti y\/o tu medio) y redes sociales (luego hablaremos sobre estas)&#8230; y estando tanto en la redacci\u00f3n como en la calle, en los despachos de comunicaci\u00f3n o en un desfile, aeropuerto o plat\u00f3 de fotograf\u00eda (tres habitats muy comunes para la estilista) se necesitar\u00e1n los suficientes megas para no quedarse incomunicado.<\/p>\n<p><img loading=\"lazy\" decoding=\"async\" class=\"aligncenter wp-image-11376 size-full\" src=\"https:\/\/graziamagazine.com\/es\/wp-content\/uploads\/sites\/12\/2015\/01\/93526_trabajarenestilismo.gif\" alt=\"93526_trabajarenestilismo\" width=\"500\" height=\"281\" \/><\/p>\n<p><span style=\"text-decoration: underline;\"><strong>4. VESTIR BIEN<\/strong><\/span><br \/>\nObligatoriamente. Si una estilista viste mal, har\u00e1 malos estilismos. Eso se estudia en primero de <em>Fashioneo<\/em> y lo saben hasta los de p\u00e1rvulos. Comienza proyectando tu propia imagen como una estilista-estilosa, y luego pasa a utilizar tus dotes para <em>estilosear<\/em> a modelos, celebrities y firmas que necesitan de unos buenos looks para mejorar su producto.<\/p>\n<p>Solo est\u00e1 permitido vestir mal (o un tanto m\u00e1s desastre) los d\u00edas destinados a estar en almac\u00e9n, los d\u00edas de shooting en localizaciones extremas o durante el momento de viaje con 13 horas de vuelo por delante (y t\u00fa solo con una maleta de mano).<\/p>\n<figure id=\"attachment_11377\" aria-describedby=\"caption-attachment-11377\" style=\"width: 500px\" class=\"wp-caption aligncenter\"><img loading=\"lazy\" decoding=\"async\" class=\"wp-image-11377 size-full\" src=\"https:\/\/graziamagazine.com\/es\/wp-content\/uploads\/sites\/12\/2015\/01\/93527_trabajarenestilismo.gif\" alt=\"Esos d\u00edas.\" width=\"500\" height=\"208\" \/><figcaption id=\"caption-attachment-11377\" class=\"wp-caption-text\">Esos d\u00edas.<\/figcaption><\/figure>\n<p><span style=\"text-decoration: underline;\"><strong>5. HACER UN CURSO DE EMPAQUETAR MALETAS<\/strong><\/span><br \/>\nMadre m\u00eda. Si suspendes esta asignatura est\u00e1s perdida, bueno, a no ser que tengas una asistente que s\u00ed sabe sacar provecho a cada cent\u00edmetro c\u00fabico de la capacidad de almacenaje que posee una maleta\/bolsa\/caja y encima no sobrepasar los 20 kg permitidos en caso de que estas tengas que volar. Hacer maletas si quieres ser estilista ha de convertirse en un don.<\/p>\n<p><img loading=\"lazy\" decoding=\"async\" class=\"aligncenter wp-image-11380 size-full\" src=\"https:\/\/graziamagazine.com\/es\/wp-content\/uploads\/sites\/12\/2015\/01\/93528_trabajarenestilismo.jpg\" alt=\"93528_trabajarenestilismo\" width=\"785\" height=\"500\" srcset=\"https:\/\/graziamagazine.com\/es\/wp-content\/uploads\/sites\/12\/2015\/01\/93528_trabajarenestilismo.jpg 785w, https:\/\/graziamagazine.com\/es\/wp-content\/uploads\/sites\/12\/2015\/01\/93528_trabajarenestilismo-300x191.jpg 300w, https:\/\/graziamagazine.com\/es\/wp-content\/uploads\/sites\/12\/2015\/01\/93528_trabajarenestilismo-720x459.jpg 720w, https:\/\/graziamagazine.com\/es\/wp-content\/uploads\/sites\/12\/2015\/01\/93528_trabajarenestilismo-626x399.jpg 626w, https:\/\/graziamagazine.com\/es\/wp-content\/uploads\/sites\/12\/2015\/01\/93528_trabajarenestilismo-360x229.jpg 360w\" sizes=\"(max-width: 785px) 100vw, 785px\" \/><\/p>\n<p><span style=\"text-decoration: underline;\"><strong>6. TENER LOS BRAZOS DE HULK HOGAN<\/strong><\/span><br \/>\nPorque luego esas maletas hay que moverlas. Del showroom al almac\u00e9n, del almac\u00e9n al taxi, del taxi al estudio\/localizaci\u00f3n\/aeropuerto, descargarlas, desmontarlas, utilizar el contenido, volverlo a empaquetar, regresar al almac\u00e9n de la redacci\u00f3n, sacar todo su contenido, organizar las devoluciones&#8230; y ojito que no seas estilista <em>freelance,<\/em> que entonces las devoluciones se suelen hacer una por una y en mano a cada uno de los despachos. Cuando seas una estilista top, podr\u00e1s utilizar los servicios de una mensajer\u00eda que te libere de hacer pesas con bolsas que pesan el doble que t\u00fa.<\/p>\n<p><img loading=\"lazy\" decoding=\"async\" class=\"aligncenter wp-image-11368 size-full\" src=\"https:\/\/graziamagazine.com\/es\/wp-content\/uploads\/sites\/12\/2015\/01\/93557_trabajarenestilismo.jpg\" alt=\"93557_trabajarenestilismo\" width=\"785\" height=\"480\" srcset=\"https:\/\/graziamagazine.com\/es\/wp-content\/uploads\/sites\/12\/2015\/01\/93557_trabajarenestilismo.jpg 785w, https:\/\/graziamagazine.com\/es\/wp-content\/uploads\/sites\/12\/2015\/01\/93557_trabajarenestilismo-300x183.jpg 300w, https:\/\/graziamagazine.com\/es\/wp-content\/uploads\/sites\/12\/2015\/01\/93557_trabajarenestilismo-695x425.jpg 695w, https:\/\/graziamagazine.com\/es\/wp-content\/uploads\/sites\/12\/2015\/01\/93557_trabajarenestilismo-720x440.jpg 720w, https:\/\/graziamagazine.com\/es\/wp-content\/uploads\/sites\/12\/2015\/01\/93557_trabajarenestilismo-626x383.jpg 626w, https:\/\/graziamagazine.com\/es\/wp-content\/uploads\/sites\/12\/2015\/01\/93557_trabajarenestilismo-360x220.jpg 360w\" sizes=\"(max-width: 785px) 100vw, 785px\" \/><\/p>\n<p><span style=\"text-decoration: underline;\"><strong>7. HABLAR INGL\u00c9S, O MEJOR&#8230;<\/strong> <\/span><br \/>\nFranc\u00e9s e italiano. El ingl\u00e9s en nivel nativo, <em>of course<\/em>. Porque no te puedes poner en contacto con los departamentos de prensa de la firmas m\u00e1s top mundiales y hablarles en ingl\u00e9s indio. Y el franc\u00e9s y el italiano, para camelarte al jefe de prensa de esas marcas tops internacionales, que aunque hablan perfectamente ingl\u00e9s, que les hables en su idioma siempre suma puntos:<em> \u00abBonjour, Givenchy? Vous pouvez nous envoyer&#8230;\u00bb<\/em> y entonces ya puedes pedir el vestido que cerraba el desfile. De nada.<\/p>\n<p><img loading=\"lazy\" decoding=\"async\" class=\"aligncenter wp-image-11367 size-full\" src=\"https:\/\/graziamagazine.com\/es\/wp-content\/uploads\/sites\/12\/2015\/01\/93530_trabajarenestilismo.gif\" alt=\"93530_trabajarenestilismo\" width=\"500\" height=\"331\" \/><\/p>\n<p><span style=\"text-decoration: underline;\"><strong>8. SER EDUCADO<\/strong><\/span><br \/>\nBuenos d\u00edas, por favor, gracias por aqu\u00ed, gracias por all\u00e1, de nada, encantada&#8230; La educaci\u00f3n y amabilidad se valoran y mucho <span style=\"text-decoration: line-through;\">aqu\u00ed y en todas partes.<\/span> Peticiones, solicitudes y emergencias ser\u00e1n tu pan (integral) de cada d\u00eda y, si eres amable y tratas correctamente a los showrooms, fot\u00f3grafos, agencias de modelos&#8230; no habr\u00e1 quien te diga \u00abno\u00bb, a no ser que est\u00e9 m\u00e1s que justificado.<\/p>\n<p><span style=\"text-decoration: underline;\"><strong>9. NO TENER MIEDO A VOLAR<\/strong><\/span><br \/>\nLos vuelos son necesarios para acudir a las <em>fashion weeks<\/em> que cada seis meses se celebran en Nueva York, Londres, Mil\u00e1n y Par\u00eds, adem\u00e1s, asistir a todos los viajes de prensa ofrecidos por la firmas, y por supuesto, los desplazamientos para llevar a cabo las sesiones de fotos en enclaves tropicales de ensue\u00f1o en pleno mes de febrero para los especiales de ba\u00f1o mientras al resto de mortales nos acompa\u00f1an las nieves, o a localizaciones alpinas durante el mes de julio para los temas de invierno mientras en la ciudad disfrutamos de una temperatura de 40\u00baC.<\/p>\n<p><img loading=\"lazy\" decoding=\"async\" class=\"aligncenter wp-image-11371 size-full\" src=\"https:\/\/graziamagazine.com\/es\/wp-content\/uploads\/sites\/12\/2015\/01\/93532_trabajarenestilismo.gif\" alt=\"93532_trabajarenestilismo\" width=\"300\" height=\"169\" \/><\/p>\n<p><span style=\"text-decoration: underline;\"><strong>10. HABER APRENDIDO A PLANCHAR<\/strong><\/span><br \/>\nTu abuela te lo dijo mil veces, una mujer de bien ha de saber planchar. Pues una estilista de bien no solo debe saber planchar, sino que encima tendr\u00e1 que hacerlo sobre las prendas m\u00e1s exquisitas de las pasarelas. Ojito con quemarlas. No os hac\u00e9is una idea de c\u00f3mo llegan las prendas tras horas de viaje v\u00eda mensajer\u00eda. As\u00ed que estudiaos la canci\u00f3n de \u00abas\u00ed planchaba, as\u00ed, as\u00ed\u00bb como motivaci\u00f3n, porque vais a tener que darle a la plancha tantas horas como si trabajases en la tintorer\u00eda del barrio.<\/p>\n<p><img loading=\"lazy\" decoding=\"async\" class=\"aligncenter wp-image-11372 size-full\" src=\"https:\/\/graziamagazine.com\/es\/wp-content\/uploads\/sites\/12\/2015\/01\/93555_trabajarenestilismo.gif\" alt=\"93555_trabajarenestilismo\" width=\"500\" height=\"274\" \/><\/p>\n<p><span style=\"text-decoration: underline;\"><strong>11. PADECER INSOMNIO<\/strong><\/span> (aunque sea a marchas forzadas)<br \/>\nPara convertirlo en productividad. Noches que no acaban montando looks, madrugadas antes de que salga el sol para ponerse en marcha de camino a la localizaci\u00f3n, fiestas durante las fashion weeks&#8230; Dormir poco es \u00fatil en el sector.<\/p>\n<p><img loading=\"lazy\" decoding=\"async\" class=\"aligncenter wp-image-11378 size-full\" src=\"https:\/\/graziamagazine.com\/es\/wp-content\/uploads\/sites\/12\/2015\/01\/93556_trabajarenestilismo.gif\" alt=\"93556_trabajarenestilismo\" width=\"500\" height=\"285\" \/><\/p>\n<p><span style=\"text-decoration: underline;\"><strong>12. SER IRREVERENTE<\/strong><\/span><br \/>\nRompedora, iconoclasta, descarada&#8230; todos ellos adjetivos aplicados al momento de componer un estilismo. Ser capaz de dar una vuelta de tuerca a las tendencias, a las prendas y looks propuestos por las firmas o a la tem\u00e1tica escogida por el dise\u00f1ador o la jefa de departamento. Todo es aceptable con tal de marcar un hito en el estilismo del calibre de <a href=\"http:\/\/s01.s3c.es\/imag\/_v3\/Evasion\/640x450\/annawintourportada.jpg\" target=\"_blank\" target=\"_blank\">cuando se mezclaron prendas de alta costura con unos jeans desgastados.<\/a><\/p>\n<p><img loading=\"lazy\" decoding=\"async\" class=\"aligncenter wp-image-11366 size-full\" src=\"https:\/\/graziamagazine.com\/es\/wp-content\/uploads\/sites\/12\/2015\/01\/93560_trabajarenestilismo.gif\" alt=\"93560_trabajarenestilismo\" width=\"500\" height=\"275\" \/><\/p>\n<p><span style=\"text-decoration: underline;\"><strong>13. PERO TAMBI\u00c9N TENER EL DON DE LA PRUDENCIA<\/strong><\/span><br \/>\nPrudencia para morderse la lengua sobre todo ante las marcas, y m\u00e1s todav\u00eda si son anunciantes, para no ponerte a escupir sapos y culebras acerca de lo feo que es su producto. T\u00fa, de momento, di que es ideal (una palabra muy recurrente tanto si es para lo bueno como para lo malo) y cuando compongas el estilismo ya veremos d\u00f3nde integras semejante esperpento.<\/p>\n<p><img loading=\"lazy\" decoding=\"async\" class=\"aligncenter wp-image-11365 size-full\" src=\"https:\/\/graziamagazine.com\/es\/wp-content\/uploads\/sites\/12\/2015\/01\/93559_trabajarenestilismo.gif\" alt=\"93559_trabajarenestilismo\" width=\"355\" height=\"339\" \/><\/p>\n<p><span style=\"text-decoration: underline;\"><strong>14. UNA BUENA AGENDA DE CONTACTOS<\/strong><\/span><br \/>\nLos contactos, para que voy a mentir, son muy importantes en el sector. Lo primero, para poder acceder v\u00eda <em>fast pass<\/em> a las redacciones, aunque sea como becaria en tercer grado (es decir, s\u00f3lo tendr\u00e1s permiso para desempacar prendas y colgarlas en una percha y el resto del tiempo te tocar\u00e1 ir a por caf\u00e9s, siempre sin az\u00facar) y, si no, a estudiar un m\u00e1ster de esos que prometen pr\u00e1cticas en afamadas cabeceras.<\/p>\n<p><img loading=\"lazy\" decoding=\"async\" class=\"aligncenter wp-image-11369 size-full\" src=\"https:\/\/graziamagazine.com\/es\/wp-content\/uploads\/sites\/12\/2015\/01\/93561_trabajarenestilismo.gif\" alt=\"93561_trabajarenestilismo\" width=\"245\" height=\"169\" \/><\/p>\n<p>Lo segundo, para tener contacto con fot\u00f3grafos, maquilladores y agencias de modelos dispuestas a trabajar para conseguir los mejores resultados. No cuentan como tal, ni tu primo el que hace las fotos de la cena de Navidad, la vecina que tan bien se maquilla, ni la hija de unos amigos aspirante a mona de la clase.<\/p>\n<p>Y lo tercero, para\u00a0conseguir lo m\u00e1s de lo m\u00e1s en prendas tra\u00eddas en exclusiva para tus producciones o clientes. Vamos, que cuando llames a las oficinas de Elie Saab no tengas que pasarte dos horas explicando quien eres y qu\u00e9 haces, sino que te env\u00eden sin pesta\u00f1ear el vestidazo que luci\u00f3 la actriz de turno en su \u00faltima alfombra roja.<\/p>\n<p><strong><span style=\"text-decoration: underline;\">15. SABER POSAR<\/span><\/strong><br \/>\nComo si de la modelo protagonista se tratase para orientar a las modelos m\u00e1s inexpertas o porque quieres conseguir un gesto, postura, ca\u00edda determinada de la ropa que solo tu ojo entrenado ve, pero tambi\u00e9n porque con el estallido del street style a la salida de los desfiles te va a tocar enfrentarte a una r\u00e1faga de clic-clics tratando de pillar todos tus looks durante las semanas de la moda. As\u00ed que vete entrenando posturitas frente al espejo.<\/p>\n<p><span style=\"text-decoration: underline;\"><strong>16. SER UN POCO SHOPAHOLIC<\/strong><\/span><br \/>\nPara hacer honor correctamente al punto 4 y al 15, y porque ser estilista tiene una ventaja que pocas cuentan: estar invitada a las ventas especiales de las mejores firmas de moda. Venta especial viene a significar un descuento de &#8216;que lo flipas&#8217; y permite acceder a esas prendas que antes utilizaste en sesiones de fotograf\u00eda sobre una modelo.<\/p>\n<figure id=\"attachment_11373\" aria-describedby=\"caption-attachment-11373\" style=\"width: 785px\" class=\"wp-caption aligncenter\"><img loading=\"lazy\" decoding=\"async\" class=\"wp-image-11373 size-full\" src=\"https:\/\/graziamagazine.com\/es\/wp-content\/uploads\/sites\/12\/2015\/01\/93563_trabajarenestilismo.jpg\" alt=\"93563_trabajarenestilismo\" width=\"785\" height=\"480\" srcset=\"https:\/\/graziamagazine.com\/es\/wp-content\/uploads\/sites\/12\/2015\/01\/93563_trabajarenestilismo.jpg 785w, https:\/\/graziamagazine.com\/es\/wp-content\/uploads\/sites\/12\/2015\/01\/93563_trabajarenestilismo-300x183.jpg 300w, https:\/\/graziamagazine.com\/es\/wp-content\/uploads\/sites\/12\/2015\/01\/93563_trabajarenestilismo-695x425.jpg 695w, https:\/\/graziamagazine.com\/es\/wp-content\/uploads\/sites\/12\/2015\/01\/93563_trabajarenestilismo-720x440.jpg 720w, https:\/\/graziamagazine.com\/es\/wp-content\/uploads\/sites\/12\/2015\/01\/93563_trabajarenestilismo-626x383.jpg 626w, https:\/\/graziamagazine.com\/es\/wp-content\/uploads\/sites\/12\/2015\/01\/93563_trabajarenestilismo-360x220.jpg 360w\" sizes=\"(max-width: 785px) 100vw, 785px\" \/><figcaption id=\"caption-attachment-11373\" class=\"wp-caption-text\">\u00a9 Antonin Giudicci<\/figcaption><\/figure>\n<p><span style=\"text-decoration: underline;\"><strong>17. PERTENECER AL GRUPO DE LAS PERSONAS \u00abAPA\u00d1\u00c1S\u00bb<\/strong><\/span><br \/>\nPorque la improvisaci\u00f3n es algo que viene tan vinculada a la profesi\u00f3n como el hecho de hacer maletas (punto 5). Ropa que no llega y que hay que sustituir por otras prendas en el \u00faltimo minuto, vestidos que no le cierran a la protagonista de las fotos y t\u00fa tienes que crear una especie de tiras para anudarlo como buenamente puedas, cremalleras rotas que hay que coser a lo bonzo para que el vestido de la clienta no se abra en pleno <em>photocall,<\/em> llamar (para esto tambi\u00e9n sirve la agenda de contactos) pidiendo que te fabriquen de la noche a la ma\u00f1ana unos pantalones pirata, acampanados, con flecos dorados en los bolsillos porque lo que tienes en mente no lo encuentras en ning\u00fan showroom&#8230; y as\u00ed todo el tiempo.<\/p>\n<p><span style=\"text-decoration: underline;\"><strong> 18. ESTAR EN LAS REDES SOCIALES<\/strong><\/span><br \/>\n\u00a1Qui\u00e9n no quiere estar en las redes sociales! Son el mejor instrumento para mostrar tu trabajo, publicitar tu estilo, aumentar la agenda de contactos y por supuesto, agradecer a las marcas el asiento en<em> front row<\/em>, esos maravillosos viajes para algunas presentaciones de prensa o los regalos que env\u00edan, generalmente en forma de un bonito ramo de flores y alguna golosina (ll\u00e1malo bolso) de la firma. Y de ese modo dejar bien claro al resto del personal qui\u00e9n son y d\u00f3nde se sit\u00faan en el ranking laboral.<\/p>\n<figure id=\"attachment_11379\" aria-describedby=\"caption-attachment-11379\" style=\"width: 785px\" class=\"wp-caption aligncenter\"><img loading=\"lazy\" decoding=\"async\" class=\"wp-image-11379 size-full\" src=\"https:\/\/graziamagazine.com\/es\/wp-content\/uploads\/sites\/12\/2015\/01\/93564_trabajarenestilismo.jpg\" alt=\"\u00a9 Antonin Giudicci\" width=\"785\" height=\"480\" srcset=\"https:\/\/graziamagazine.com\/es\/wp-content\/uploads\/sites\/12\/2015\/01\/93564_trabajarenestilismo.jpg 785w, https:\/\/graziamagazine.com\/es\/wp-content\/uploads\/sites\/12\/2015\/01\/93564_trabajarenestilismo-300x183.jpg 300w, https:\/\/graziamagazine.com\/es\/wp-content\/uploads\/sites\/12\/2015\/01\/93564_trabajarenestilismo-695x425.jpg 695w, https:\/\/graziamagazine.com\/es\/wp-content\/uploads\/sites\/12\/2015\/01\/93564_trabajarenestilismo-720x440.jpg 720w, https:\/\/graziamagazine.com\/es\/wp-content\/uploads\/sites\/12\/2015\/01\/93564_trabajarenestilismo-626x383.jpg 626w, https:\/\/graziamagazine.com\/es\/wp-content\/uploads\/sites\/12\/2015\/01\/93564_trabajarenestilismo-360x220.jpg 360w\" sizes=\"(max-width: 785px) 100vw, 785px\" \/><figcaption id=\"caption-attachment-11379\" class=\"wp-caption-text\">\u00a9 Antonin Giudicci<\/figcaption><\/figure>\n<p><span style=\"text-decoration: underline;\"><strong>19. DOMINAR LOS STILETTOS<\/strong><\/span><br \/>\nNo es obligatorio, pero \u00bfa cuantas estilistas has visto caminar en zapatillas? Yo ahora veo a muchas pero porque es tendencia, bueno, y los d\u00edas que van de recolecta por los showrooms, tambi\u00e9n. Pero el zapato caracter\u00edstico de la estilista que no falta en su bolso o maleta, es un sal\u00f3n de tac\u00f3n exagerado para acudir a reuniones y eventos, demostrando que no solo saben c\u00f3mo combinarlos sino que los dominan a la perfecci\u00f3n.<\/p>\n<p><span style=\"text-decoration: underline;\"><strong>20. Y SOBRE TODO, NO QUERER EMULAR A LAS GRANDES<\/strong><\/span><br \/>\nTener tu estilo propio a la hora de crear estilismos ser\u00e1 lo \u00fanico que te diferenciar\u00e1 de todas las dem\u00e1s. Adem\u00e1s, \u00bfno querr\u00e1s morir de la verg\u00fcenza cuando muestres tu portfolio a una estilista top y vea que has copiado sus looks, no?<\/p>\n<p><script type=\"text\/javascript\">\/\/ <![CDATA[\n!function(d,s,id){var js,fjs=d.getElementsByTagName(s)[0],p=\/^http:\/.test(d.location)?'http':'https';if(!d.getElementById(id)){js=d.createElement(s);js.id=id;js.src=p+':\/\/platform.twitter.com\/widgets.js';fjs.parentNode.insertBefore(js,fjs);}}(document, 'script', 'twitter-wjs');\n\/\/ ]]><\/script><\/p>\n","protected":false},"author":19759,"featured_media":0,"template":"","format":"standard","categories":[162,1],"acf":[],"yoast_head":"<!-- This site is optimized with the Yoast SEO Premium plugin v18.5 (Yoast SEO v20.4) - https:\/\/yoast.com\/wordpress\/plugins\/seo\/ -->\n<title>\u00bfC\u00f3mo trabajar como estilista? | Grazia<\/title>\n<meta name=\"description\" content=\"Los 20 consejos a seguir para acceder al puesto m\u00e1s fashionista de la moda. \u00a1Apunta!\" \/>\n<meta name=\"robots\" content=\"index, follow, max-snippet:-1, max-image-preview:large, max-video-preview:-1\" \/>\n<link rel=\"canonical\" href=\"https:\/\/graziamagazine.com\/es\/articles\/como-trabajar-como-estilista\/\" \/>\n<meta property=\"og:locale\" content=\"es_ES\" \/>\n<meta property=\"og:type\" content=\"article\" \/>\n<meta property=\"og:title\" content=\"\u00bfC\u00f3mo trabajar como estilista?\" \/>\n<meta property=\"og:description\" content=\"Los 20 consejos a seguir para acceder al puesto m\u00e1s fashionista de la moda. \u00a1Apunta!\" \/>\n<meta property=\"og:url\" content=\"https:\/\/graziamagazine.com\/es\/articles\/como-trabajar-como-estilista\/\" \/>\n<meta property=\"og:site_name\" content=\"Grazia\" \/>\n<meta property=\"article:modified_time\" content=\"2015-04-30T22:38:17+00:00\" \/>\n<meta property=\"og:image\" content=\"https:\/\/graziamagazine.com\/es\/wp-content\/uploads\/sites\/12\/2015\/01\/93569_trabajarenestilismo.jpg\" \/>\n<meta name=\"twitter:card\" content=\"summary_large_image\" \/>\n<meta name=\"twitter:label1\" content=\"Est. reading time\" \/>\n\t<meta name=\"twitter:data1\" content=\"10 minutos\" \/>\n<script type=\"application\/ld+json\" class=\"yoast-schema-graph\">{\"@context\":\"https:\/\/schema.org\",\"@graph\":[{\"@type\":\"WebPage\",\"@id\":\"https:\/\/graziamagazine.com\/es\/articles\/como-trabajar-como-estilista\/\",\"url\":\"https:\/\/graziamagazine.com\/es\/articles\/como-trabajar-como-estilista\/\",\"name\":\"\u00bfC\u00f3mo trabajar como estilista? | Grazia\",\"isPartOf\":{\"@id\":\"https:\/\/graziamagazine.com\/es\/#website\"},\"datePublished\":\"2014-11-24T19:34:48+00:00\",\"dateModified\":\"2015-04-30T22:38:17+00:00\",\"description\":\"Los 20 consejos a seguir para acceder al puesto m\u00e1s fashionista de la moda. \u00a1Apunta!\",\"breadcrumb\":{\"@id\":\"https:\/\/graziamagazine.com\/es\/articles\/como-trabajar-como-estilista\/#breadcrumb\"},\"inLanguage\":\"es\",\"potentialAction\":[{\"@type\":\"ReadAction\",\"target\":[\"https:\/\/graziamagazine.com\/es\/articles\/como-trabajar-como-estilista\/\"]}]},{\"@type\":\"BreadcrumbList\",\"@id\":\"https:\/\/graziamagazine.com\/es\/articles\/como-trabajar-como-estilista\/#breadcrumb\",\"itemListElement\":[{\"@type\":\"ListItem\",\"position\":1,\"name\":\"Portada\",\"item\":\"https:\/\/graziamagazine.com\/es\/\"},{\"@type\":\"ListItem\",\"position\":2,\"name\":\"\u00bfC\u00f3mo trabajar como estilista?\"}]},{\"@type\":\"WebSite\",\"@id\":\"https:\/\/graziamagazine.com\/es\/#website\",\"url\":\"https:\/\/graziamagazine.com\/es\/\",\"name\":\"Grazia\",\"description\":\"Moda, belleza, celebrities, estilo de vida...\",\"potentialAction\":[{\"@type\":\"SearchAction\",\"target\":{\"@type\":\"EntryPoint\",\"urlTemplate\":\"https:\/\/graziamagazine.com\/es\/?s={search_term_string}\"},\"query-input\":\"required name=search_term_string\"}],\"inLanguage\":\"es\"}]}<\/script>\n<!-- \/ Yoast SEO Premium plugin. -->","yoast_head_json":{"title":"\u00bfC\u00f3mo trabajar como estilista? | Grazia","description":"Los 20 consejos a seguir para acceder al puesto m\u00e1s fashionista de la moda. \u00a1Apunta!","robots":{"index":"index","follow":"follow","max-snippet":"max-snippet:-1","max-image-preview":"max-image-preview:large","max-video-preview":"max-video-preview:-1"},"canonical":"https:\/\/graziamagazine.com\/es\/articles\/como-trabajar-como-estilista\/","og_locale":"es_ES","og_type":"article","og_title":"\u00bfC\u00f3mo trabajar como estilista?","og_description":"Los 20 consejos a seguir para acceder al puesto m\u00e1s fashionista de la moda. \u00a1Apunta!","og_url":"https:\/\/graziamagazine.com\/es\/articles\/como-trabajar-como-estilista\/","og_site_name":"Grazia","article_modified_time":"2015-04-30T22:38:17+00:00","og_image":[{"url":"https:\/\/graziamagazine.com\/es\/wp-content\/uploads\/sites\/12\/2015\/01\/93569_trabajarenestilismo.jpg"}],"twitter_card":"summary_large_image","twitter_misc":{"Est. reading time":"10 minutos"},"schema":{"@context":"https:\/\/schema.org","@graph":[{"@type":"WebPage","@id":"https:\/\/graziamagazine.com\/es\/articles\/como-trabajar-como-estilista\/","url":"https:\/\/graziamagazine.com\/es\/articles\/como-trabajar-como-estilista\/","name":"\u00bfC\u00f3mo trabajar como estilista? | Grazia","isPartOf":{"@id":"https:\/\/graziamagazine.com\/es\/#website"},"datePublished":"2014-11-24T19:34:48+00:00","dateModified":"2015-04-30T22:38:17+00:00","description":"Los 20 consejos a seguir para acceder al puesto m\u00e1s fashionista de la moda. \u00a1Apunta!","breadcrumb":{"@id":"https:\/\/graziamagazine.com\/es\/articles\/como-trabajar-como-estilista\/#breadcrumb"},"inLanguage":"es","potentialAction":[{"@type":"ReadAction","target":["https:\/\/graziamagazine.com\/es\/articles\/como-trabajar-como-estilista\/"]}]},{"@type":"BreadcrumbList","@id":"https:\/\/graziamagazine.com\/es\/articles\/como-trabajar-como-estilista\/#breadcrumb","itemListElement":[{"@type":"ListItem","position":1,"name":"Portada","item":"https:\/\/graziamagazine.com\/es\/"},{"@type":"ListItem","position":2,"name":"\u00bfC\u00f3mo trabajar como estilista?"}]},{"@type":"WebSite","@id":"https:\/\/graziamagazine.com\/es\/#website","url":"https:\/\/graziamagazine.com\/es\/","name":"Grazia","description":"Moda, belleza, celebrities, estilo de vida...","potentialAction":[{"@type":"SearchAction","target":{"@type":"EntryPoint","urlTemplate":"https:\/\/graziamagazine.com\/es\/?s={search_term_string}"},"query-input":"required name=search_term_string"}],"inLanguage":"es"}]}},"jetpack_sharing_enabled":true,"distributor_meta":false,"distributor_terms":false,"distributor_media":false,"distributor_original_site_name":"Grazia","distributor_original_site_url":"https:\/\/graziamagazine.com\/es","push-errors":false,"_links":{"self":[{"href":"https:\/\/graziamagazine.com\/es\/wp-json\/wp\/v2\/articles\/11364"}],"collection":[{"href":"https:\/\/graziamagazine.com\/es\/wp-json\/wp\/v2\/articles"}],"about":[{"href":"https:\/\/graziamagazine.com\/es\/wp-json\/wp\/v2\/types\/articles"}],"author":[{"embeddable":true,"href":"https:\/\/graziamagazine.com\/es\/wp-json\/wp\/v2\/users\/19759"}],"wp:attachment":[{"href":"https:\/\/graziamagazine.com\/es\/wp-json\/wp\/v2\/media?parent=11364"}],"wp:term":[{"taxonomy":"category","embeddable":true,"href":"https:\/\/graziamagazine.com\/es\/wp-json\/wp\/v2\/categories?post=11364"}],"curies":[{"name":"wp","href":"https:\/\/api.w.org\/{rel}","templated":true}]}}