{"id":113621,"date":"2017-04-20T15:48:59","date_gmt":"2017-04-20T13:48:59","guid":{"rendered":"https:\/\/graziamagazine.com\/es\/?p=113621"},"modified":"2017-04-20T15:49:01","modified_gmt":"2017-04-20T13:49:01","slug":"festival-desalia-concierto-juan-magan","status":"publish","type":"articles","link":"https:\/\/graziamagazine.com\/es\/articles\/festival-desalia-concierto-juan-magan\/","title":{"rendered":"La noche que bail\u00e9 al son de Juan Mag\u00e1n en alta mar (junto a Maxi Iglesias y Juan Betancourt)"},"content":{"rendered":"<p>Confieso que mi iPod da cobijo a alguna canci\u00f3n <del>por no decir muchas<\/del> de Juan Mag\u00e1n. El electrolatino del artista se ha colado en mi vida como lo hacen los calcetines en los pantalones dentro de la lavadora; de manera inexplicable. Por eso, imaginaos mi sorpresa cuando me\u00a0vi rodeada de 1.000 personas (entre ellas <strong><a href=\"https:\/\/graziamagazine.com\/es\/celebs\/maxi-iglesias-todo-lo-que-suponga-un-reto-es-una-preferencia\/\" target=\"_blank\">Maxi Iglesias<\/a><\/strong> y <strong>Juan Betancourt<\/strong>) en una <a href=\"https:\/\/graziamagazine.com\/es\/lifestyle\/manual-instrucciones-fiesta-alta-mar\/\" target=\"_blank\">fiesta en alta mar<\/a>, asistiendo en directo a un concierto de Mag\u00e1n\u00a0y d\u00e1ndome cuenta de que su m\u00fasica me hac\u00eda desear\u00a0tener la cadera de una dominicana para poder bailar de forma decente.<\/p>\n<figure id=\"attachment_113622\" aria-describedby=\"caption-attachment-113622\" style=\"width: 287px\" class=\"wp-caption aligncenter\"><img loading=\"lazy\" decoding=\"async\" class=\"size-full wp-image-113622\" src=\"https:\/\/graziamagazine.com\/es\/wp-content\/uploads\/sites\/12\/2017\/04\/robot.gif\" alt=\"\" width=\"287\" height=\"400\" \/><figcaption id=\"caption-attachment-113622\" class=\"wp-caption-text\">\u00bfPor qu\u00e9 parece que tengo los huesos de metal cuando bailo?<\/figcaption><\/figure>\n<p>Pero empecemos por el principio. Todo comenz\u00f3 cuando me embarqu\u00e9 en el d\u00e9cimo aniversario de <strong>Desalia<\/strong>. Y s\u00ed, digo embarcar porque esta experiencia la realic\u00e9 a bordo de un crucero. (Minuto de silencio por Jack). Para celebrar una fecha tan especial, Ron Barcel\u00f3 nos pidi\u00f3 que nos visti\u00e9semos de blanco (malditas torrijas de Semana Santa) y nos dej\u00e1semos llevar por el electrolatino. Hecho.<\/p>\n<figure id=\"attachment_113623\" aria-describedby=\"caption-attachment-113623\" style=\"width: 500px\" class=\"wp-caption aligncenter\"><img loading=\"lazy\" decoding=\"async\" class=\"size-full wp-image-113623\" src=\"https:\/\/graziamagazine.com\/es\/wp-content\/uploads\/sites\/12\/2017\/04\/lady-gaga.gif\" alt=\"\" width=\"500\" height=\"650\" \/><figcaption id=\"caption-attachment-113623\" class=\"wp-caption-text\">Imaginadme as\u00ed mejor, por favor.<\/figcaption><\/figure>\n<p>Siguiendo la tradici\u00f3n marinera, aqu\u00ed os dejo mi diario de a bordo.<\/p>\n<p><strong>00:30 a.m.\u00a0<\/strong>Engalanada con mi mejor <a href=\"https:\/\/graziamagazine.com\/es\/moda\/vestido-mas-buscado-paula-echevarria-cristina-pina\/\" target=\"_blank\">vestido blanco<\/a> (y el \u00fanico), hago acto de presencia en la cubierta del barco. Me acerco a la barra y pido un ron (como los buenos bucaneros) y me dispongo a socializar un poco. Un momento. <strong>\u00bfEs ese Maxi Iglesias?<\/strong> A ver, no puede ser. Pelazo, ojos azules, piel morena, sonrisa encantadora. <strong>O es \u00e9l o me he encontrado al pr\u00edncipe Disney en persona.<\/strong>\u00a0Nuestras miradas se cruzan. Sonr\u00ede.<\/p>\n<p><strong>00:40 a.m.\u00a0<\/strong>Me doy cuenta de que llevo diez minutos petrificada. \u00a1Me ha sonre\u00eddo! Porque estoy en alta mar y sin datos (maldita itinerancia), que si no lo subo a Twitter, Instagram, Snapchat, Facebook y, cuando me beba un ron m\u00e1s, a Linkedin.<\/p>\n<figure id=\"attachment_113624\" aria-describedby=\"caption-attachment-113624\" style=\"width: 500px\" class=\"wp-caption aligncenter\"><img loading=\"lazy\" decoding=\"async\" class=\"size-full wp-image-113624\" src=\"https:\/\/graziamagazine.com\/es\/wp-content\/uploads\/sites\/12\/2017\/04\/amor.gif\" alt=\"\" width=\"500\" height=\"380\" \/><figcaption id=\"caption-attachment-113624\" class=\"wp-caption-text\">Y mi coraz\u00f3n lat\u00eda as\u00ed de fuerte.<\/figcaption><\/figure>\n<p><strong>00:42 a.m\u00a0<\/strong>\u00abEst\u00e1 aqu\u00ed rodando un corto con Juan Betancourt\u00bb, me dice una chica que se ha dado cuenta de que estoy absorta mir\u00e1ndolo de reojo. <strong>\u00ab\u00bfHas dicho Juan Betancourt?\u00bb<\/strong>, le grito. Me mira con cara de \u00abesta chica est\u00e1 muy mal de lo suyo\u00bb y me dice: \u00abS\u00ed, y acaba de llegar. Si te giras lo ver\u00e1s\u00bb.<\/p>\n<figure id=\"attachment_113625\" aria-describedby=\"caption-attachment-113625\" style=\"width: 500px\" class=\"wp-caption aligncenter\"><img loading=\"lazy\" decoding=\"async\" class=\"size-full wp-image-113625\" src=\"https:\/\/graziamagazine.com\/es\/wp-content\/uploads\/sites\/12\/2017\/04\/respirar.gif\" alt=\"\" width=\"500\" height=\"281\" \/><figcaption id=\"caption-attachment-113625\" class=\"wp-caption-text\">Eso intentaba.<\/figcaption><\/figure>\n<p><strong>00:45 a.m<\/strong> Ah\u00ed est\u00e1. Tan guapo y alto como lo imaginaba. \u00bfEstoy en una especie de isla, rollo <em>Perdidos,<\/em> en la que el destino me premia por mi desastrosa vida sentimental? No lo s\u00e9, pero no voy a pellizcarme por si me despierto. Lo observo fijamente y veo que se acerca a Maxi. <em>No way<\/em>. Se saludan con un abrazo. Foto mental. (Aunque soy buena y os dejo una de los dos durante el rodaje del corto).<\/p>\n<blockquote class=\"instagram-media\" style=\"background: #FFF; border: 0; border-radius: 3px; box-shadow: 0 0 1px 0 rgba(0,0,0,0.5),0 1px 10px 0 rgba(0,0,0,0.15); margin: 1px; max-width: 658px; padding: 0; width: calc(100% - 2px);\" data-instgrm-captioned=\"\" data-instgrm-version=\"7\">\n<div style=\"padding: 8px;\">\n<div style=\"background: #F8F8F8; line-height: 0; margin-top: 40px; padding: 62.5% 0; text-align: center; width: 100%;\"><\/div>\n<p style=\"margin: 8px 0 0 0; padding: 0 4px;\"><a href=\"https:\/\/www.instagram.com\/p\/BTEXjgGBgmJ\/\"style=\"color: #000; font-family: Arial,sans-serif; font-size: 14px; font-style: normal; font-weight: normal; line-height: 17px; text-decoration: none; word-wrap: break-word;\"  target=\"_blank\" target=\"_blank\">Andres y lucas , dos tontos muy tontos! \ud83c\udfa5#aniversariodesalia @ronbarcelospain<\/a><\/p>\n<p style=\"color: #c9c8cd; font-family: Arial,sans-serif; font-size: 14px; line-height: 17px; margin-bottom: 0; margin-top: 8px; overflow: hidden; padding: 8px 0 7px; text-align: center; text-overflow: ellipsis; white-space: nowrap;\">Una publicaci\u00f3n compartida de Juan Betancourt (@juanbetancourtt) el <time style=\"font-family: Arial,sans-serif; font-size: 14px; line-height: 17px;\" datetime=\"2017-04-19T13:15:31+00:00\">19 de Abr de 2017 a la(s) 6:15 PDT<\/time><\/p>\n<\/div>\n<\/blockquote>\n<p><script async defer src=\"\/\/platform.instagram.com\/en_US\/embeds.js\"><\/script><\/p>\n<p><strong>00.55 a.m.<\/strong> Faltan cinco minutos para que salga Juan Mag\u00e1n al escenario y a\u00fan no puedo creerme que comparta espacio f\u00edsico con Maxi y Juan (ya les nombro como si fueran mis amigos). Estoy tentada de ir a hablar con ellos. Sin embargo, un mont\u00f3n de chicas se acercan para hacerse fotos. Aceptan cada una de ellas y de buen agrado. \u00bfPueden ser m\u00e1s majos? Ains.<\/p>\n<p><strong>01:00 a.m.<\/strong> Un fogonazo de luz hace que mire al escenario. \u00a1Es Juan Mag\u00e1n! Ay, madre. Mi experiencia con su m\u00fasica\u00a0es limitada y solo fui a zumba durante dos meses. (No quer\u00e1is saber por qu\u00e9). \u00a0<strong>\u00bfSer\u00e9 capaz de bailar electorlatino\u00a0sin perder la dignidad delante de Maxi y Juan?<\/strong> <del>S\u00ed, yo cre\u00eda que estar\u00edan pendientes de m\u00ed.<\/del><\/p>\n<blockquote class=\"instagram-media\" style=\"background: #FFF; border: 0; border-radius: 3px; box-shadow: 0 0 1px 0 rgba(0,0,0,0.5),0 1px 10px 0 rgba(0,0,0,0.15); margin: 1px; max-width: 658px; padding: 0; width: calc(100% - 2px);\" data-instgrm-captioned=\"\" data-instgrm-version=\"7\">\n<div style=\"padding: 8px;\">\n<div style=\"background: #F8F8F8; line-height: 0; margin-top: 40px; padding: 33.33333333333333% 0; text-align: center; width: 100%;\"><\/div>\n<p style=\"margin: 8px 0 0 0; padding: 0 4px;\"><a href=\"https:\/\/www.instagram.com\/p\/BTDFZgQAUv5\/\"style=\"color: #000; font-family: Arial,sans-serif; font-size: 14px; font-style: normal; font-weight: normal; line-height: 17px; text-decoration: none; word-wrap: break-word;\"  target=\"_blank\" target=\"_blank\">@juanmagan lo est\u00e1 dando todo en #AnivesarioDesalia. Y nosotros con \u00e9l. \ud83d\udef3\ud83d\ude0e #RonBarcel\u00f3 #Fiesta #Barcel\u00f3 #Crucero<\/a><\/p>\n<p style=\"color: #c9c8cd; font-family: Arial,sans-serif; font-size: 14px; line-height: 17px; margin-bottom: 0; margin-top: 8px; overflow: hidden; padding: 8px 0 7px; text-align: center; text-overflow: ellipsis; white-space: nowrap;\">Una publicaci\u00f3n compartida de Ron Barcel\u00f3 (@ronbarcelospain) el <time style=\"font-family: Arial,sans-serif; font-size: 14px; line-height: 17px;\" datetime=\"2017-04-19T01:17:38+00:00\">18 de Abr de 2017 a la(s) 6:17 PDT<\/time><\/p>\n<\/div>\n<\/blockquote>\n<p><script async defer src=\"\/\/platform.instagram.com\/en_US\/embeds.js\"><\/script><\/p>\n<p><strong>01:02 a.m.\u00a0<\/strong>Noto c\u00f3mo mis pies quieren moverse y les dejo que lo hagan. Vaya, a\u00fan no me he ca\u00eddo. Bien. Mis caderas quieren acompa\u00f1ar el movimiento. <strong>\u00abA ver amiga, que no eres Shakira\u00bb<\/strong>, me digo mentalmente. Miro alrededor mientras Mag\u00e1n me cuenta que \u00abayer la vi bailando por ah\u00ed\u00bb. \u00bfSe refiere a m\u00ed? \u00a1Qu\u00e9 narices! A desmelenarse.<\/p>\n<figure id=\"attachment_113635\" aria-describedby=\"caption-attachment-113635\" style=\"width: 640px\" class=\"wp-caption aligncenter\"><img loading=\"lazy\" decoding=\"async\" class=\"wp-image-113635 size-large\" src=\"https:\/\/graziamagazine.com\/es\/wp-content\/uploads\/sites\/12\/2017\/04\/Ambiente-10-aniversario-desalia-1024x768.jpg\" alt=\"\" width=\"640\" height=\"480\" srcset=\"https:\/\/graziamagazine.com\/es\/wp-content\/uploads\/sites\/12\/2017\/04\/Ambiente-10-aniversario-desalia-1024x768.jpg 1024w, https:\/\/graziamagazine.com\/es\/wp-content\/uploads\/sites\/12\/2017\/04\/Ambiente-10-aniversario-desalia-300x225.jpg 300w, https:\/\/graziamagazine.com\/es\/wp-content\/uploads\/sites\/12\/2017\/04\/Ambiente-10-aniversario-desalia-768x576.jpg 768w, https:\/\/graziamagazine.com\/es\/wp-content\/uploads\/sites\/12\/2017\/04\/Ambiente-10-aniversario-desalia-720x540.jpg 720w, https:\/\/graziamagazine.com\/es\/wp-content\/uploads\/sites\/12\/2017\/04\/Ambiente-10-aniversario-desalia-1200x900.jpg 1200w, https:\/\/graziamagazine.com\/es\/wp-content\/uploads\/sites\/12\/2017\/04\/Ambiente-10-aniversario-desalia-626x470.jpg 626w, https:\/\/graziamagazine.com\/es\/wp-content\/uploads\/sites\/12\/2017\/04\/Ambiente-10-aniversario-desalia-360x270.jpg 360w\" sizes=\"(max-width: 640px) 100vw, 640px\" \/><figcaption id=\"caption-attachment-113635\" class=\"wp-caption-text\">Con este fiest\u00f3n por delante, \u00bfc\u00f3mo no hacerlo?<\/figcaption><\/figure>\n<p><strong>01:30 a.m.\u00a0<\/strong>Estoy en mi salsa, sigo de una pieza y nadie me ha echado del barco <del>de vapor<\/del> por arr\u00edtmica. \u00a1Ay! He perdido de vista a Maxi y Betancourt. Miro mi copa y est\u00e1 vac\u00eda. Probablemente porque la mitad se ha ca\u00eddo al suelo mientras intentaba &#8216;perrear&#8217;. (<del>Imaginad d\u00f3nde est\u00e1 la otra mitad<\/del>). Voy a la barra y as\u00ed aprovecho para dar una vuelta de reconocimiento.<\/p>\n<p><strong>01:40 a.m.<\/strong> Consigo llegar a mi destino despu\u00e9s de que me paren como 500 veces para bailar. \u00a1Qu\u00e9 subid\u00f3n! La gente est\u00e1 pas\u00e1ndoselo de miedo y por un momento me da la sensaci\u00f3n de que estoy en Rep\u00fablica Dominicana. \u00abUn ron con lim\u00f3n, por favor\u00bb, digo con mi mejor sonrisa.<\/p>\n<figure id=\"attachment_113626\" aria-describedby=\"caption-attachment-113626\" style=\"width: 499px\" class=\"wp-caption aligncenter\"><img loading=\"lazy\" decoding=\"async\" class=\"size-full wp-image-113626\" src=\"https:\/\/graziamagazine.com\/es\/wp-content\/uploads\/sites\/12\/2017\/04\/perro.gif\" alt=\"\" width=\"499\" height=\"281\" \/><figcaption id=\"caption-attachment-113626\" class=\"wp-caption-text\">Que es esta.<\/figcaption><\/figure>\n<p><strong>01:42 a.m.<\/strong> Noto que unos chicos se ponen detr\u00e1s de m\u00ed. \u00abYa est\u00e1n los pesados de siempre intentando colarse\u00bb, pienso. Me giro con cara de perro (pero no el de antes) y me quedo muda. Son Juan y Maxi. Me sonr\u00eden y me dicen \u00abhola\u00bb.<\/p>\n<figure id=\"attachment_113627\" aria-describedby=\"caption-attachment-113627\" style=\"width: 700px\" class=\"wp-caption aligncenter\"><img loading=\"lazy\" decoding=\"async\" class=\"size-full wp-image-113627\" src=\"https:\/\/graziamagazine.com\/es\/wp-content\/uploads\/sites\/12\/2017\/04\/desmayo.gif\" alt=\"\" width=\"700\" height=\"394\" \/><figcaption id=\"caption-attachment-113627\" class=\"wp-caption-text\">Y esto ocurri\u00f3 en mi cerebro.<\/figcaption><\/figure>\n<p><strong>01:43 a.m.\u00a0<\/strong>\u00abHola\u00bb, contest\u00f3 de manera inmediata. Me miran, los miro y nos sonre\u00edmos. No s\u00e9 ni c\u00f3mo me llamo ahora mismo. Me giro como si no me importara nada lo que acaba de pasar.<\/p>\n<figure id=\"attachment_113628\" aria-describedby=\"caption-attachment-113628\" style=\"width: 460px\" class=\"wp-caption aligncenter\"><img loading=\"lazy\" decoding=\"async\" class=\"size-full wp-image-113628\" src=\"https:\/\/graziamagazine.com\/es\/wp-content\/uploads\/sites\/12\/2017\/04\/ni\u00f1a.gif\" alt=\"\" width=\"460\" height=\"242\" \/><figcaption id=\"caption-attachment-113628\" class=\"wp-caption-text\">Y en cuanto les doy la espalda, pongo esta cara.<\/figcaption><\/figure>\n<p><strong>01:45 a.m.\u00a0<\/strong>Me siento como un pavo real. No me malinterpret\u00e9is. Estoy acostumbrada a ver famosos debido a mi trabajo, pero el electrolatino me tiene pose\u00edda <del>en el buen sentido<\/del>. Vuelvo con mis compa\u00f1eras de viaje y una de ellas me reta a acercarnos a la primera fila. Acepto. Hoy no me para nadie.<\/p>\n<p><strong>02:00 a.m.\u00a0<\/strong>Quince minutos tardamos en llegar al escenario. \u00bfEl motivo? Hemos bailado, hablado (a gritos) y re\u00eddo con un mont\u00f3n de personas. \u00bfPero de d\u00f3nde ha salido tanta gente? \u00abConsegu\u00ed las invitaciones en un concurso v\u00eda redes sociales y pod\u00eda traer a 2, 4 o 6 amigos\u00bb, me dice un chico sevillano. Vale, ahora ya s\u00ed que me salen las cuentas. Llegamos a l\u00ednea de meta y puedo ver a Juan Mag\u00e1n a cinco metros de distancia.<\/p>\n<figure id=\"attachment_113630\" aria-describedby=\"caption-attachment-113630\" style=\"width: 695px\" class=\"wp-caption aligncenter\"><img loading=\"lazy\" decoding=\"async\" class=\"size-full wp-image-113630\" src=\"https:\/\/graziamagazine.com\/es\/wp-content\/uploads\/sites\/12\/2017\/04\/695x4257.jpg\" alt=\"\" width=\"695\" height=\"425\" srcset=\"https:\/\/graziamagazine.com\/es\/wp-content\/uploads\/sites\/12\/2017\/04\/695x4257.jpg 695w, https:\/\/graziamagazine.com\/es\/wp-content\/uploads\/sites\/12\/2017\/04\/695x4257-300x183.jpg 300w, https:\/\/graziamagazine.com\/es\/wp-content\/uploads\/sites\/12\/2017\/04\/695x4257-626x383.jpg 626w, https:\/\/graziamagazine.com\/es\/wp-content\/uploads\/sites\/12\/2017\/04\/695x4257-360x220.jpg 360w\" sizes=\"(max-width: 695px) 100vw, 695px\" \/><figcaption id=\"caption-attachment-113630\" class=\"wp-caption-text\">Y yo estaba ah\u00ed delante de \u00e9l. \u00a9 Cortes\u00eda de Ron Barcel\u00f3.<\/figcaption><\/figure>\n<p><strong>02:30 a.m.\u00a0<\/strong>Es oficial. Soy fan y <em>groupie<\/em> del cantante. Me muevo al ritmo de la m\u00fasica y no me importa lo que nadie piense de mi forma de bailar. <strong>\u00a1Soy como Billy Elliot!<\/strong> <del>M\u00e1s o menos.<\/del> Los ca\u00f1ones de humo nos &#8216;disparan&#8217; y nos sumimos en una intensa niebla. Y por un momento, Juan Mag\u00e1n consigue lo impensable. Me hace recordar cuando montaba en el tren de la bruja y pas\u00e1bamos a toda velocidad por el t\u00fanel neblinoso para encontrarnos con la malvada se\u00f1ora de la escoba voladora.<\/p>\n<figure id=\"attachment_113629\" aria-describedby=\"caption-attachment-113629\" style=\"width: 493px\" class=\"wp-caption aligncenter\"><img loading=\"lazy\" decoding=\"async\" class=\"size-full wp-image-113629\" src=\"https:\/\/graziamagazine.com\/es\/wp-content\/uploads\/sites\/12\/2017\/04\/gwen.gif\" alt=\"\" width=\"493\" height=\"310\" \/><figcaption id=\"caption-attachment-113629\" class=\"wp-caption-text\">Gwen me entiende.<\/figcaption><\/figure>\n<p><strong>03:00 a.m.\u00a0<\/strong>Termina el concierto. Mag\u00e1n se despide y me sorprendo a m\u00ed misma pidiendo un \u00abotra-otra\u00bb. No lo hay. Bueno, me ir\u00e9 a por otra copa y con suerte volver\u00e9 a encontrarme con Maxi y Juan.<\/p>\n<p>P.D: Hubo suerte. Coincid\u00ed con ellos en la discoteca minutos despu\u00e9s y segu\u00ed mir\u00e1ndolos de reojo. No he dormido mejor en mi vida. Gracias, Desalia.<\/p>\n<p><iframe loading=\"lazy\" style=\"border: none; overflow: hidden; height: 258px;\" src=\"\/\/www.facebook.com\/plugins\/likebox.php?href=https%3A%2F%2Fwww.facebook.com%2Fgraziaespana&amp;width&amp;height=258&amp;colorscheme=light&amp;show_faces=true&amp;header=false&amp;stream=false&amp;show_border=false&amp;appId=349017955267591\" width=\"300\" height=\"150\" frameborder=\"0\" scrolling=\"no\"><\/iframe><\/p>\n","protected":false},"author":13931,"featured_media":0,"template":"","format":"standard","categories":[18,21],"acf":[],"yoast_head":"<!-- This site is optimized with the Yoast SEO Premium plugin v18.5 (Yoast SEO v20.4) - https:\/\/yoast.com\/wordpress\/plugins\/seo\/ -->\n<title>La noche que bail\u00e9 al son de Juan Mag\u00e1n en alta mar (junto a Maxi Iglesias y Juan Betancourt) | Grazia<\/title>\n<meta name=\"description\" content=\"Ibiza (que no Miami) me confirm\u00f3 que el electrolatino de Juan Mag\u00e1n puede dislocar caderas y que Maxi y Betancourt son de carne, hueso y m\u00fasculo (mucho).\" \/>\n<meta name=\"robots\" content=\"index, follow, max-snippet:-1, max-image-preview:large, max-video-preview:-1\" \/>\n<link rel=\"canonical\" href=\"https:\/\/graziamagazine.com\/es\/articles\/festival-desalia-concierto-juan-magan\/\" \/>\n<meta property=\"og:locale\" content=\"es_ES\" \/>\n<meta property=\"og:type\" content=\"article\" \/>\n<meta property=\"og:title\" content=\"La noche que bail\u00e9 al son de Juan Mag\u00e1n en alta mar (junto a Maxi Iglesias y Juan Betancourt)\" \/>\n<meta property=\"og:description\" content=\"Ibiza (que no Miami) me confirm\u00f3 que el electrolatino de Juan Mag\u00e1n puede dislocar caderas y que Maxi y Betancourt son de carne, hueso y m\u00fasculo (mucho).\" \/>\n<meta property=\"og:url\" content=\"https:\/\/graziamagazine.com\/es\/articles\/festival-desalia-concierto-juan-magan\/\" \/>\n<meta property=\"og:site_name\" content=\"Grazia\" \/>\n<meta property=\"article:modified_time\" content=\"2017-04-20T13:49:01+00:00\" \/>\n<meta property=\"og:image\" content=\"https:\/\/graziamagazine.com\/es\/wp-content\/uploads\/sites\/12\/2017\/04\/20025735\/695x4257.jpg?fit=695%2C425\" \/>\n\t<meta property=\"og:image:width\" content=\"695\" \/>\n\t<meta property=\"og:image:height\" content=\"425\" \/>\n\t<meta property=\"og:image:type\" content=\"image\/jpeg\" \/>\n<meta name=\"twitter:card\" content=\"summary_large_image\" \/>\n<meta name=\"twitter:title\" content=\"La noche que bail\u00e9 al son de Juan Mag\u00e1n en alta mar (junto a Maxi Iglesias y Juan Betancourt)\" \/>\n<meta name=\"twitter:description\" content=\"Ibiza (que no Miami) me confirm\u00f3 que el electrolatino de Juan Mag\u00e1n puede dislocar caderas y que Maxi y Betancourt son de carne, hueso y m\u00fasculo (mucho).\" \/>\n<meta name=\"twitter:image\" content=\"http:\/\/s3-eu-west-1.amazonaws.com\/grazia-cdn\/wp-content\/uploads\/sites\/12\/2017\/04\/20025735\/695x4257.jpg\" \/>\n<meta name=\"twitter:label1\" content=\"Est. reading time\" \/>\n\t<meta name=\"twitter:data1\" content=\"7 minutos\" \/>\n<script type=\"application\/ld+json\" class=\"yoast-schema-graph\">{\"@context\":\"https:\/\/schema.org\",\"@graph\":[{\"@type\":\"WebPage\",\"@id\":\"https:\/\/graziamagazine.com\/es\/articles\/festival-desalia-concierto-juan-magan\/\",\"url\":\"https:\/\/graziamagazine.com\/es\/articles\/festival-desalia-concierto-juan-magan\/\",\"name\":\"La noche que bail\u00e9 al son de Juan Mag\u00e1n en alta mar (junto a Maxi Iglesias y Juan Betancourt) | Grazia\",\"isPartOf\":{\"@id\":\"https:\/\/graziamagazine.com\/es\/#website\"},\"datePublished\":\"2017-04-20T13:48:59+00:00\",\"dateModified\":\"2017-04-20T13:49:01+00:00\",\"description\":\"Ibiza (que no Miami) me confirm\u00f3 que el electrolatino de Juan Mag\u00e1n puede dislocar caderas y que Maxi y Betancourt son de carne, hueso y m\u00fasculo (mucho).\",\"breadcrumb\":{\"@id\":\"https:\/\/graziamagazine.com\/es\/articles\/festival-desalia-concierto-juan-magan\/#breadcrumb\"},\"inLanguage\":\"es\",\"potentialAction\":[{\"@type\":\"ReadAction\",\"target\":[\"https:\/\/graziamagazine.com\/es\/articles\/festival-desalia-concierto-juan-magan\/\"]}]},{\"@type\":\"BreadcrumbList\",\"@id\":\"https:\/\/graziamagazine.com\/es\/articles\/festival-desalia-concierto-juan-magan\/#breadcrumb\",\"itemListElement\":[{\"@type\":\"ListItem\",\"position\":1,\"name\":\"Portada\",\"item\":\"https:\/\/graziamagazine.com\/es\/\"},{\"@type\":\"ListItem\",\"position\":2,\"name\":\"La noche que bail\u00e9 al son de Juan Mag\u00e1n en alta mar (junto a Maxi Iglesias y Juan Betancourt)\"}]},{\"@type\":\"WebSite\",\"@id\":\"https:\/\/graziamagazine.com\/es\/#website\",\"url\":\"https:\/\/graziamagazine.com\/es\/\",\"name\":\"Grazia\",\"description\":\"Moda, belleza, celebrities, estilo de vida...\",\"potentialAction\":[{\"@type\":\"SearchAction\",\"target\":{\"@type\":\"EntryPoint\",\"urlTemplate\":\"https:\/\/graziamagazine.com\/es\/?s={search_term_string}\"},\"query-input\":\"required name=search_term_string\"}],\"inLanguage\":\"es\"}]}<\/script>\n<!-- \/ Yoast SEO Premium plugin. -->","yoast_head_json":{"title":"La noche que bail\u00e9 al son de Juan Mag\u00e1n en alta mar (junto a Maxi Iglesias y Juan Betancourt) | Grazia","description":"Ibiza (que no Miami) me confirm\u00f3 que el electrolatino de Juan Mag\u00e1n puede dislocar caderas y que Maxi y Betancourt son de carne, hueso y m\u00fasculo (mucho).","robots":{"index":"index","follow":"follow","max-snippet":"max-snippet:-1","max-image-preview":"max-image-preview:large","max-video-preview":"max-video-preview:-1"},"canonical":"https:\/\/graziamagazine.com\/es\/articles\/festival-desalia-concierto-juan-magan\/","og_locale":"es_ES","og_type":"article","og_title":"La noche que bail\u00e9 al son de Juan Mag\u00e1n en alta mar (junto a Maxi Iglesias y Juan Betancourt)","og_description":"Ibiza (que no Miami) me confirm\u00f3 que el electrolatino de Juan Mag\u00e1n puede dislocar caderas y que Maxi y Betancourt son de carne, hueso y m\u00fasculo (mucho).","og_url":"https:\/\/graziamagazine.com\/es\/articles\/festival-desalia-concierto-juan-magan\/","og_site_name":"Grazia","article_modified_time":"2017-04-20T13:49:01+00:00","og_image":[{"width":695,"height":425,"url":"https:\/\/graziamagazine.com\/es\/wp-content\/uploads\/sites\/12\/2017\/04\/20025735\/695x4257.jpg?fit=695%2C425","type":"image\/jpeg"}],"twitter_card":"summary_large_image","twitter_title":"La noche que bail\u00e9 al son de Juan Mag\u00e1n en alta mar (junto a Maxi Iglesias y Juan Betancourt)","twitter_description":"Ibiza (que no Miami) me confirm\u00f3 que el electrolatino de Juan Mag\u00e1n puede dislocar caderas y que Maxi y Betancourt son de carne, hueso y m\u00fasculo (mucho).","twitter_image":"http:\/\/s3-eu-west-1.amazonaws.com\/grazia-cdn\/wp-content\/uploads\/sites\/12\/2017\/04\/20025735\/695x4257.jpg","twitter_misc":{"Est. reading time":"7 minutos"},"schema":{"@context":"https:\/\/schema.org","@graph":[{"@type":"WebPage","@id":"https:\/\/graziamagazine.com\/es\/articles\/festival-desalia-concierto-juan-magan\/","url":"https:\/\/graziamagazine.com\/es\/articles\/festival-desalia-concierto-juan-magan\/","name":"La noche que bail\u00e9 al son de Juan Mag\u00e1n en alta mar (junto a Maxi Iglesias y Juan Betancourt) | Grazia","isPartOf":{"@id":"https:\/\/graziamagazine.com\/es\/#website"},"datePublished":"2017-04-20T13:48:59+00:00","dateModified":"2017-04-20T13:49:01+00:00","description":"Ibiza (que no Miami) me confirm\u00f3 que el electrolatino de Juan Mag\u00e1n puede dislocar caderas y que Maxi y Betancourt son de carne, hueso y m\u00fasculo (mucho).","breadcrumb":{"@id":"https:\/\/graziamagazine.com\/es\/articles\/festival-desalia-concierto-juan-magan\/#breadcrumb"},"inLanguage":"es","potentialAction":[{"@type":"ReadAction","target":["https:\/\/graziamagazine.com\/es\/articles\/festival-desalia-concierto-juan-magan\/"]}]},{"@type":"BreadcrumbList","@id":"https:\/\/graziamagazine.com\/es\/articles\/festival-desalia-concierto-juan-magan\/#breadcrumb","itemListElement":[{"@type":"ListItem","position":1,"name":"Portada","item":"https:\/\/graziamagazine.com\/es\/"},{"@type":"ListItem","position":2,"name":"La noche que bail\u00e9 al son de Juan Mag\u00e1n en alta mar (junto a Maxi Iglesias y Juan Betancourt)"}]},{"@type":"WebSite","@id":"https:\/\/graziamagazine.com\/es\/#website","url":"https:\/\/graziamagazine.com\/es\/","name":"Grazia","description":"Moda, belleza, celebrities, estilo de vida...","potentialAction":[{"@type":"SearchAction","target":{"@type":"EntryPoint","urlTemplate":"https:\/\/graziamagazine.com\/es\/?s={search_term_string}"},"query-input":"required name=search_term_string"}],"inLanguage":"es"}]}},"jetpack_sharing_enabled":true,"distributor_meta":false,"distributor_terms":false,"distributor_media":false,"distributor_original_site_name":"Grazia","distributor_original_site_url":"https:\/\/graziamagazine.com\/es","push-errors":false,"_links":{"self":[{"href":"https:\/\/graziamagazine.com\/es\/wp-json\/wp\/v2\/articles\/113621"}],"collection":[{"href":"https:\/\/graziamagazine.com\/es\/wp-json\/wp\/v2\/articles"}],"about":[{"href":"https:\/\/graziamagazine.com\/es\/wp-json\/wp\/v2\/types\/articles"}],"author":[{"embeddable":true,"href":"https:\/\/graziamagazine.com\/es\/wp-json\/wp\/v2\/users\/13931"}],"wp:attachment":[{"href":"https:\/\/graziamagazine.com\/es\/wp-json\/wp\/v2\/media?parent=113621"}],"wp:term":[{"taxonomy":"category","embeddable":true,"href":"https:\/\/graziamagazine.com\/es\/wp-json\/wp\/v2\/categories?post=113621"}],"curies":[{"name":"wp","href":"https:\/\/api.w.org\/{rel}","templated":true}]}}