{"id":113067,"date":"2017-04-07T09:49:46","date_gmt":"2017-04-07T07:49:46","guid":{"rendered":"https:\/\/graziamagazine.com\/es\/?p=113067"},"modified":"2017-04-07T14:10:59","modified_gmt":"2017-04-07T12:10:59","slug":"vestido-mas-buscado-paula-echevarria-cristina-pina","status":"publish","type":"articles","link":"https:\/\/graziamagazine.com\/es\/articles\/vestido-mas-buscado-paula-echevarria-cristina-pina\/","title":{"rendered":"El vestido m\u00e1s buscado de Paula Echevarr\u00eda es de Cristina Pi\u00f1a"},"content":{"rendered":"<p>Con un amplio permiso de la ruptura (<del>m\u00e1s medi\u00e1tica incluso que la de los propios <\/del><em><del>Brangelina<\/del>)<\/em> el tema m\u00e1s comentado esta semana en el Instagram de <a href=\"https:\/\/graziamagazine.com\/es\/etiqueta\/paula-echevarria\/\" target=\"_blank\"><strong>Paula Echevarr\u00eda<\/strong><\/a><strong>,<\/strong> un g\u00e9nero en s\u00ed mismo, es sin duda el misterioso vestido blanco que la actriz luce en la campa\u00f1a de su nuevo perfume.<\/p>\n<blockquote class=\"instagram-media\" style=\"background: #FFF; border: 0; border-radius: 3px; box-shadow: 0 0 1px 0 rgba(0,0,0,0.5),0 1px 10px 0 rgba(0,0,0,0.15); margin: 1px; max-width: 658px; padding: 0; width: calc(100% - 2px);\" data-instgrm-version=\"7\">\n<div style=\"padding: 8px;\">\n<div style=\"background: #F8F8F8; line-height: 0; margin-top: 40px; padding: 50.0% 0; text-align: center; width: 100%;\"><\/div>\n<p style=\"color: #c9c8cd; font-family: Arial,sans-serif; font-size: 14px; line-height: 17px; margin-bottom: 0; margin-top: 8px; overflow: hidden; padding: 8px 0 7px; text-align: center; text-overflow: ellipsis; white-space: nowrap;\"><a href=\"https:\/\/www.instagram.com\/p\/BSfnRt4lhth\/\"style=\"color: #c9c8cd; font-family: Arial,sans-serif; font-size: 14px; font-style: normal; font-weight: normal; line-height: 17px; text-decoration: none;\"  target=\"_blank\" target=\"_blank\">Una publicaci\u00f3n compartida de Paula Echevarria (@pau_eche)<\/a> el <time style=\"font-family: Arial,sans-serif; font-size: 14px; line-height: 17px;\" datetime=\"2017-04-05T06:41:00+00:00\">4 de Abr de 2017 a la(s) 11:41 PDT<\/time><\/p>\n<\/div>\n<\/blockquote>\n<p><script async defer src=\"\/\/platform.instagram.com\/en_US\/embeds.js\"><\/script><\/p>\n<p>\u00abEl vestido es espectacular \u00bfd\u00f3nde se puede comprar?\u00bb, \u00abeso mismo quiero saber yo\u00bb, \u00aby ese vestido!!! de qui\u00e9n es?\u00bb, \u00abpor el corte parece de Dolores Promesas\u00bb&#8230; eran solo algunos de los cientos de comentarios en la foto de la campa\u00f1a que la actriz compart\u00eda el mi\u00e9rcoles.<\/p>\n<p>Misterio resuelto: la creadora de la pieza no es otra que <strong><a href=\"https:\/\/www.instagram.com\/cristina_pina\/\" target=\"_blank\" target=\"_blank\">Cristina Pi\u00f1a<\/a><\/strong> y el vestido en s\u00ed es un modelo de novia de la colecci\u00f3n <em>I love Wes<\/em> (que precisamente se presentaba la semana pasada en la pasarela madrile\u00f1a <em>Atelier Couture). <\/em>\u00abVino al atelier su estilista\u00bb, explica a Grazia la dise\u00f1adora, \u00abporque <strong>estaban buscando algo muy concreto: un vestido blanco con la espalda abierta y le hab\u00edan recomendado que viniera aqu\u00ed\u00bb<\/strong>, a\u00f1ade.<\/p>\n<p>Dicho y hecho. El elegido fue el modelo <em>Ingrid,<\/em> un vestido de terciopelo blanco, de manga larga y con un delicado escote en la espalda (2.700\u20ac): \u00abLes encant\u00f3 la idea de que fuera de terciopelo\u00bb, recuerda Pi\u00f1a sobre la campa\u00f1a, que se fotografi\u00f3 el pasado mes de octubre.<\/p>\n<figure id=\"attachment_113070\" aria-describedby=\"caption-attachment-113070\" style=\"width: 785px\" class=\"wp-caption aligncenter\"><img loading=\"lazy\" decoding=\"async\" class=\"size-full wp-image-113070\" src=\"https:\/\/graziamagazine.com\/es\/wp-content\/uploads\/sites\/12\/2017\/04\/cristina-pin\u0303a-vestido-ingrid.jpg\" alt=\"\" width=\"785\" height=\"589\" srcset=\"https:\/\/graziamagazine.com\/es\/wp-content\/uploads\/sites\/12\/2017\/04\/cristina-pin\u0303a-vestido-ingrid.jpg 785w, https:\/\/graziamagazine.com\/es\/wp-content\/uploads\/sites\/12\/2017\/04\/cristina-pin\u0303a-vestido-ingrid-300x225.jpg 300w, https:\/\/graziamagazine.com\/es\/wp-content\/uploads\/sites\/12\/2017\/04\/cristina-pin\u0303a-vestido-ingrid-768x576.jpg 768w, https:\/\/graziamagazine.com\/es\/wp-content\/uploads\/sites\/12\/2017\/04\/cristina-pin\u0303a-vestido-ingrid-720x540.jpg 720w, https:\/\/graziamagazine.com\/es\/wp-content\/uploads\/sites\/12\/2017\/04\/cristina-pin\u0303a-vestido-ingrid-626x470.jpg 626w, https:\/\/graziamagazine.com\/es\/wp-content\/uploads\/sites\/12\/2017\/04\/cristina-pin\u0303a-vestido-ingrid-360x270.jpg 360w\" sizes=\"(max-width: 785px) 100vw, 785px\" \/><figcaption id=\"caption-attachment-113070\" class=\"wp-caption-text\">El vestido Ingrid que conquist\u00f3 a Paula&#8230; y a nosotras. \u00a9 Cortes\u00eda de Cristina Pi\u00f1a<\/figcaption><\/figure>\n<figure id=\"attachment_113069\" aria-describedby=\"caption-attachment-113069\" style=\"width: 785px\" class=\"wp-caption aligncenter\"><img loading=\"lazy\" decoding=\"async\" class=\"size-full wp-image-113069\" src=\"https:\/\/graziamagazine.com\/es\/wp-content\/uploads\/sites\/12\/2017\/04\/cristina-pin\u0303a-desfile-i-love-wes.jpg\" alt=\"\" width=\"785\" height=\"523\" srcset=\"https:\/\/graziamagazine.com\/es\/wp-content\/uploads\/sites\/12\/2017\/04\/cristina-pin\u0303a-desfile-i-love-wes.jpg 785w, https:\/\/graziamagazine.com\/es\/wp-content\/uploads\/sites\/12\/2017\/04\/cristina-pin\u0303a-desfile-i-love-wes-300x200.jpg 300w, https:\/\/graziamagazine.com\/es\/wp-content\/uploads\/sites\/12\/2017\/04\/cristina-pin\u0303a-desfile-i-love-wes-768x512.jpg 768w, https:\/\/graziamagazine.com\/es\/wp-content\/uploads\/sites\/12\/2017\/04\/cristina-pin\u0303a-desfile-i-love-wes-720x480.jpg 720w, https:\/\/graziamagazine.com\/es\/wp-content\/uploads\/sites\/12\/2017\/04\/cristina-pin\u0303a-desfile-i-love-wes-626x417.jpg 626w, https:\/\/graziamagazine.com\/es\/wp-content\/uploads\/sites\/12\/2017\/04\/cristina-pin\u0303a-desfile-i-love-wes-360x240.jpg 360w\" sizes=\"(max-width: 785px) 100vw, 785px\" \/><figcaption id=\"caption-attachment-113069\" class=\"wp-caption-text\">La dise\u00f1adora al final de su desfile, posando con algunas de sus creaciones. \u00a9 Cortes\u00eda de Cristina Pi\u00f1a<\/figcaption><\/figure>\n<ul>\n<li>Quiz\u00e1 tambi\u00e9n te interese: <a href=\"https:\/\/graziamagazine.com\/es\/moda\/los-secretos-del-vestido-de-novia-a-medida\/\" target=\"_blank\"><strong>Cristina Pi\u00f1a desvela los secretos del vestido de novia a medida.<\/strong><\/a><\/li>\n<\/ul>\n<p><iframe loading=\"lazy\" style=\"border: none; overflow: hidden; height: 258px;\" src=\"\/\/www.facebook.com\/plugins\/likebox.php?href=https%3A%2F%2Fwww.facebook.com%2Fgraziaespana&amp;width&amp;height=258&amp;colorscheme=light&amp;show_faces=true&amp;header=false&amp;stream=false&amp;show_border=false&amp;appId=349017955267591\" width=\"300\" height=\"150\" frameborder=\"0\" scrolling=\"no\"><\/iframe><\/p>\n","protected":false},"author":21500,"featured_media":0,"template":"","format":"standard","categories":[3,1],"acf":[],"yoast_head":"<!-- This site is optimized with the Yoast SEO Premium plugin v18.5 (Yoast SEO v20.4) - https:\/\/yoast.com\/wordpress\/plugins\/seo\/ -->\n<title>El vestido m\u00e1s buscado de Paula Echevarr\u00eda es de Cristina Pi\u00f1a | Grazia<\/title>\n<meta name=\"description\" content=\"Resuelto el misterio.\" \/>\n<meta name=\"robots\" content=\"index, follow, max-snippet:-1, max-image-preview:large, max-video-preview:-1\" \/>\n<link rel=\"canonical\" href=\"https:\/\/graziamagazine.com\/es\/articles\/vestido-mas-buscado-paula-echevarria-cristina-pina\/\" \/>\n<meta property=\"og:locale\" content=\"es_ES\" \/>\n<meta property=\"og:type\" content=\"article\" \/>\n<meta property=\"og:title\" content=\"El vestido m\u00e1s buscado de Paula Echevarr\u00eda es de Cristina Pi\u00f1a\" \/>\n<meta property=\"og:description\" content=\"Resuelto el misterio.\" \/>\n<meta property=\"og:url\" content=\"https:\/\/graziamagazine.com\/es\/articles\/vestido-mas-buscado-paula-echevarria-cristina-pina\/\" \/>\n<meta property=\"og:site_name\" content=\"Grazia\" \/>\n<meta property=\"article:modified_time\" content=\"2017-04-07T12:10:59+00:00\" \/>\n<meta property=\"og:image\" content=\"https:\/\/graziamagazine.com\/es\/wp-content\/uploads\/sites\/12\/2017\/04\/07093516\/vestido-paula-echevarria-01.jpg?fit=785%2C480\" \/>\n\t<meta property=\"og:image:width\" content=\"785\" \/>\n\t<meta property=\"og:image:height\" content=\"480\" \/>\n\t<meta property=\"og:image:type\" content=\"image\/jpeg\" \/>\n<meta name=\"twitter:card\" content=\"summary_large_image\" \/>\n<meta name=\"twitter:title\" content=\"El vestido m\u00e1s buscado de Paula Echevarr\u00eda es de Cristina Pi\u00f1a\" \/>\n<meta name=\"twitter:description\" content=\"Resuelto el misterio.\" \/>\n<meta name=\"twitter:image\" content=\"http:\/\/s3-eu-west-1.amazonaws.com\/grazia-cdn\/wp-content\/uploads\/sites\/12\/2017\/04\/07093516\/vestido-paula-echevarria-01.jpg\" \/>\n<meta name=\"twitter:label1\" content=\"Est. reading time\" \/>\n\t<meta name=\"twitter:data1\" content=\"2 minutos\" \/>\n<script type=\"application\/ld+json\" class=\"yoast-schema-graph\">{\"@context\":\"https:\/\/schema.org\",\"@graph\":[{\"@type\":\"WebPage\",\"@id\":\"https:\/\/graziamagazine.com\/es\/articles\/vestido-mas-buscado-paula-echevarria-cristina-pina\/\",\"url\":\"https:\/\/graziamagazine.com\/es\/articles\/vestido-mas-buscado-paula-echevarria-cristina-pina\/\",\"name\":\"El vestido m\u00e1s buscado de Paula Echevarr\u00eda es de Cristina Pi\u00f1a | Grazia\",\"isPartOf\":{\"@id\":\"https:\/\/graziamagazine.com\/es\/#website\"},\"datePublished\":\"2017-04-07T07:49:46+00:00\",\"dateModified\":\"2017-04-07T12:10:59+00:00\",\"description\":\"Resuelto el misterio.\",\"breadcrumb\":{\"@id\":\"https:\/\/graziamagazine.com\/es\/articles\/vestido-mas-buscado-paula-echevarria-cristina-pina\/#breadcrumb\"},\"inLanguage\":\"es\",\"potentialAction\":[{\"@type\":\"ReadAction\",\"target\":[\"https:\/\/graziamagazine.com\/es\/articles\/vestido-mas-buscado-paula-echevarria-cristina-pina\/\"]}]},{\"@type\":\"BreadcrumbList\",\"@id\":\"https:\/\/graziamagazine.com\/es\/articles\/vestido-mas-buscado-paula-echevarria-cristina-pina\/#breadcrumb\",\"itemListElement\":[{\"@type\":\"ListItem\",\"position\":1,\"name\":\"Portada\",\"item\":\"https:\/\/graziamagazine.com\/es\/\"},{\"@type\":\"ListItem\",\"position\":2,\"name\":\"El vestido m\u00e1s buscado de Paula Echevarr\u00eda es de Cristina Pi\u00f1a\"}]},{\"@type\":\"WebSite\",\"@id\":\"https:\/\/graziamagazine.com\/es\/#website\",\"url\":\"https:\/\/graziamagazine.com\/es\/\",\"name\":\"Grazia\",\"description\":\"Moda, belleza, celebrities, estilo de vida...\",\"potentialAction\":[{\"@type\":\"SearchAction\",\"target\":{\"@type\":\"EntryPoint\",\"urlTemplate\":\"https:\/\/graziamagazine.com\/es\/?s={search_term_string}\"},\"query-input\":\"required name=search_term_string\"}],\"inLanguage\":\"es\"}]}<\/script>\n<!-- \/ Yoast SEO Premium plugin. -->","yoast_head_json":{"title":"El vestido m\u00e1s buscado de Paula Echevarr\u00eda es de Cristina Pi\u00f1a | Grazia","description":"Resuelto el misterio.","robots":{"index":"index","follow":"follow","max-snippet":"max-snippet:-1","max-image-preview":"max-image-preview:large","max-video-preview":"max-video-preview:-1"},"canonical":"https:\/\/graziamagazine.com\/es\/articles\/vestido-mas-buscado-paula-echevarria-cristina-pina\/","og_locale":"es_ES","og_type":"article","og_title":"El vestido m\u00e1s buscado de Paula Echevarr\u00eda es de Cristina Pi\u00f1a","og_description":"Resuelto el misterio.","og_url":"https:\/\/graziamagazine.com\/es\/articles\/vestido-mas-buscado-paula-echevarria-cristina-pina\/","og_site_name":"Grazia","article_modified_time":"2017-04-07T12:10:59+00:00","og_image":[{"width":785,"height":480,"url":"https:\/\/graziamagazine.com\/es\/wp-content\/uploads\/sites\/12\/2017\/04\/07093516\/vestido-paula-echevarria-01.jpg?fit=785%2C480","type":"image\/jpeg"}],"twitter_card":"summary_large_image","twitter_title":"El vestido m\u00e1s buscado de Paula Echevarr\u00eda es de Cristina Pi\u00f1a","twitter_description":"Resuelto el misterio.","twitter_image":"http:\/\/s3-eu-west-1.amazonaws.com\/grazia-cdn\/wp-content\/uploads\/sites\/12\/2017\/04\/07093516\/vestido-paula-echevarria-01.jpg","twitter_misc":{"Est. reading time":"2 minutos"},"schema":{"@context":"https:\/\/schema.org","@graph":[{"@type":"WebPage","@id":"https:\/\/graziamagazine.com\/es\/articles\/vestido-mas-buscado-paula-echevarria-cristina-pina\/","url":"https:\/\/graziamagazine.com\/es\/articles\/vestido-mas-buscado-paula-echevarria-cristina-pina\/","name":"El vestido m\u00e1s buscado de Paula Echevarr\u00eda es de Cristina Pi\u00f1a | Grazia","isPartOf":{"@id":"https:\/\/graziamagazine.com\/es\/#website"},"datePublished":"2017-04-07T07:49:46+00:00","dateModified":"2017-04-07T12:10:59+00:00","description":"Resuelto el misterio.","breadcrumb":{"@id":"https:\/\/graziamagazine.com\/es\/articles\/vestido-mas-buscado-paula-echevarria-cristina-pina\/#breadcrumb"},"inLanguage":"es","potentialAction":[{"@type":"ReadAction","target":["https:\/\/graziamagazine.com\/es\/articles\/vestido-mas-buscado-paula-echevarria-cristina-pina\/"]}]},{"@type":"BreadcrumbList","@id":"https:\/\/graziamagazine.com\/es\/articles\/vestido-mas-buscado-paula-echevarria-cristina-pina\/#breadcrumb","itemListElement":[{"@type":"ListItem","position":1,"name":"Portada","item":"https:\/\/graziamagazine.com\/es\/"},{"@type":"ListItem","position":2,"name":"El vestido m\u00e1s buscado de Paula Echevarr\u00eda es de Cristina Pi\u00f1a"}]},{"@type":"WebSite","@id":"https:\/\/graziamagazine.com\/es\/#website","url":"https:\/\/graziamagazine.com\/es\/","name":"Grazia","description":"Moda, belleza, celebrities, estilo de vida...","potentialAction":[{"@type":"SearchAction","target":{"@type":"EntryPoint","urlTemplate":"https:\/\/graziamagazine.com\/es\/?s={search_term_string}"},"query-input":"required name=search_term_string"}],"inLanguage":"es"}]}},"jetpack_sharing_enabled":true,"distributor_meta":false,"distributor_terms":false,"distributor_media":false,"distributor_original_site_name":"Grazia","distributor_original_site_url":"https:\/\/graziamagazine.com\/es","push-errors":false,"_links":{"self":[{"href":"https:\/\/graziamagazine.com\/es\/wp-json\/wp\/v2\/articles\/113067"}],"collection":[{"href":"https:\/\/graziamagazine.com\/es\/wp-json\/wp\/v2\/articles"}],"about":[{"href":"https:\/\/graziamagazine.com\/es\/wp-json\/wp\/v2\/types\/articles"}],"author":[{"embeddable":true,"href":"https:\/\/graziamagazine.com\/es\/wp-json\/wp\/v2\/users\/21500"}],"wp:attachment":[{"href":"https:\/\/graziamagazine.com\/es\/wp-json\/wp\/v2\/media?parent=113067"}],"wp:term":[{"taxonomy":"category","embeddable":true,"href":"https:\/\/graziamagazine.com\/es\/wp-json\/wp\/v2\/categories?post=113067"}],"curies":[{"name":"wp","href":"https:\/\/api.w.org\/{rel}","templated":true}]}}