{"id":112230,"date":"2017-03-27T12:19:13","date_gmt":"2017-03-27T10:19:13","guid":{"rendered":"https:\/\/graziamagazine.com\/es\/?p=112230"},"modified":"2017-04-27T19:34:33","modified_gmt":"2017-04-27T17:34:33","slug":"ana-polvorosa-actriz-pieles","status":"publish","type":"articles","link":"https:\/\/graziamagazine.com\/es\/articles\/ana-polvorosa-actriz-pieles\/","title":{"rendered":"Ana Polvorosa no es valiente, es actriz"},"content":{"rendered":"<p>No, <em>Pieles<\/em> no es una pel\u00edcula m\u00e1s. Su historia es de esas que llevan la etiqueta de \u00abno dejar indiferente a nadie\u00bb. Por eso su director y creador, Eduardo Casanova, requer\u00eda de gente valiente para hacerla. Ah\u00ed est\u00e1n por tanto desde sus productores(\u00a0gente de la talla de \u00c1lex de la Iglesia o\u00a0Carolina Bang) hasta llegar a su elenco. Entre ellos hay descubrimientos como Itz\u00edar Castro, Eloi Costa o rostros populares como Candela Pe\u00f1a, Macarena G\u00f3mez o <strong>Ana Polvorosa, a la que le ha tocado el peso pesado de la pel\u00edcula.<\/strong><\/p>\n<p>Y eso se debe a que su personaje es el que tiene la malformaci\u00f3n m\u00e1s alarmante: Samantha es una chica con el aparato digestivo al rev\u00e9s. Esta joven era la protagonista del cortometraje germen de &#8216;Pieles&#8217;, <a href=\"https:\/\/www.youtube.com\/watch?v=UDOExyw8CBY\" target=\"_blank\" target=\"_blank\"><em>Eat my shit<\/em><\/a>. En \u00e9l se mostraban sus problemas para socializar: comer en un restaurante o compartir una foto en Instagram eran trabas para ella.<\/p>\n<p><iframe loading=\"lazy\" title=\"TRAILER #PIELES - EDUARDO CASANOVA\" width=\"500\" height=\"281\" src=\"https:\/\/www.youtube.com\/embed\/glpAz4oKnpk?feature=oembed\" frameborder=\"0\" allow=\"accelerometer; autoplay; encrypted-media; gyroscope; picture-in-picture\" allowfullscreen><\/iframe><\/p>\n<p>Casanova le ha regalado este personaje a su amiga, y ella no puede estar m\u00e1s orgullosa. Se dio a conocer en la peque\u00f1a pantalla de ni\u00f1a y no ha parado desde entonces. &#8216;La Lore&#8217; ya se ha hecho mayor y a\u00f1os ha de la &#8216;choni&#8217; de Esperanza Sur. <strong>Los plat\u00f3s de <em>A\u00edda<\/em> la unieron a Eduardo de por vida, y de esa amistad solamente pod\u00edan salir proyectos para hacer en confianza,<\/strong> como es este caso. Pasaron por la Berlinale y acaban de estrenar su \u00abrara avis\u00bb en M\u00e1laga. <a href=\"https:\/\/graziamagazine.com\/es\/etiqueta\/festival-de-malaga\/\" target=\"_blank\">De all\u00ed se han vuelto con el <strong>Premio del Jurado Joven a la Mejor Pel\u00edcula de la Secci\u00f3n Oficial.<\/strong><\/a><\/p>\n<figure id=\"attachment_112234\" aria-describedby=\"caption-attachment-112234\" style=\"width: 785px\" class=\"wp-caption aligncenter\"><img loading=\"lazy\" decoding=\"async\" class=\"size-full wp-image-112234\" src=\"https:\/\/graziamagazine.com\/es\/wp-content\/uploads\/sites\/12\/2017\/03\/anap-1.jpg\" alt=\"\" width=\"785\" height=\"480\" srcset=\"https:\/\/graziamagazine.com\/es\/wp-content\/uploads\/sites\/12\/2017\/03\/anap-1.jpg 785w, https:\/\/graziamagazine.com\/es\/wp-content\/uploads\/sites\/12\/2017\/03\/anap-1-300x183.jpg 300w, https:\/\/graziamagazine.com\/es\/wp-content\/uploads\/sites\/12\/2017\/03\/anap-1-768x470.jpg 768w, https:\/\/graziamagazine.com\/es\/wp-content\/uploads\/sites\/12\/2017\/03\/anap-1-695x425.jpg 695w, https:\/\/graziamagazine.com\/es\/wp-content\/uploads\/sites\/12\/2017\/03\/anap-1-720x440.jpg 720w, https:\/\/graziamagazine.com\/es\/wp-content\/uploads\/sites\/12\/2017\/03\/anap-1-626x383.jpg 626w, https:\/\/graziamagazine.com\/es\/wp-content\/uploads\/sites\/12\/2017\/03\/anap-1-360x220.jpg 360w\" sizes=\"(max-width: 785px) 100vw, 785px\" \/><figcaption id=\"caption-attachment-112234\" class=\"wp-caption-text\">La actriz en el Festival de M\u00e1laga. \u00a9 Getty Images<\/figcaption><\/figure>\n<p><strong><em>Pieles<\/em> no es un largometraje al uso. \u00bfC\u00f3mo ha sido la preparaci\u00f3n de este personaje?<\/strong><\/p>\n<p>Empezamos con el corto y, cuando a m\u00ed Edu me propone hacer un personaje como el de Samantha, con una pr\u00f3tesis de ese tipo, no me sorprende viniendo de \u00e9l, dadas sus locuras y sus creaciones. Sin ning\u00fan tipo de importancia le digo que por supuesto. Porque yo, otra cosa no, pero fe ciega y confianza absoluta en Eduardo me sobra. As\u00ed que tiramos para adelante.<\/p>\n<p>Despu\u00e9s vino toda esa repercusi\u00f3n. Lo vio much\u00edsima gente y gust\u00f3 mucho todo su atrevimiento, con esa propuesta tan transgresora y <em>punkarra<\/em>. Aparte, yo ya sab\u00eda que Edu ten\u00eda la historia de <em>Pieles<\/em> en su cabeza, como muchos otros guiones para contar. Me comenta que el personaje de Samantha tambi\u00e9n est\u00e1, y va a haber m\u00e1s personajes con otras deformidades y pr\u00f3tesis, porque quiere mostrar esa dificultad que existe cuando eres f\u00edsicamente diferente.\u00a0Y de repente llega un d\u00eda y me dice que quiere sacar adelante la pel\u00edcula como sea; la mayor parte del dinero que ha ganado como actor la ha invertido en rodar sus cortos.\u00a0Pero el notici\u00f3n fue cuando me dijo que la pel\u00edcula la quieren producir \u00c1lex de la Iglesia, Carolina Bang y Kiko Mart\u00ednez. Me qued\u00e9 boquiabierta durante cinco minutos. No me lo pod\u00eda creer. Por otro lado no me extra\u00f1aba nada: una historia as\u00ed s\u00f3lo pod\u00eda estar en manos de ellos. \u00bfQui\u00e9n si no puede apostar por <em>Pieles<\/em>? El cine de \u00c1lex tiene mucho en com\u00fan con esta historia.<\/p>\n<p>&nbsp;<\/p>\n<p><strong>As\u00ed que all\u00e1 que fuisteis todo el elenco&#8230;<\/strong><\/p>\n<p>Exacto. Hay que tener en cuenta que Edu no te pasa un gui\u00f3n, sino que te escenifica la pel\u00edcula en persona: te pone la m\u00fasica en el m\u00f3vil, te interpreta todos los personajes&#8230; \u00c9l ya sabe c\u00f3mo va a ser. No s\u00e9 c\u00f3mo debe de procesar toda esa informaci\u00f3n, pero la tiene en su cabeza. Es una pasada. De hecho hay un <em>story board<\/em> de la pel\u00edcula que contiene, y no te exagero, cientos de p\u00e1ginas. Est\u00e1 escrito cada m\u00ednimo detalle, cada plano, cada recurso y es as\u00ed como ha quedado en pantalla. Hasta ese punto de minucioso es. Yo no puedo estar m\u00e1s emocionada ni m\u00e1s orgullosa por \u00e9l. Estoy feliz de haber participado en <em>Pieles<\/em>, pero tambi\u00e9n siento un orgullo tremendo de que Edu haya conseguido tanto y se note el talento que tiene.<\/p>\n<figure id=\"attachment_112235\" aria-describedby=\"caption-attachment-112235\" style=\"width: 785px\" class=\"wp-caption aligncenter\"><img loading=\"lazy\" decoding=\"async\" class=\"wp-image-112235 size-full\" src=\"https:\/\/graziamagazine.com\/es\/wp-content\/uploads\/sites\/12\/2017\/03\/polvorosa2.jpg\" alt=\"\" width=\"785\" height=\"480\" srcset=\"https:\/\/graziamagazine.com\/es\/wp-content\/uploads\/sites\/12\/2017\/03\/polvorosa2.jpg 785w, https:\/\/graziamagazine.com\/es\/wp-content\/uploads\/sites\/12\/2017\/03\/polvorosa2-300x183.jpg 300w, https:\/\/graziamagazine.com\/es\/wp-content\/uploads\/sites\/12\/2017\/03\/polvorosa2-768x470.jpg 768w, https:\/\/graziamagazine.com\/es\/wp-content\/uploads\/sites\/12\/2017\/03\/polvorosa2-695x425.jpg 695w, https:\/\/graziamagazine.com\/es\/wp-content\/uploads\/sites\/12\/2017\/03\/polvorosa2-720x440.jpg 720w, https:\/\/graziamagazine.com\/es\/wp-content\/uploads\/sites\/12\/2017\/03\/polvorosa2-626x383.jpg 626w, https:\/\/graziamagazine.com\/es\/wp-content\/uploads\/sites\/12\/2017\/03\/polvorosa2-360x220.jpg 360w\" sizes=\"(max-width: 785px) 100vw, 785px\" \/><figcaption id=\"caption-attachment-112235\" class=\"wp-caption-text\">As\u00ed de palpable es la qu\u00edmica que tiene con su amigo Edu Casanova. \u00a9 Getty Images<\/figcaption><\/figure>\n<p><strong>\u00a0<\/strong><strong>Te han preguntado hasta la saciedad si te ha dado pudor interpretar a Samantha. \u00bfQu\u00e9 personaje te dar\u00eda realmente pudor?<\/strong><\/p>\n<p>\u00bfTe puedes creer que ninguno? Cuando me comentan lo del ano, me dicen \u00ab\u00bfEres consciente de que muchas actrices no ser\u00edan capaces de hacer algo as\u00ed?\u00bb Me quedo extra\u00f1ada y sorprendida ante esa reacci\u00f3n. Nuestra profesi\u00f3n nos demanda que no debemos tener limitaciones, que debemos estar a favor de transformarnos, de disfrazarnos, de involucrarnos en cosas extremas, de jugar y de pasarlo bien. Interpretar consiste en eso: en transformarte y hacer algo distinto. Para m\u00ed, cuanto m\u00e1s extremo sea, mucho mejor. M\u00e1s me aporta y aprendo.<\/p>\n<p>&nbsp;<\/p>\n<p><strong>\u00bfLlevaste bien las sesiones de maquillaje?<\/strong><\/p>\n<p>S\u00ed, para lo que supon\u00eda lo llev\u00e9 bien. \u00d3scar y Cristina, los encargados de efectos, forman un equipo de diez, en lo profesional y en lo personal tienen una manera de trabajar brutal. Ya se ve en la pel\u00edcula lo bien que est\u00e1n colocadas las pr\u00f3tesis. Est\u00e1n muy bien integradas en el f\u00edsico de cada uno, parecen reales. Adem\u00e1s nos ayudaron mucho emocionalmente.<\/p>\n<p>Los actores est\u00e1bamos \u00absufriendo\u00bb, porque fue un rodaje duro: yo con mi pr\u00f3tesis ten\u00eda dificultades para poder expresarme. Ya en el personaje se muestra eso, es lo que se buscaba de hecho, pero a m\u00ed me costaba comunicarme con los compa\u00f1eros. Tambi\u00e9n me dificult\u00f3 el hecho de no poder alimentarme bien. No pod\u00eda comer s\u00f3lidos, s\u00f3lo l\u00edquidos, y estaba desfallecida, literalmente. Quitar y poner la pr\u00f3tesis era un trabajazo tremendo. Se tardaba dos horas en colocarla, luego hab\u00eda que igualar al tono de la piel, etc. Recuerdo que un d\u00eda les ped\u00ed que me la despegaran porque sent\u00eda la necesidad de masticar. Fue muy duro, pero repetir\u00eda la experiencia.<\/p>\n<figure id=\"attachment_112236\" aria-describedby=\"caption-attachment-112236\" style=\"width: 785px\" class=\"wp-caption aligncenter\"><img loading=\"lazy\" decoding=\"async\" class=\"wp-image-112236 size-full\" src=\"https:\/\/graziamagazine.com\/es\/wp-content\/uploads\/sites\/12\/2017\/03\/polvorosa1.jpg\" alt=\"\" width=\"785\" height=\"480\" srcset=\"https:\/\/graziamagazine.com\/es\/wp-content\/uploads\/sites\/12\/2017\/03\/polvorosa1.jpg 785w, https:\/\/graziamagazine.com\/es\/wp-content\/uploads\/sites\/12\/2017\/03\/polvorosa1-300x183.jpg 300w, https:\/\/graziamagazine.com\/es\/wp-content\/uploads\/sites\/12\/2017\/03\/polvorosa1-768x470.jpg 768w, https:\/\/graziamagazine.com\/es\/wp-content\/uploads\/sites\/12\/2017\/03\/polvorosa1-695x425.jpg 695w, https:\/\/graziamagazine.com\/es\/wp-content\/uploads\/sites\/12\/2017\/03\/polvorosa1-720x440.jpg 720w, https:\/\/graziamagazine.com\/es\/wp-content\/uploads\/sites\/12\/2017\/03\/polvorosa1-626x383.jpg 626w, https:\/\/graziamagazine.com\/es\/wp-content\/uploads\/sites\/12\/2017\/03\/polvorosa1-360x220.jpg 360w\" sizes=\"(max-width: 785px) 100vw, 785px\" \/><figcaption id=\"caption-attachment-112236\" class=\"wp-caption-text\">Fotograma de &#8216;Pieles&#8217;<\/figcaption><\/figure>\n<p><strong>Eres un personaje popular de la televisi\u00f3n. \u00bfCrees que es m\u00e1s f\u00e1cil para estos proyectos contar con rostros conocidos para acercar a m\u00e1s p\u00fablico esta pel\u00edcula?<\/strong><\/p>\n<p>Si en las pel\u00edculas hay actores o actrices conocidos por sus trabajos en televisi\u00f3n, pues bienvenido sea. No deber\u00eda ser as\u00ed, que conste. Pero si eso hace que la gente vea la pel\u00edcula, adelante. No lo veo un problema serio.<\/p>\n<p>&nbsp;<\/p>\n<p><strong>\u00bfContenta con <em>Las chicas del cable <\/em>[la primera serie de Netflix producida en Espa\u00f1a que Polvorosa protagoniza junto a Blanca Su\u00e1rez, Ana Fern\u00e1ndez, Nadia de Santiago y Maggie Civantos]?<\/strong><\/p>\n<p>Muy contenta. Feliz con la serie. Estrenamos el 28 de abril y es otro s\u00faper proyecto.<\/p>\n<figure id=\"attachment_112249\" aria-describedby=\"caption-attachment-112249\" style=\"width: 550px\" class=\"wp-caption aligncenter\"><img loading=\"lazy\" decoding=\"async\" class=\"size-full wp-image-112249\" src=\"https:\/\/graziamagazine.com\/es\/wp-content\/uploads\/sites\/12\/2017\/03\/cartel-pieles.jpg\" alt=\"\" width=\"550\" height=\"786\" srcset=\"https:\/\/graziamagazine.com\/es\/wp-content\/uploads\/sites\/12\/2017\/03\/cartel-pieles.jpg 550w, https:\/\/graziamagazine.com\/es\/wp-content\/uploads\/sites\/12\/2017\/03\/cartel-pieles-210x300.jpg 210w, https:\/\/graziamagazine.com\/es\/wp-content\/uploads\/sites\/12\/2017\/03\/cartel-pieles-360x514.jpg 360w\" sizes=\"(max-width: 550px) 100vw, 550px\" \/><figcaption id=\"caption-attachment-112249\" class=\"wp-caption-text\">Cartel de la pel\u00edcula.<\/figcaption><\/figure>\n<p>\u00bfCu\u00e1l ser\u00e1 el pr\u00f3ximo reto de Polvorosa? Con lo decidida que es, no hay duda que tiene un largo camino por delante.<\/p>\n<p><iframe loading=\"lazy\" style=\"border: none; overflow: hidden; height: 258px;\" src=\"\/\/www.facebook.com\/plugins\/likebox.php?href=https%3A%2F%2Fwww.facebook.com%2Fgraziaespana&amp;width&amp;height=258&amp;colorscheme=light&amp;show_faces=true&amp;header=false&amp;stream=false&amp;show_border=false&amp;appId=349017955267591\" width=\"300\" height=\"150\" frameborder=\"0\" scrolling=\"no\"><\/iframe><\/p>\n","protected":false},"author":19036,"featured_media":0,"template":"","format":"standard","categories":[13,17],"acf":[],"yoast_head":"<!-- This site is optimized with the Yoast SEO Premium plugin v18.5 (Yoast SEO v20.4) - https:\/\/yoast.com\/wordpress\/plugins\/seo\/ -->\n<title>Ana Polvorosa sobre &#039;Pieles&#039;: la sorprendente pel\u00edcula que le regal\u00f3 Edu Casanova<\/title>\n<meta name=\"description\" content=\"Nos citamos con Ana Polvorosa en el Festival de M\u00e1laga para hablar de &#039;Pieles&#039;, el singular proyecto de Edu Casanova que protagoniza.\" \/>\n<meta name=\"robots\" content=\"index, follow, max-snippet:-1, max-image-preview:large, max-video-preview:-1\" \/>\n<link rel=\"canonical\" href=\"https:\/\/graziamagazine.com\/es\/articles\/ana-polvorosa-actriz-pieles\/\" \/>\n<meta property=\"og:locale\" content=\"es_ES\" \/>\n<meta property=\"og:type\" content=\"article\" \/>\n<meta property=\"og:title\" content=\"Ana Polvorosa no es valiente, es actriz\" \/>\n<meta property=\"og:description\" content=\"Nos citamos con ella en el Festival de M\u00e1laga para hablar de &#039;Pieles&#039;, el singular proyecto de Edu Casanova que protagoniza.\" \/>\n<meta property=\"og:url\" content=\"https:\/\/graziamagazine.com\/es\/articles\/ana-polvorosa-actriz-pieles\/\" \/>\n<meta property=\"og:site_name\" content=\"Grazia\" \/>\n<meta property=\"article:modified_time\" content=\"2017-04-27T17:34:33+00:00\" \/>\n<meta property=\"og:image\" content=\"https:\/\/graziamagazine.com\/es\/wp-content\/uploads\/sites\/12\/2017\/03\/27112713\/anap-1.jpg?fit=785%2C480\" \/>\n\t<meta property=\"og:image:width\" content=\"785\" \/>\n\t<meta property=\"og:image:height\" content=\"480\" \/>\n\t<meta property=\"og:image:type\" content=\"image\/jpeg\" \/>\n<meta name=\"twitter:card\" content=\"summary_large_image\" \/>\n<meta name=\"twitter:title\" content=\"Ana Polvorosa no es valiente, es actriz\" \/>\n<meta name=\"twitter:description\" content=\"Nos citamos con ella en el Festival de M\u00e1laga para hablar de &#039;Pieles&#039;, el singular proyecto de Edu Casanova que protagoniza.\" \/>\n<meta name=\"twitter:image\" content=\"http:\/\/s3-eu-west-1.amazonaws.com\/grazia-cdn\/wp-content\/uploads\/sites\/12\/2017\/03\/27112713\/anap-1.jpg\" \/>\n<meta name=\"twitter:label1\" content=\"Est. reading time\" \/>\n\t<meta name=\"twitter:data1\" content=\"6 minutos\" \/>\n<script type=\"application\/ld+json\" class=\"yoast-schema-graph\">{\"@context\":\"https:\/\/schema.org\",\"@graph\":[{\"@type\":\"WebPage\",\"@id\":\"https:\/\/graziamagazine.com\/es\/articles\/ana-polvorosa-actriz-pieles\/\",\"url\":\"https:\/\/graziamagazine.com\/es\/articles\/ana-polvorosa-actriz-pieles\/\",\"name\":\"Ana Polvorosa sobre 'Pieles': la sorprendente pel\u00edcula que le regal\u00f3 Edu Casanova\",\"isPartOf\":{\"@id\":\"https:\/\/graziamagazine.com\/es\/#website\"},\"datePublished\":\"2017-03-27T10:19:13+00:00\",\"dateModified\":\"2017-04-27T17:34:33+00:00\",\"description\":\"Nos citamos con Ana Polvorosa en el Festival de M\u00e1laga para hablar de 'Pieles', el singular proyecto de Edu Casanova que protagoniza.\",\"breadcrumb\":{\"@id\":\"https:\/\/graziamagazine.com\/es\/articles\/ana-polvorosa-actriz-pieles\/#breadcrumb\"},\"inLanguage\":\"es\",\"potentialAction\":[{\"@type\":\"ReadAction\",\"target\":[\"https:\/\/graziamagazine.com\/es\/articles\/ana-polvorosa-actriz-pieles\/\"]}]},{\"@type\":\"BreadcrumbList\",\"@id\":\"https:\/\/graziamagazine.com\/es\/articles\/ana-polvorosa-actriz-pieles\/#breadcrumb\",\"itemListElement\":[{\"@type\":\"ListItem\",\"position\":1,\"name\":\"Portada\",\"item\":\"https:\/\/graziamagazine.com\/es\/\"},{\"@type\":\"ListItem\",\"position\":2,\"name\":\"Ana Polvorosa no es valiente, es actriz\"}]},{\"@type\":\"WebSite\",\"@id\":\"https:\/\/graziamagazine.com\/es\/#website\",\"url\":\"https:\/\/graziamagazine.com\/es\/\",\"name\":\"Grazia\",\"description\":\"Moda, belleza, celebrities, estilo de vida...\",\"potentialAction\":[{\"@type\":\"SearchAction\",\"target\":{\"@type\":\"EntryPoint\",\"urlTemplate\":\"https:\/\/graziamagazine.com\/es\/?s={search_term_string}\"},\"query-input\":\"required name=search_term_string\"}],\"inLanguage\":\"es\"}]}<\/script>\n<!-- \/ Yoast SEO Premium plugin. -->","yoast_head_json":{"title":"Ana Polvorosa sobre 'Pieles': la sorprendente pel\u00edcula que le regal\u00f3 Edu Casanova","description":"Nos citamos con Ana Polvorosa en el Festival de M\u00e1laga para hablar de 'Pieles', el singular proyecto de Edu Casanova que protagoniza.","robots":{"index":"index","follow":"follow","max-snippet":"max-snippet:-1","max-image-preview":"max-image-preview:large","max-video-preview":"max-video-preview:-1"},"canonical":"https:\/\/graziamagazine.com\/es\/articles\/ana-polvorosa-actriz-pieles\/","og_locale":"es_ES","og_type":"article","og_title":"Ana Polvorosa no es valiente, es actriz","og_description":"Nos citamos con ella en el Festival de M\u00e1laga para hablar de 'Pieles', el singular proyecto de Edu Casanova que protagoniza.","og_url":"https:\/\/graziamagazine.com\/es\/articles\/ana-polvorosa-actriz-pieles\/","og_site_name":"Grazia","article_modified_time":"2017-04-27T17:34:33+00:00","og_image":[{"width":785,"height":480,"url":"https:\/\/graziamagazine.com\/es\/wp-content\/uploads\/sites\/12\/2017\/03\/27112713\/anap-1.jpg?fit=785%2C480","type":"image\/jpeg"}],"twitter_card":"summary_large_image","twitter_title":"Ana Polvorosa no es valiente, es actriz","twitter_description":"Nos citamos con ella en el Festival de M\u00e1laga para hablar de 'Pieles', el singular proyecto de Edu Casanova que protagoniza.","twitter_image":"http:\/\/s3-eu-west-1.amazonaws.com\/grazia-cdn\/wp-content\/uploads\/sites\/12\/2017\/03\/27112713\/anap-1.jpg","twitter_misc":{"Est. reading time":"6 minutos"},"schema":{"@context":"https:\/\/schema.org","@graph":[{"@type":"WebPage","@id":"https:\/\/graziamagazine.com\/es\/articles\/ana-polvorosa-actriz-pieles\/","url":"https:\/\/graziamagazine.com\/es\/articles\/ana-polvorosa-actriz-pieles\/","name":"Ana Polvorosa sobre 'Pieles': la sorprendente pel\u00edcula que le regal\u00f3 Edu Casanova","isPartOf":{"@id":"https:\/\/graziamagazine.com\/es\/#website"},"datePublished":"2017-03-27T10:19:13+00:00","dateModified":"2017-04-27T17:34:33+00:00","description":"Nos citamos con Ana Polvorosa en el Festival de M\u00e1laga para hablar de 'Pieles', el singular proyecto de Edu Casanova que protagoniza.","breadcrumb":{"@id":"https:\/\/graziamagazine.com\/es\/articles\/ana-polvorosa-actriz-pieles\/#breadcrumb"},"inLanguage":"es","potentialAction":[{"@type":"ReadAction","target":["https:\/\/graziamagazine.com\/es\/articles\/ana-polvorosa-actriz-pieles\/"]}]},{"@type":"BreadcrumbList","@id":"https:\/\/graziamagazine.com\/es\/articles\/ana-polvorosa-actriz-pieles\/#breadcrumb","itemListElement":[{"@type":"ListItem","position":1,"name":"Portada","item":"https:\/\/graziamagazine.com\/es\/"},{"@type":"ListItem","position":2,"name":"Ana Polvorosa no es valiente, es actriz"}]},{"@type":"WebSite","@id":"https:\/\/graziamagazine.com\/es\/#website","url":"https:\/\/graziamagazine.com\/es\/","name":"Grazia","description":"Moda, belleza, celebrities, estilo de vida...","potentialAction":[{"@type":"SearchAction","target":{"@type":"EntryPoint","urlTemplate":"https:\/\/graziamagazine.com\/es\/?s={search_term_string}"},"query-input":"required name=search_term_string"}],"inLanguage":"es"}]}},"jetpack_sharing_enabled":true,"distributor_meta":false,"distributor_terms":false,"distributor_media":false,"distributor_original_site_name":"Grazia","distributor_original_site_url":"https:\/\/graziamagazine.com\/es","push-errors":false,"_links":{"self":[{"href":"https:\/\/graziamagazine.com\/es\/wp-json\/wp\/v2\/articles\/112230"}],"collection":[{"href":"https:\/\/graziamagazine.com\/es\/wp-json\/wp\/v2\/articles"}],"about":[{"href":"https:\/\/graziamagazine.com\/es\/wp-json\/wp\/v2\/types\/articles"}],"author":[{"embeddable":true,"href":"https:\/\/graziamagazine.com\/es\/wp-json\/wp\/v2\/users\/19036"}],"wp:attachment":[{"href":"https:\/\/graziamagazine.com\/es\/wp-json\/wp\/v2\/media?parent=112230"}],"wp:term":[{"taxonomy":"category","embeddable":true,"href":"https:\/\/graziamagazine.com\/es\/wp-json\/wp\/v2\/categories?post=112230"}],"curies":[{"name":"wp","href":"https:\/\/api.w.org\/{rel}","templated":true}]}}