{"id":112100,"date":"2017-04-04T04:48:04","date_gmt":"2017-04-04T02:48:04","guid":{"rendered":"https:\/\/graziamagazine.com\/es\/?p=112100"},"modified":"2017-04-03T16:18:35","modified_gmt":"2017-04-03T14:18:35","slug":"fucsia-asi-se-lleva-el-color-que-querras-vestir-esta-primavera","status":"publish","type":"articles","link":"https:\/\/graziamagazine.com\/es\/articles\/fucsia-asi-se-lleva-el-color-que-querras-vestir-esta-primavera\/","title":{"rendered":"Fucsia: as\u00ed se lleva el color que querr\u00e1s vestir esta primavera"},"content":{"rendered":"<p>Hablamos hoy del rosa m\u00e1s intenso, de ese que casi roza lo fluorescente. <strong>Del\u00a0<em>shocking pink<\/em> que cautiv\u00f3 a la mism\u00edsima Elsa Schiaparelli<\/strong> y que la italiana convirti\u00f3 en su sello y firma (y nombre de su perfume m\u00e1s vendido). Porque, <a href=\"https:\/\/graziamagazine.com\/es\/moda\/color-pantone-2017-verde-greenery\/\" target=\"_blank\">por mucho que Pantone diga que el <em>Greenery<\/em><\/a> es el color del 2017, en nuestros armarios reinar\u00e1 el fucsia.<\/p>\n<p>Al menos esta\u00a0primavera. El en\u00e9rgico color llega pisando fuerte,\u00a0tanto <a href=\"https:\/\/graziamagazine.com\/es\/primavera-verano-2017-pret-porter\/\" target=\"_blank\">sobre las pasarelas<\/a> como en la alfombra roja o en los mejores looks de <a href=\"https:\/\/graziamagazine.com\/es\/moda\/street-style\/\" target=\"_blank\"><em>street style<\/em><\/a>, y se adue\u00f1a de nuestras prendas favoritas\u00a0dando el primer toque de color a la temporada.<\/p>\n<p><strong>Palabrita de C\u00e9line, Valentino y Balenciaga.<\/strong><\/p>\n<figure id=\"attachment_112427\" aria-describedby=\"caption-attachment-112427\" style=\"width: 785px\" class=\"wp-caption aligncenter\"><img loading=\"lazy\" decoding=\"async\" class=\"size-full wp-image-112427\" src=\"https:\/\/graziamagazine.com\/es\/wp-content\/uploads\/sites\/12\/2017\/03\/fucsia-rosa-01.jpg\" alt=\"\" width=\"785\" height=\"523\" srcset=\"https:\/\/graziamagazine.com\/es\/wp-content\/uploads\/sites\/12\/2017\/03\/fucsia-rosa-01.jpg 785w, https:\/\/graziamagazine.com\/es\/wp-content\/uploads\/sites\/12\/2017\/03\/fucsia-rosa-01-300x200.jpg 300w, https:\/\/graziamagazine.com\/es\/wp-content\/uploads\/sites\/12\/2017\/03\/fucsia-rosa-01-768x512.jpg 768w, https:\/\/graziamagazine.com\/es\/wp-content\/uploads\/sites\/12\/2017\/03\/fucsia-rosa-01-720x480.jpg 720w, https:\/\/graziamagazine.com\/es\/wp-content\/uploads\/sites\/12\/2017\/03\/fucsia-rosa-01-626x417.jpg 626w, https:\/\/graziamagazine.com\/es\/wp-content\/uploads\/sites\/12\/2017\/03\/fucsia-rosa-01-360x240.jpg 360w\" sizes=\"(max-width: 785px) 100vw, 785px\" \/><figcaption id=\"caption-attachment-112427\" class=\"wp-caption-text\">\u00bfQui\u00e9n no querr\u00eda vestir fucsia todo el d\u00eda? \u00bf\u00a1Qui\u00e9n!? \u00a9 Getty Images<\/figcaption><\/figure>\n<p>Pero, \u00bfc\u00f3mo llevarlo en el d\u00eda a d\u00eda sin terminar convertida en una tarta de fresa? Atenta a esta galer\u00eda plagada de fucsia porque te\u00a0va a dejar (nunca mejor dicho) <em>total<\/em>\u00a0<em>shocked<\/em>.<\/p>\n<p>[galeria]<\/p>\n<p><iframe loading=\"lazy\" style=\"border: none; overflow: hidden; height: 258px;\" src=\"\/\/www.facebook.com\/plugins\/likebox.php?href=https%3A%2F%2Fwww.facebook.com%2Fgraziaespana&amp;width&amp;height=258&amp;colorscheme=light&amp;show_faces=true&amp;header=false&amp;stream=false&amp;show_border=false&amp;appId=349017955267591\" width=\"300\" height=\"150\" frameborder=\"0\" scrolling=\"no\"><\/iframe><\/p>\n","protected":false},"author":15595,"featured_media":0,"template":"","format":"standard","categories":[1,4],"acf":[],"yoast_head":"<!-- This site is optimized with the Yoast SEO Premium plugin v18.5 (Yoast SEO v20.4) - https:\/\/yoast.com\/wordpress\/plugins\/seo\/ -->\n<title>Fucsia: as\u00ed se lleva el color que querr\u00e1s vestir esta primavera | Grazia<\/title>\n<meta name=\"description\" content=\"El fucsia o shocking pink, el rosa m\u00e1s intenso es el color de la temporada. \u00bfPantone-qu\u00e9? Lo dicen C\u00e9line, Valentino y Balenciaga.\" \/>\n<meta name=\"robots\" content=\"index, follow, max-snippet:-1, max-image-preview:large, max-video-preview:-1\" \/>\n<link rel=\"canonical\" href=\"https:\/\/graziamagazine.com\/es\/articles\/fucsia-asi-se-lleva-el-color-que-querras-vestir-esta-primavera\/\" \/>\n<meta property=\"og:locale\" content=\"es_ES\" \/>\n<meta property=\"og:type\" content=\"article\" \/>\n<meta property=\"og:title\" content=\"Fucsia: as\u00ed se lleva el color que querr\u00e1s vestir esta primavera\" \/>\n<meta property=\"og:description\" content=\"El shocking pink es el color de la temporada. \u00bfPantone-qu\u00e9? Lo dicen C\u00e9line, Valentino y Balenciaga.\" \/>\n<meta property=\"og:url\" content=\"https:\/\/graziamagazine.com\/es\/articles\/fucsia-asi-se-lleva-el-color-que-querras-vestir-esta-primavera\/\" \/>\n<meta property=\"og:site_name\" content=\"Grazia\" \/>\n<meta property=\"article:modified_time\" content=\"2017-04-03T14:18:35+00:00\" \/>\n<meta property=\"og:image\" content=\"https:\/\/graziamagazine.com\/es\/wp-content\/uploads\/sites\/12\/2017\/03\/28154623\/fucsia-rosa-01.jpg?fit=785%2C523\" \/>\n\t<meta property=\"og:image:width\" content=\"785\" \/>\n\t<meta property=\"og:image:height\" content=\"523\" \/>\n\t<meta property=\"og:image:type\" content=\"image\/jpeg\" \/>\n<meta name=\"twitter:card\" content=\"summary_large_image\" \/>\n<meta name=\"twitter:title\" content=\"Fucsia: as\u00ed se lleva el color que querr\u00e1s vestir esta primavera\" \/>\n<meta name=\"twitter:description\" content=\"El shocking pink es el color de la temporada. \u00bfPantone-qu\u00e9? Lo dicen C\u00e9line, Valentino y Balenciaga.\" \/>\n<meta name=\"twitter:image\" content=\"http:\/\/s3-eu-west-1.amazonaws.com\/grazia-cdn\/wp-content\/uploads\/sites\/12\/2017\/03\/28154623\/fucsia-rosa-01.jpg\" \/>\n<meta name=\"twitter:label1\" content=\"Est. reading time\" \/>\n\t<meta name=\"twitter:data1\" content=\"1 minuto\" \/>\n<script type=\"application\/ld+json\" class=\"yoast-schema-graph\">{\"@context\":\"https:\/\/schema.org\",\"@graph\":[{\"@type\":\"WebPage\",\"@id\":\"https:\/\/graziamagazine.com\/es\/articles\/fucsia-asi-se-lleva-el-color-que-querras-vestir-esta-primavera\/\",\"url\":\"https:\/\/graziamagazine.com\/es\/articles\/fucsia-asi-se-lleva-el-color-que-querras-vestir-esta-primavera\/\",\"name\":\"Fucsia: as\u00ed se lleva el color que querr\u00e1s vestir esta primavera | Grazia\",\"isPartOf\":{\"@id\":\"https:\/\/graziamagazine.com\/es\/#website\"},\"datePublished\":\"2017-04-04T02:48:04+00:00\",\"dateModified\":\"2017-04-03T14:18:35+00:00\",\"description\":\"El fucsia o shocking pink, el rosa m\u00e1s intenso es el color de la temporada. \u00bfPantone-qu\u00e9? Lo dicen C\u00e9line, Valentino y Balenciaga.\",\"breadcrumb\":{\"@id\":\"https:\/\/graziamagazine.com\/es\/articles\/fucsia-asi-se-lleva-el-color-que-querras-vestir-esta-primavera\/#breadcrumb\"},\"inLanguage\":\"es\",\"potentialAction\":[{\"@type\":\"ReadAction\",\"target\":[\"https:\/\/graziamagazine.com\/es\/articles\/fucsia-asi-se-lleva-el-color-que-querras-vestir-esta-primavera\/\"]}]},{\"@type\":\"BreadcrumbList\",\"@id\":\"https:\/\/graziamagazine.com\/es\/articles\/fucsia-asi-se-lleva-el-color-que-querras-vestir-esta-primavera\/#breadcrumb\",\"itemListElement\":[{\"@type\":\"ListItem\",\"position\":1,\"name\":\"Portada\",\"item\":\"https:\/\/graziamagazine.com\/es\/\"},{\"@type\":\"ListItem\",\"position\":2,\"name\":\"Fucsia: as\u00ed se lleva el color que querr\u00e1s vestir esta primavera\"}]},{\"@type\":\"WebSite\",\"@id\":\"https:\/\/graziamagazine.com\/es\/#website\",\"url\":\"https:\/\/graziamagazine.com\/es\/\",\"name\":\"Grazia\",\"description\":\"Moda, belleza, celebrities, estilo de vida...\",\"potentialAction\":[{\"@type\":\"SearchAction\",\"target\":{\"@type\":\"EntryPoint\",\"urlTemplate\":\"https:\/\/graziamagazine.com\/es\/?s={search_term_string}\"},\"query-input\":\"required name=search_term_string\"}],\"inLanguage\":\"es\"}]}<\/script>\n<!-- \/ Yoast SEO Premium plugin. -->","yoast_head_json":{"title":"Fucsia: as\u00ed se lleva el color que querr\u00e1s vestir esta primavera | Grazia","description":"El fucsia o shocking pink, el rosa m\u00e1s intenso es el color de la temporada. \u00bfPantone-qu\u00e9? Lo dicen C\u00e9line, Valentino y Balenciaga.","robots":{"index":"index","follow":"follow","max-snippet":"max-snippet:-1","max-image-preview":"max-image-preview:large","max-video-preview":"max-video-preview:-1"},"canonical":"https:\/\/graziamagazine.com\/es\/articles\/fucsia-asi-se-lleva-el-color-que-querras-vestir-esta-primavera\/","og_locale":"es_ES","og_type":"article","og_title":"Fucsia: as\u00ed se lleva el color que querr\u00e1s vestir esta primavera","og_description":"El shocking pink es el color de la temporada. \u00bfPantone-qu\u00e9? Lo dicen C\u00e9line, Valentino y Balenciaga.","og_url":"https:\/\/graziamagazine.com\/es\/articles\/fucsia-asi-se-lleva-el-color-que-querras-vestir-esta-primavera\/","og_site_name":"Grazia","article_modified_time":"2017-04-03T14:18:35+00:00","og_image":[{"width":785,"height":523,"url":"https:\/\/graziamagazine.com\/es\/wp-content\/uploads\/sites\/12\/2017\/03\/28154623\/fucsia-rosa-01.jpg?fit=785%2C523","type":"image\/jpeg"}],"twitter_card":"summary_large_image","twitter_title":"Fucsia: as\u00ed se lleva el color que querr\u00e1s vestir esta primavera","twitter_description":"El shocking pink es el color de la temporada. \u00bfPantone-qu\u00e9? Lo dicen C\u00e9line, Valentino y Balenciaga.","twitter_image":"http:\/\/s3-eu-west-1.amazonaws.com\/grazia-cdn\/wp-content\/uploads\/sites\/12\/2017\/03\/28154623\/fucsia-rosa-01.jpg","twitter_misc":{"Est. reading time":"1 minuto"},"schema":{"@context":"https:\/\/schema.org","@graph":[{"@type":"WebPage","@id":"https:\/\/graziamagazine.com\/es\/articles\/fucsia-asi-se-lleva-el-color-que-querras-vestir-esta-primavera\/","url":"https:\/\/graziamagazine.com\/es\/articles\/fucsia-asi-se-lleva-el-color-que-querras-vestir-esta-primavera\/","name":"Fucsia: as\u00ed se lleva el color que querr\u00e1s vestir esta primavera | Grazia","isPartOf":{"@id":"https:\/\/graziamagazine.com\/es\/#website"},"datePublished":"2017-04-04T02:48:04+00:00","dateModified":"2017-04-03T14:18:35+00:00","description":"El fucsia o shocking pink, el rosa m\u00e1s intenso es el color de la temporada. \u00bfPantone-qu\u00e9? Lo dicen C\u00e9line, Valentino y Balenciaga.","breadcrumb":{"@id":"https:\/\/graziamagazine.com\/es\/articles\/fucsia-asi-se-lleva-el-color-que-querras-vestir-esta-primavera\/#breadcrumb"},"inLanguage":"es","potentialAction":[{"@type":"ReadAction","target":["https:\/\/graziamagazine.com\/es\/articles\/fucsia-asi-se-lleva-el-color-que-querras-vestir-esta-primavera\/"]}]},{"@type":"BreadcrumbList","@id":"https:\/\/graziamagazine.com\/es\/articles\/fucsia-asi-se-lleva-el-color-que-querras-vestir-esta-primavera\/#breadcrumb","itemListElement":[{"@type":"ListItem","position":1,"name":"Portada","item":"https:\/\/graziamagazine.com\/es\/"},{"@type":"ListItem","position":2,"name":"Fucsia: as\u00ed se lleva el color que querr\u00e1s vestir esta primavera"}]},{"@type":"WebSite","@id":"https:\/\/graziamagazine.com\/es\/#website","url":"https:\/\/graziamagazine.com\/es\/","name":"Grazia","description":"Moda, belleza, celebrities, estilo de vida...","potentialAction":[{"@type":"SearchAction","target":{"@type":"EntryPoint","urlTemplate":"https:\/\/graziamagazine.com\/es\/?s={search_term_string}"},"query-input":"required name=search_term_string"}],"inLanguage":"es"}]}},"jetpack_sharing_enabled":true,"distributor_meta":false,"distributor_terms":false,"distributor_media":false,"distributor_original_site_name":"Grazia","distributor_original_site_url":"https:\/\/graziamagazine.com\/es","push-errors":false,"_links":{"self":[{"href":"https:\/\/graziamagazine.com\/es\/wp-json\/wp\/v2\/articles\/112100"}],"collection":[{"href":"https:\/\/graziamagazine.com\/es\/wp-json\/wp\/v2\/articles"}],"about":[{"href":"https:\/\/graziamagazine.com\/es\/wp-json\/wp\/v2\/types\/articles"}],"author":[{"embeddable":true,"href":"https:\/\/graziamagazine.com\/es\/wp-json\/wp\/v2\/users\/15595"}],"wp:attachment":[{"href":"https:\/\/graziamagazine.com\/es\/wp-json\/wp\/v2\/media?parent=112100"}],"wp:term":[{"taxonomy":"category","embeddable":true,"href":"https:\/\/graziamagazine.com\/es\/wp-json\/wp\/v2\/categories?post=112100"}],"curies":[{"name":"wp","href":"https:\/\/api.w.org\/{rel}","templated":true}]}}