{"id":111917,"date":"2017-03-23T09:53:51","date_gmt":"2017-03-23T08:53:51","guid":{"rendered":"https:\/\/graziamagazine.com\/es\/?p=111917"},"modified":"2017-03-27T11:44:58","modified_gmt":"2017-03-27T09:44:58","slug":"festival-malaga-los-10-mejores-looks-vistos-la-alfombra-roja","status":"publish","type":"articles","link":"https:\/\/graziamagazine.com\/es\/articles\/festival-malaga-los-10-mejores-looks-vistos-la-alfombra-roja\/","title":{"rendered":"Festival de M\u00e1laga 2017: los mejores looks en la alfombra roja"},"content":{"rendered":"<p>El <strong>Festival de M\u00e1laga 2017<\/strong> llegaba este fin de semana a su fin habiendo reunido a lo mejor del cine espa\u00f1ol e iberoamericano en su 20\u00aa edici\u00f3n. Por su alfombra roja pasaron Blanca Su\u00e1rez, Natalia de Molina, Marta Nieto, Leticia Dolera o Ana Polvorosa&#8230; aqu\u00ed el ranking de las mejor vestidas de la muestra.<\/p>\n<p>[galeria]<\/p>\n<p><iframe loading=\"lazy\" style=\"border: none; overflow: hidden; height: 258px;\" src=\"\/\/www.facebook.com\/plugins\/likebox.php?href=https%3A%2F%2Fwww.facebook.com%2Fgraziaespana&amp;width&amp;height=258&amp;colorscheme=light&amp;show_faces=true&amp;header=false&amp;stream=false&amp;show_border=false&amp;appId=349017955267591\" width=\"300\" height=\"150\" frameborder=\"0\" scrolling=\"no\"><\/iframe><\/p>\n","protected":false},"author":15595,"featured_media":0,"template":"","format":"standard","categories":[13,15],"acf":[],"yoast_head":"<!-- This site is optimized with the Yoast SEO Premium plugin v18.5 (Yoast SEO v20.4) - https:\/\/yoast.com\/wordpress\/plugins\/seo\/ -->\n<title>Festival de M\u00e1laga 2017: los mejores looks en la alfombra roja | Grazia<\/title>\n<meta name=\"description\" content=\"Blanca Su\u00e1rez, Macarena Garc\u00eda o Miriam Giovanelli entre las mejor vestidas. Aqu\u00ed todos los detalles de sus looks en el Festival de M\u00e1laga 2017.\" \/>\n<meta name=\"robots\" content=\"index, follow, max-snippet:-1, max-image-preview:large, max-video-preview:-1\" \/>\n<link rel=\"canonical\" href=\"https:\/\/graziamagazine.com\/es\/articles\/festival-malaga-los-10-mejores-looks-vistos-la-alfombra-roja\/\" \/>\n<meta property=\"og:locale\" content=\"es_ES\" \/>\n<meta property=\"og:type\" content=\"article\" \/>\n<meta property=\"og:title\" content=\"Festival de M\u00e1laga 2017: los mejores looks en la alfombra roja\" \/>\n<meta property=\"og:description\" content=\"Blanca Su\u00e1rez, Macarena Garc\u00eda o Miriam Giovanelli entre las mejor vestidas de la muestra.\" \/>\n<meta property=\"og:url\" content=\"https:\/\/graziamagazine.com\/es\/articles\/festival-malaga-los-10-mejores-looks-vistos-la-alfombra-roja\/\" \/>\n<meta property=\"og:site_name\" content=\"Grazia\" \/>\n<meta property=\"article:modified_time\" content=\"2017-03-27T09:44:58+00:00\" \/>\n<meta property=\"og:image\" content=\"https:\/\/graziamagazine.com\/es\/wp-content\/uploads\/sites\/12\/2017\/03\/21113813\/malaga-11.jpg?fit=785%2C480\" \/>\n\t<meta property=\"og:image:width\" content=\"785\" \/>\n\t<meta property=\"og:image:height\" content=\"480\" \/>\n\t<meta property=\"og:image:type\" content=\"image\/jpeg\" \/>\n<meta name=\"twitter:card\" content=\"summary_large_image\" \/>\n<meta name=\"twitter:title\" content=\"Festival de M\u00e1laga 2017: los mejores looks en la alfombra roja\" \/>\n<meta name=\"twitter:description\" content=\"Blanca Su\u00e1rez, Macarena Garc\u00eda o Miriam Giovanelli entre las mejor vestidas de la muestra.\" \/>\n<meta name=\"twitter:image\" content=\"http:\/\/s3-eu-west-1.amazonaws.com\/grazia-cdn\/wp-content\/uploads\/sites\/12\/2017\/03\/21113813\/malaga-11.jpg\" \/>\n<script type=\"application\/ld+json\" class=\"yoast-schema-graph\">{\"@context\":\"https:\/\/schema.org\",\"@graph\":[{\"@type\":\"WebPage\",\"@id\":\"https:\/\/graziamagazine.com\/es\/articles\/festival-malaga-los-10-mejores-looks-vistos-la-alfombra-roja\/\",\"url\":\"https:\/\/graziamagazine.com\/es\/articles\/festival-malaga-los-10-mejores-looks-vistos-la-alfombra-roja\/\",\"name\":\"Festival de M\u00e1laga 2017: los mejores looks en la alfombra roja | Grazia\",\"isPartOf\":{\"@id\":\"https:\/\/graziamagazine.com\/es\/#website\"},\"datePublished\":\"2017-03-23T08:53:51+00:00\",\"dateModified\":\"2017-03-27T09:44:58+00:00\",\"description\":\"Blanca Su\u00e1rez, Macarena Garc\u00eda o Miriam Giovanelli entre las mejor vestidas. Aqu\u00ed todos los detalles de sus looks en el Festival de M\u00e1laga 2017.\",\"breadcrumb\":{\"@id\":\"https:\/\/graziamagazine.com\/es\/articles\/festival-malaga-los-10-mejores-looks-vistos-la-alfombra-roja\/#breadcrumb\"},\"inLanguage\":\"es\",\"potentialAction\":[{\"@type\":\"ReadAction\",\"target\":[\"https:\/\/graziamagazine.com\/es\/articles\/festival-malaga-los-10-mejores-looks-vistos-la-alfombra-roja\/\"]}]},{\"@type\":\"BreadcrumbList\",\"@id\":\"https:\/\/graziamagazine.com\/es\/articles\/festival-malaga-los-10-mejores-looks-vistos-la-alfombra-roja\/#breadcrumb\",\"itemListElement\":[{\"@type\":\"ListItem\",\"position\":1,\"name\":\"Portada\",\"item\":\"https:\/\/graziamagazine.com\/es\/\"},{\"@type\":\"ListItem\",\"position\":2,\"name\":\"Festival de M\u00e1laga 2017: los mejores looks en la alfombra roja\"}]},{\"@type\":\"WebSite\",\"@id\":\"https:\/\/graziamagazine.com\/es\/#website\",\"url\":\"https:\/\/graziamagazine.com\/es\/\",\"name\":\"Grazia\",\"description\":\"Moda, belleza, celebrities, estilo de vida...\",\"potentialAction\":[{\"@type\":\"SearchAction\",\"target\":{\"@type\":\"EntryPoint\",\"urlTemplate\":\"https:\/\/graziamagazine.com\/es\/?s={search_term_string}\"},\"query-input\":\"required name=search_term_string\"}],\"inLanguage\":\"es\"}]}<\/script>\n<!-- \/ Yoast SEO Premium plugin. -->","yoast_head_json":{"title":"Festival de M\u00e1laga 2017: los mejores looks en la alfombra roja | Grazia","description":"Blanca Su\u00e1rez, Macarena Garc\u00eda o Miriam Giovanelli entre las mejor vestidas. Aqu\u00ed todos los detalles de sus looks en el Festival de M\u00e1laga 2017.","robots":{"index":"index","follow":"follow","max-snippet":"max-snippet:-1","max-image-preview":"max-image-preview:large","max-video-preview":"max-video-preview:-1"},"canonical":"https:\/\/graziamagazine.com\/es\/articles\/festival-malaga-los-10-mejores-looks-vistos-la-alfombra-roja\/","og_locale":"es_ES","og_type":"article","og_title":"Festival de M\u00e1laga 2017: los mejores looks en la alfombra roja","og_description":"Blanca Su\u00e1rez, Macarena Garc\u00eda o Miriam Giovanelli entre las mejor vestidas de la muestra.","og_url":"https:\/\/graziamagazine.com\/es\/articles\/festival-malaga-los-10-mejores-looks-vistos-la-alfombra-roja\/","og_site_name":"Grazia","article_modified_time":"2017-03-27T09:44:58+00:00","og_image":[{"width":785,"height":480,"url":"https:\/\/graziamagazine.com\/es\/wp-content\/uploads\/sites\/12\/2017\/03\/21113813\/malaga-11.jpg?fit=785%2C480","type":"image\/jpeg"}],"twitter_card":"summary_large_image","twitter_title":"Festival de M\u00e1laga 2017: los mejores looks en la alfombra roja","twitter_description":"Blanca Su\u00e1rez, Macarena Garc\u00eda o Miriam Giovanelli entre las mejor vestidas de la muestra.","twitter_image":"http:\/\/s3-eu-west-1.amazonaws.com\/grazia-cdn\/wp-content\/uploads\/sites\/12\/2017\/03\/21113813\/malaga-11.jpg","schema":{"@context":"https:\/\/schema.org","@graph":[{"@type":"WebPage","@id":"https:\/\/graziamagazine.com\/es\/articles\/festival-malaga-los-10-mejores-looks-vistos-la-alfombra-roja\/","url":"https:\/\/graziamagazine.com\/es\/articles\/festival-malaga-los-10-mejores-looks-vistos-la-alfombra-roja\/","name":"Festival de M\u00e1laga 2017: los mejores looks en la alfombra roja | Grazia","isPartOf":{"@id":"https:\/\/graziamagazine.com\/es\/#website"},"datePublished":"2017-03-23T08:53:51+00:00","dateModified":"2017-03-27T09:44:58+00:00","description":"Blanca Su\u00e1rez, Macarena Garc\u00eda o Miriam Giovanelli entre las mejor vestidas. Aqu\u00ed todos los detalles de sus looks en el Festival de M\u00e1laga 2017.","breadcrumb":{"@id":"https:\/\/graziamagazine.com\/es\/articles\/festival-malaga-los-10-mejores-looks-vistos-la-alfombra-roja\/#breadcrumb"},"inLanguage":"es","potentialAction":[{"@type":"ReadAction","target":["https:\/\/graziamagazine.com\/es\/articles\/festival-malaga-los-10-mejores-looks-vistos-la-alfombra-roja\/"]}]},{"@type":"BreadcrumbList","@id":"https:\/\/graziamagazine.com\/es\/articles\/festival-malaga-los-10-mejores-looks-vistos-la-alfombra-roja\/#breadcrumb","itemListElement":[{"@type":"ListItem","position":1,"name":"Portada","item":"https:\/\/graziamagazine.com\/es\/"},{"@type":"ListItem","position":2,"name":"Festival de M\u00e1laga 2017: los mejores looks en la alfombra roja"}]},{"@type":"WebSite","@id":"https:\/\/graziamagazine.com\/es\/#website","url":"https:\/\/graziamagazine.com\/es\/","name":"Grazia","description":"Moda, belleza, celebrities, estilo de vida...","potentialAction":[{"@type":"SearchAction","target":{"@type":"EntryPoint","urlTemplate":"https:\/\/graziamagazine.com\/es\/?s={search_term_string}"},"query-input":"required name=search_term_string"}],"inLanguage":"es"}]}},"jetpack_sharing_enabled":true,"distributor_meta":false,"distributor_terms":false,"distributor_media":false,"distributor_original_site_name":"Grazia","distributor_original_site_url":"https:\/\/graziamagazine.com\/es","push-errors":false,"_links":{"self":[{"href":"https:\/\/graziamagazine.com\/es\/wp-json\/wp\/v2\/articles\/111917"}],"collection":[{"href":"https:\/\/graziamagazine.com\/es\/wp-json\/wp\/v2\/articles"}],"about":[{"href":"https:\/\/graziamagazine.com\/es\/wp-json\/wp\/v2\/types\/articles"}],"author":[{"embeddable":true,"href":"https:\/\/graziamagazine.com\/es\/wp-json\/wp\/v2\/users\/15595"}],"wp:attachment":[{"href":"https:\/\/graziamagazine.com\/es\/wp-json\/wp\/v2\/media?parent=111917"}],"wp:term":[{"taxonomy":"category","embeddable":true,"href":"https:\/\/graziamagazine.com\/es\/wp-json\/wp\/v2\/categories?post=111917"}],"curies":[{"name":"wp","href":"https:\/\/api.w.org\/{rel}","templated":true}]}}