{"id":111714,"date":"2017-03-30T04:06:58","date_gmt":"2017-03-30T02:06:58","guid":{"rendered":"https:\/\/graziamagazine.com\/es\/?p=111714"},"modified":"2017-10-30T17:35:52","modified_gmt":"2017-10-30T16:35:52","slug":"de-los-creadores-del-ugly-shoe-llega-el-bolso-feo","status":"publish","type":"articles","link":"https:\/\/graziamagazine.com\/es\/articles\/de-los-creadores-del-ugly-shoe-llega-el-bolso-feo\/","title":{"rendered":"De los creadores del &#8216;ugly shoe&#8217;, llega el bolso feo"},"content":{"rendered":"<p>Si pensabas que ya ten\u00edas bastante al <a href=\"https:\/\/graziamagazine.com\/es\/moda\/ugly-shoes\/\" target=\"_blank\">haber aceptado a los <em>granny shoes<\/em><\/a><em>,<\/em> ag\u00e1rrate que vienen curvas. Y el bolso feo.\u00a0Aunque como eso de decir\u00a0feo es feo (y s\u00ed, valga la redundancia), podemos llamarle \u00abvisualmente poco atractivo\u00bb.\u00a0Porque <strong>igual de aqu\u00ed a tres meses nos enamoramos de \u00e9l, pero ahora, por lo pronto, solo nos parece uno complemento arrugado<\/strong>\u00a0que podr\u00eda hacer juego en el armario de la abuela (precisamente para llevar combinado con\u00a0los <em>granny shoes).<\/em><\/p>\n<figure id=\"attachment_112544\" aria-describedby=\"caption-attachment-112544\" style=\"width: 600px\" class=\"wp-caption aligncenter\"><img loading=\"lazy\" decoding=\"async\" class=\"size-full wp-image-112544\" src=\"https:\/\/graziamagazine.com\/es\/wp-content\/uploads\/sites\/12\/2017\/03\/bolso-feo-staud-clothing.jpg\" alt=\"\" width=\"600\" height=\"825\" srcset=\"https:\/\/graziamagazine.com\/es\/wp-content\/uploads\/sites\/12\/2017\/03\/bolso-feo-staud-clothing.jpg 600w, https:\/\/graziamagazine.com\/es\/wp-content\/uploads\/sites\/12\/2017\/03\/bolso-feo-staud-clothing-218x300.jpg 218w, https:\/\/graziamagazine.com\/es\/wp-content\/uploads\/sites\/12\/2017\/03\/bolso-feo-staud-clothing-360x495.jpg 360w\" sizes=\"(max-width: 600px) 100vw, 600px\" \/><figcaption id=\"caption-attachment-112544\" class=\"wp-caption-text\">Se\u00f1oras, con todas ustedes el bolso feo. \u00a9 Staud Clothing<\/figcaption><\/figure>\n<p>Hablamos concretamente de dos modelos que en las \u00faltimas semanas se han multiplicado como la espuma en nuestros <em>timelines:<\/em> el <a href=\"https:\/\/www.net-a-porter.com\/es\/en\/product\/799849\/The_Row\/ascot-knotted-satin-tote\" target=\"_blank\" target=\"_blank\"><em>Ascot<\/em> de <strong>The Row<\/strong><\/a> y <a href=\"https:\/\/staud.clothing\/product\/2781\" target=\"_blank\" target=\"_blank\"><em>The Grace<\/em> de <\/a><strong>Staud Clothing.<\/strong> Dos bolsos que se han colado ya entre los favoritos de <em>it girls<\/em> como la brit\u00e1nica <strong>Pandora Sykes<\/strong> o la danesa <strong>Pernille Teisbaek,<\/strong> pero tambi\u00e9n entre los de mujeres con <a href=\"https:\/\/graziamagazine.com\/es\/celebs\/el-estilo-de-dakota-johnson\/\" target=\"_blank\">un estilo tan escaneado como <strong>Dakota Johnson<\/strong><\/a> o <strong>Mary-Kate Olsen.<\/strong><\/p>\n<figure id=\"attachment_112546\" aria-describedby=\"caption-attachment-112546\" style=\"width: 785px\" class=\"wp-caption aligncenter\"><img loading=\"lazy\" decoding=\"async\" class=\"size-full wp-image-112546\" src=\"https:\/\/graziamagazine.com\/es\/wp-content\/uploads\/sites\/12\/2017\/03\/the-row-ascot.jpg\" alt=\"\" width=\"785\" height=\"561\" srcset=\"https:\/\/graziamagazine.com\/es\/wp-content\/uploads\/sites\/12\/2017\/03\/the-row-ascot.jpg 785w, https:\/\/graziamagazine.com\/es\/wp-content\/uploads\/sites\/12\/2017\/03\/the-row-ascot-300x214.jpg 300w, https:\/\/graziamagazine.com\/es\/wp-content\/uploads\/sites\/12\/2017\/03\/the-row-ascot-768x549.jpg 768w, https:\/\/graziamagazine.com\/es\/wp-content\/uploads\/sites\/12\/2017\/03\/the-row-ascot-720x515.jpg 720w, https:\/\/graziamagazine.com\/es\/wp-content\/uploads\/sites\/12\/2017\/03\/the-row-ascot-626x447.jpg 626w, https:\/\/graziamagazine.com\/es\/wp-content\/uploads\/sites\/12\/2017\/03\/the-row-ascot-360x257.jpg 360w\" sizes=\"(max-width: 785px) 100vw, 785px\" \/><figcaption id=\"caption-attachment-112546\" class=\"wp-caption-text\">Mary-Kate, Dakota y Pernille luciendo orgullosas su &#8216;Ascot&#8217; de The Row. \u00a9 Getty Images<\/figcaption><\/figure>\n<p>Y s\u00ed, hablamos de palabras mayores: de <strong>The Row,<\/strong> la aclamada firma de culto de las hermanas Olsen, y de <a href=\"https:\/\/graziamagazine.com\/es\/moda\/9-firmas-las-invertir\/\" target=\"_blank\"><strong>Staud Clothing,<\/strong> la en\u00e9sima\u00a0marca\u00a0favorita de Instagram<\/a> creada por Sarah Staudinger (una creativa ex-Reformation).<\/p>\n<figure id=\"attachment_112545\" aria-describedby=\"caption-attachment-112545\" style=\"width: 785px\" class=\"wp-caption aligncenter\"><img loading=\"lazy\" decoding=\"async\" class=\"size-full wp-image-112545\" src=\"https:\/\/graziamagazine.com\/es\/wp-content\/uploads\/sites\/12\/2017\/03\/staud-the-grace.jpg\" alt=\"\" width=\"785\" height=\"561\" srcset=\"https:\/\/graziamagazine.com\/es\/wp-content\/uploads\/sites\/12\/2017\/03\/staud-the-grace.jpg 785w, https:\/\/graziamagazine.com\/es\/wp-content\/uploads\/sites\/12\/2017\/03\/staud-the-grace-300x214.jpg 300w, https:\/\/graziamagazine.com\/es\/wp-content\/uploads\/sites\/12\/2017\/03\/staud-the-grace-768x549.jpg 768w, https:\/\/graziamagazine.com\/es\/wp-content\/uploads\/sites\/12\/2017\/03\/staud-the-grace-720x515.jpg 720w, https:\/\/graziamagazine.com\/es\/wp-content\/uploads\/sites\/12\/2017\/03\/staud-the-grace-626x447.jpg 626w, https:\/\/graziamagazine.com\/es\/wp-content\/uploads\/sites\/12\/2017\/03\/staud-the-grace-360x257.jpg 360w\" sizes=\"(max-width: 785px) 100vw, 785px\" \/><figcaption id=\"caption-attachment-112545\" class=\"wp-caption-text\">Pandora Sykes no se quita su modelo &#8216;The Grace&#8217; (que lo mismo luce para una presentaci\u00f3n en Londres, como para una boda en Jamaica). \u00a9 Staud \/ Instagram \/ Getty Images<\/figcaption><\/figure>\n<p><strong>Por sus arrugas los reconocer\u00e1s<\/strong><\/p>\n<p>Ambos <strong>tienen en com\u00fan tanto sus arrugas como el acabado en sat\u00e9n.<\/strong> Precisamente ese material que hace no tantos a\u00f1os te pon\u00eda la piel de gallina cuando te lo propon\u00edan como chal para cubrirte en una boda, pero que ahora te empezar\u00e1s a plantear para tus complementos.\u00a0Adem\u00e1s, los dos\u00a0modelos se presentan en tonos rarunos (por no repetir lo de \u00abvisualmente poco atractivos\u00bb), tama\u00f1o peque\u00f1o y asa corta, lo que los hace perfectos tanto para el d\u00eda como para la noche.<\/p>\n<p>Lo que no es tan id\u00edlico es el precio: en el caso del modelo de The Row (a las gemelas m\u00e1s famosas de la televisi\u00f3n les gustan las cosas caras), asciende a los 980 euros. Por su parte, el de Staud, tipo limosnera, puede comprarse en su web por 215 d\u00f3lares (unos 200 euros <del>maldito euro, tan bajo, que si tuviera el cambio favorable de hace unos a\u00f1os, otro gallo cantar\u00eda).<\/del><\/p>\n<figure id=\"attachment_112543\" aria-describedby=\"caption-attachment-112543\" style=\"width: 500px\" class=\"wp-caption aligncenter\"><img loading=\"lazy\" decoding=\"async\" class=\"size-full wp-image-112543\" src=\"https:\/\/graziamagazine.com\/es\/wp-content\/uploads\/sites\/12\/2017\/03\/04-bolso-feo.jpg\" alt=\"\" width=\"500\" height=\"532\" srcset=\"https:\/\/graziamagazine.com\/es\/wp-content\/uploads\/sites\/12\/2017\/03\/04-bolso-feo.jpg 500w, https:\/\/graziamagazine.com\/es\/wp-content\/uploads\/sites\/12\/2017\/03\/04-bolso-feo-282x300.jpg 282w, https:\/\/graziamagazine.com\/es\/wp-content\/uploads\/sites\/12\/2017\/03\/04-bolso-feo-360x383.jpg 360w\" sizes=\"(max-width: 500px) 100vw, 500px\" \/><figcaption id=\"caption-attachment-112543\" class=\"wp-caption-text\">En versi\u00f3n fucsia, por si el color caqui no termina de convencerte. \u00a9 Staud Clothing<\/figcaption><\/figure>\n<p>Y s\u00ed, se prestan a ser replicados v\u00eda DIY (apto para las m\u00e1s apa\u00f1adas).<\/p>\n<p><iframe loading=\"lazy\" style=\"border: none; overflow: hidden; height: 258px;\" src=\"\/\/www.facebook.com\/plugins\/likebox.php?href=https%3A%2F%2Fwww.facebook.com%2Fgraziaespana&amp;width&amp;height=258&amp;colorscheme=light&amp;show_faces=true&amp;header=false&amp;stream=false&amp;show_border=false&amp;appId=349017955267591\" width=\"300\" height=\"150\" frameborder=\"0\" scrolling=\"no\"><\/iframe><\/p>\n","protected":false},"author":21500,"featured_media":0,"template":"","format":"standard","categories":[3,1],"acf":[],"yoast_head":"<!-- This site is optimized with the Yoast SEO Premium plugin v18.5 (Yoast SEO v20.4) - https:\/\/yoast.com\/wordpress\/plugins\/seo\/ -->\n<title>De los creadores del &#039;ugly shoe&#039;, llega el bolso feo | Grazia<\/title>\n<meta name=\"description\" content=\"Dos de las firmas m\u00e1s molonas del panorama coinciden en proponer un bolso feo y arrugado como \u00faltimo objeto de deseo. Y las &#039;it girls&#039; ya se han apuntado.\" \/>\n<meta name=\"robots\" content=\"index, follow, max-snippet:-1, max-image-preview:large, max-video-preview:-1\" \/>\n<link rel=\"canonical\" href=\"https:\/\/graziamagazine.com\/es\/articles\/de-los-creadores-del-ugly-shoe-llega-el-bolso-feo\/\" \/>\n<meta property=\"og:locale\" content=\"es_ES\" \/>\n<meta property=\"og:type\" content=\"article\" \/>\n<meta property=\"og:title\" content=\"De los creadores del &#039;ugly shoe&#039;, llega el bolso feo\" \/>\n<meta property=\"og:description\" content=\"Dos de las firmas m\u00e1s molonas del panorama coinciden en proponer un bolso arrugado como \u00faltimo objeto de deseo. Y las &#039;it girls&#039; ya se han apuntado a ello.\" \/>\n<meta property=\"og:url\" content=\"https:\/\/graziamagazine.com\/es\/articles\/de-los-creadores-del-ugly-shoe-llega-el-bolso-feo\/\" \/>\n<meta property=\"og:site_name\" content=\"Grazia\" \/>\n<meta property=\"article:modified_time\" content=\"2017-10-30T16:35:52+00:00\" \/>\n<meta property=\"og:image\" content=\"https:\/\/graziamagazine.com\/es\/wp-content\/uploads\/sites\/12\/2017\/03\/29165655\/01-bolso-feo.jpg?fit=785%2C480\" \/>\n\t<meta property=\"og:image:width\" content=\"785\" \/>\n\t<meta property=\"og:image:height\" content=\"480\" \/>\n\t<meta property=\"og:image:type\" content=\"image\/jpeg\" \/>\n<meta name=\"twitter:card\" content=\"summary_large_image\" \/>\n<meta name=\"twitter:title\" content=\"De los creadores del &#039;ugly shoe&#039;, llega el bolso feo\" \/>\n<meta name=\"twitter:description\" content=\"Dos de las firmas m\u00e1s molonas del panorama coinciden en proponer un bolso arrugado como \u00faltimo objeto de deseo. Y las &#039;it girls&#039; ya se han apuntado a ello.\" \/>\n<meta name=\"twitter:image\" content=\"http:\/\/s3-eu-west-1.amazonaws.com\/grazia-cdn\/wp-content\/uploads\/sites\/12\/2017\/03\/29165655\/01-bolso-feo.jpg\" \/>\n<meta name=\"twitter:label1\" content=\"Est. reading time\" \/>\n\t<meta name=\"twitter:data1\" content=\"2 minutos\" \/>\n<script type=\"application\/ld+json\" class=\"yoast-schema-graph\">{\"@context\":\"https:\/\/schema.org\",\"@graph\":[{\"@type\":\"WebPage\",\"@id\":\"https:\/\/graziamagazine.com\/es\/articles\/de-los-creadores-del-ugly-shoe-llega-el-bolso-feo\/\",\"url\":\"https:\/\/graziamagazine.com\/es\/articles\/de-los-creadores-del-ugly-shoe-llega-el-bolso-feo\/\",\"name\":\"De los creadores del 'ugly shoe', llega el bolso feo | Grazia\",\"isPartOf\":{\"@id\":\"https:\/\/graziamagazine.com\/es\/#website\"},\"datePublished\":\"2017-03-30T02:06:58+00:00\",\"dateModified\":\"2017-10-30T16:35:52+00:00\",\"description\":\"Dos de las firmas m\u00e1s molonas del panorama coinciden en proponer un bolso feo y arrugado como \u00faltimo objeto de deseo. Y las 'it girls' ya se han apuntado.\",\"breadcrumb\":{\"@id\":\"https:\/\/graziamagazine.com\/es\/articles\/de-los-creadores-del-ugly-shoe-llega-el-bolso-feo\/#breadcrumb\"},\"inLanguage\":\"es\",\"potentialAction\":[{\"@type\":\"ReadAction\",\"target\":[\"https:\/\/graziamagazine.com\/es\/articles\/de-los-creadores-del-ugly-shoe-llega-el-bolso-feo\/\"]}]},{\"@type\":\"BreadcrumbList\",\"@id\":\"https:\/\/graziamagazine.com\/es\/articles\/de-los-creadores-del-ugly-shoe-llega-el-bolso-feo\/#breadcrumb\",\"itemListElement\":[{\"@type\":\"ListItem\",\"position\":1,\"name\":\"Portada\",\"item\":\"https:\/\/graziamagazine.com\/es\/\"},{\"@type\":\"ListItem\",\"position\":2,\"name\":\"De los creadores del &#8216;ugly shoe&#8217;, llega el bolso feo\"}]},{\"@type\":\"WebSite\",\"@id\":\"https:\/\/graziamagazine.com\/es\/#website\",\"url\":\"https:\/\/graziamagazine.com\/es\/\",\"name\":\"Grazia\",\"description\":\"Moda, belleza, celebrities, estilo de vida...\",\"potentialAction\":[{\"@type\":\"SearchAction\",\"target\":{\"@type\":\"EntryPoint\",\"urlTemplate\":\"https:\/\/graziamagazine.com\/es\/?s={search_term_string}\"},\"query-input\":\"required name=search_term_string\"}],\"inLanguage\":\"es\"}]}<\/script>\n<!-- \/ Yoast SEO Premium plugin. -->","yoast_head_json":{"title":"De los creadores del 'ugly shoe', llega el bolso feo | Grazia","description":"Dos de las firmas m\u00e1s molonas del panorama coinciden en proponer un bolso feo y arrugado como \u00faltimo objeto de deseo. Y las 'it girls' ya se han apuntado.","robots":{"index":"index","follow":"follow","max-snippet":"max-snippet:-1","max-image-preview":"max-image-preview:large","max-video-preview":"max-video-preview:-1"},"canonical":"https:\/\/graziamagazine.com\/es\/articles\/de-los-creadores-del-ugly-shoe-llega-el-bolso-feo\/","og_locale":"es_ES","og_type":"article","og_title":"De los creadores del 'ugly shoe', llega el bolso feo","og_description":"Dos de las firmas m\u00e1s molonas del panorama coinciden en proponer un bolso arrugado como \u00faltimo objeto de deseo. Y las 'it girls' ya se han apuntado a ello.","og_url":"https:\/\/graziamagazine.com\/es\/articles\/de-los-creadores-del-ugly-shoe-llega-el-bolso-feo\/","og_site_name":"Grazia","article_modified_time":"2017-10-30T16:35:52+00:00","og_image":[{"width":785,"height":480,"url":"https:\/\/graziamagazine.com\/es\/wp-content\/uploads\/sites\/12\/2017\/03\/29165655\/01-bolso-feo.jpg?fit=785%2C480","type":"image\/jpeg"}],"twitter_card":"summary_large_image","twitter_title":"De los creadores del 'ugly shoe', llega el bolso feo","twitter_description":"Dos de las firmas m\u00e1s molonas del panorama coinciden en proponer un bolso arrugado como \u00faltimo objeto de deseo. Y las 'it girls' ya se han apuntado a ello.","twitter_image":"http:\/\/s3-eu-west-1.amazonaws.com\/grazia-cdn\/wp-content\/uploads\/sites\/12\/2017\/03\/29165655\/01-bolso-feo.jpg","twitter_misc":{"Est. reading time":"2 minutos"},"schema":{"@context":"https:\/\/schema.org","@graph":[{"@type":"WebPage","@id":"https:\/\/graziamagazine.com\/es\/articles\/de-los-creadores-del-ugly-shoe-llega-el-bolso-feo\/","url":"https:\/\/graziamagazine.com\/es\/articles\/de-los-creadores-del-ugly-shoe-llega-el-bolso-feo\/","name":"De los creadores del 'ugly shoe', llega el bolso feo | Grazia","isPartOf":{"@id":"https:\/\/graziamagazine.com\/es\/#website"},"datePublished":"2017-03-30T02:06:58+00:00","dateModified":"2017-10-30T16:35:52+00:00","description":"Dos de las firmas m\u00e1s molonas del panorama coinciden en proponer un bolso feo y arrugado como \u00faltimo objeto de deseo. Y las 'it girls' ya se han apuntado.","breadcrumb":{"@id":"https:\/\/graziamagazine.com\/es\/articles\/de-los-creadores-del-ugly-shoe-llega-el-bolso-feo\/#breadcrumb"},"inLanguage":"es","potentialAction":[{"@type":"ReadAction","target":["https:\/\/graziamagazine.com\/es\/articles\/de-los-creadores-del-ugly-shoe-llega-el-bolso-feo\/"]}]},{"@type":"BreadcrumbList","@id":"https:\/\/graziamagazine.com\/es\/articles\/de-los-creadores-del-ugly-shoe-llega-el-bolso-feo\/#breadcrumb","itemListElement":[{"@type":"ListItem","position":1,"name":"Portada","item":"https:\/\/graziamagazine.com\/es\/"},{"@type":"ListItem","position":2,"name":"De los creadores del &#8216;ugly shoe&#8217;, llega el bolso feo"}]},{"@type":"WebSite","@id":"https:\/\/graziamagazine.com\/es\/#website","url":"https:\/\/graziamagazine.com\/es\/","name":"Grazia","description":"Moda, belleza, celebrities, estilo de vida...","potentialAction":[{"@type":"SearchAction","target":{"@type":"EntryPoint","urlTemplate":"https:\/\/graziamagazine.com\/es\/?s={search_term_string}"},"query-input":"required name=search_term_string"}],"inLanguage":"es"}]}},"jetpack_sharing_enabled":true,"distributor_meta":false,"distributor_terms":false,"distributor_media":false,"distributor_original_site_name":"Grazia","distributor_original_site_url":"https:\/\/graziamagazine.com\/es","push-errors":false,"_links":{"self":[{"href":"https:\/\/graziamagazine.com\/es\/wp-json\/wp\/v2\/articles\/111714"}],"collection":[{"href":"https:\/\/graziamagazine.com\/es\/wp-json\/wp\/v2\/articles"}],"about":[{"href":"https:\/\/graziamagazine.com\/es\/wp-json\/wp\/v2\/types\/articles"}],"author":[{"embeddable":true,"href":"https:\/\/graziamagazine.com\/es\/wp-json\/wp\/v2\/users\/21500"}],"wp:attachment":[{"href":"https:\/\/graziamagazine.com\/es\/wp-json\/wp\/v2\/media?parent=111714"}],"wp:term":[{"taxonomy":"category","embeddable":true,"href":"https:\/\/graziamagazine.com\/es\/wp-json\/wp\/v2\/categories?post=111714"}],"curies":[{"name":"wp","href":"https:\/\/api.w.org\/{rel}","templated":true}]}}