{"id":111542,"date":"2017-03-13T13:41:49","date_gmt":"2017-03-13T12:41:49","guid":{"rendered":"https:\/\/graziamagazine.com\/es\/?p=111542"},"modified":"2017-03-13T13:41:49","modified_gmt":"2017-03-13T12:41:49","slug":"emilia-clarke-nueva-imagen-de-dolcegabbana","status":"publish","type":"articles","link":"https:\/\/graziamagazine.com\/es\/articles\/emilia-clarke-nueva-imagen-de-dolcegabbana\/","title":{"rendered":"Emilia Clarke, nueva imagen de Dolce&#038;Gabbana"},"content":{"rendered":"<p>Pas\u00f3 del anonimato a los plat\u00f3s de rodaje de una de las series m\u00e1s aclamadas de todos los tiempos (aka <em>Juego de Tronos).<\/em> Su personaje de Daenerys Targaryen la convirti\u00f3\u00a0en\u00a0Reina y\u00a0Madre de Dragones. Y, de ah\u00ed, su ascenso fue mete\u00f3rico: <a href=\"https:\/\/graziamagazine.com\/es\/etiqueta\/emilia-clarke\/\" target=\"_blank\">Emilia Clarke<\/a> ha sido desde entonces <strong>una de las mujeres m\u00e1s bellas y admiradas de las alfombras rojas y el fichaje m\u00e1s exquisito de <a href=\"https:\/\/graziamagazine.com\/es\/moda\/emilia-clarke-nueva-imagen-de-dior\/\" target=\"_blank\">algunas de las firmas de moda y belleza<\/a> m\u00e1s reconocidas del mundo.<\/strong><\/p>\n<figure id=\"attachment_111543\" aria-describedby=\"caption-attachment-111543\" style=\"width: 785px\" class=\"wp-caption aligncenter\"><img loading=\"lazy\" decoding=\"async\" class=\"size-full wp-image-111543\" src=\"https:\/\/graziamagazine.com\/es\/wp-content\/uploads\/sites\/12\/2017\/03\/emilia-0.jpg\" alt=\"\" width=\"785\" height=\"480\" srcset=\"https:\/\/graziamagazine.com\/es\/wp-content\/uploads\/sites\/12\/2017\/03\/emilia-0.jpg 785w, https:\/\/graziamagazine.com\/es\/wp-content\/uploads\/sites\/12\/2017\/03\/emilia-0-300x183.jpg 300w, https:\/\/graziamagazine.com\/es\/wp-content\/uploads\/sites\/12\/2017\/03\/emilia-0-768x470.jpg 768w, https:\/\/graziamagazine.com\/es\/wp-content\/uploads\/sites\/12\/2017\/03\/emilia-0-695x425.jpg 695w, https:\/\/graziamagazine.com\/es\/wp-content\/uploads\/sites\/12\/2017\/03\/emilia-0-720x440.jpg 720w, https:\/\/graziamagazine.com\/es\/wp-content\/uploads\/sites\/12\/2017\/03\/emilia-0-626x383.jpg 626w, https:\/\/graziamagazine.com\/es\/wp-content\/uploads\/sites\/12\/2017\/03\/emilia-0-360x220.jpg 360w\" sizes=\"(max-width: 785px) 100vw, 785px\" \/><figcaption id=\"caption-attachment-111543\" class=\"wp-caption-text\">\u00abSoy la poderosa Madre de Dragones\u00bb. \u00a9 Getty Images<\/figcaption><\/figure>\n<p>Su belleza natural y sus rasgos marcados y sensuales compactan a la perfecci\u00f3n con su expresividad y su frescura\u2026 as\u00ed que no pod\u00eda ser de otra manera: la actriz ser\u00e1 la <strong>nueva imagen de la l\u00ednea de fragancias <em>The One<\/em> de <a href=\"http:\/\/www.dolcegabbana.com\/\" target=\"_blank\" target=\"_blank\">Dolce&amp;Gabbana<\/a>,<\/strong> recogiendo el testigo de Scarlett Johansson.<\/p>\n<p>La campa\u00f1a, en la que encarnar\u00e1 la belleza italiana tan caracter\u00edstica de la casa, <strong>se lanzar\u00e1 en septiembre de este a\u00f1o<\/strong> y enamorar\u00e1 al mundo entero como ha enamorado a Domenico Dolce y Stefano Gabbana: \u201cEmilia encarna perfectamente a la mujer Dolce&amp;Gabbana. Es viva y radiante, alegre, espont\u00e1nea y llena de vida\u2026 \u00a1es The One!\u201d<\/p>\n<figure id=\"attachment_111544\" aria-describedby=\"caption-attachment-111544\" style=\"width: 575px\" class=\"wp-caption aligncenter\"><img loading=\"lazy\" decoding=\"async\" class=\"wp-image-111544\" src=\"https:\/\/graziamagazine.com\/es\/wp-content\/uploads\/sites\/12\/2017\/03\/emilia-1.jpg\" width=\"575\" height=\"823\" srcset=\"https:\/\/graziamagazine.com\/es\/wp-content\/uploads\/sites\/12\/2017\/03\/emilia-1.jpg 600w, https:\/\/graziamagazine.com\/es\/wp-content\/uploads\/sites\/12\/2017\/03\/emilia-1-210x300.jpg 210w, https:\/\/graziamagazine.com\/es\/wp-content\/uploads\/sites\/12\/2017\/03\/emilia-1-360x515.jpg 360w\" sizes=\"(max-width: 575px) 100vw, 575px\" \/><figcaption id=\"caption-attachment-111544\" class=\"wp-caption-text\">Un adelanto de la campa\u00f1a que ver\u00e1 la luz en septiembre. \u00a9 Cortes\u00eda de Dolce&amp;Gabbana \/ Sarah Dunn<\/figcaption><\/figure>\n<p><iframe loading=\"lazy\" style=\"border: none; overflow: hidden; height: 258px;\" src=\"\/\/www.facebook.com\/plugins\/likebox.php?href=https%3A%2F%2Fwww.facebook.com%2Fgraziaespana&amp;width&amp;height=258&amp;colorscheme=light&amp;show_faces=true&amp;header=false&amp;stream=false&amp;show_border=false&amp;appId=349017955267591\" width=\"300\" height=\"150\" frameborder=\"0\" scrolling=\"no\"><\/iframe><\/p>\n","protected":false},"author":15595,"featured_media":0,"template":"","format":"standard","categories":[8,7],"acf":[],"yoast_head":"<!-- This site is optimized with the Yoast SEO Premium plugin v18.5 (Yoast SEO v20.4) - https:\/\/yoast.com\/wordpress\/plugins\/seo\/ -->\n<title>Emilia Clarke, nueva imagen de Dolce&amp;Gabbana | Grazia<\/title>\n<meta name=\"description\" content=\"La carrera de Emilia Clarke va viento en popa: la \u00faltima (y m\u00e1s fehaciente) prueba es que ha conquistado a (tambi\u00e9n) a Dolce&amp;Gabbana.\" \/>\n<meta name=\"robots\" content=\"index, follow, max-snippet:-1, max-image-preview:large, max-video-preview:-1\" \/>\n<link rel=\"canonical\" href=\"https:\/\/graziamagazine.com\/es\/articles\/emilia-clarke-nueva-imagen-de-dolcegabbana\/\" \/>\n<meta property=\"og:locale\" content=\"es_ES\" \/>\n<meta property=\"og:type\" content=\"article\" \/>\n<meta property=\"og:title\" content=\"Emilia Clarke, imagen del nuevo perfume de Dolce&amp;Gabbana\" \/>\n<meta property=\"og:description\" content=\"La carrera de la actriz va viento en popa: la \u00faltima (y m\u00e1s fehaciente) prueba es que ha conquistado a la firma italiana. As\u00ed ser\u00e1 su nueva campa\u00f1a.\" \/>\n<meta property=\"og:url\" content=\"https:\/\/graziamagazine.com\/es\/articles\/emilia-clarke-nueva-imagen-de-dolcegabbana\/\" \/>\n<meta property=\"og:site_name\" content=\"Grazia\" \/>\n<meta property=\"og:image\" content=\"https:\/\/graziamagazine.com\/es\/wp-content\/uploads\/sites\/12\/2017\/03\/13132140\/emilia-0.jpg?fit=785%2C480\" \/>\n\t<meta property=\"og:image:width\" content=\"785\" \/>\n\t<meta property=\"og:image:height\" content=\"480\" \/>\n\t<meta property=\"og:image:type\" content=\"image\/jpeg\" \/>\n<meta name=\"twitter:card\" content=\"summary_large_image\" \/>\n<meta name=\"twitter:title\" content=\"Emilia Clarke, imagen del nuevo perfume de Dolce&amp;Gabbana\" \/>\n<meta name=\"twitter:description\" content=\"La carrera de la actriz va viento en popa: la \u00faltima (y m\u00e1s fehaciente) prueba es que ha conquistado a la firma italiana. As\u00ed ser\u00e1 su nueva campa\u00f1a.\" \/>\n<meta name=\"twitter:image\" content=\"http:\/\/s3-eu-west-1.amazonaws.com\/grazia-cdn\/wp-content\/uploads\/sites\/12\/2017\/03\/13132140\/emilia-0.jpg\" \/>\n<meta name=\"twitter:label1\" content=\"Est. reading time\" \/>\n\t<meta name=\"twitter:data1\" content=\"1 minuto\" \/>\n<script type=\"application\/ld+json\" class=\"yoast-schema-graph\">{\"@context\":\"https:\/\/schema.org\",\"@graph\":[{\"@type\":\"WebPage\",\"@id\":\"https:\/\/graziamagazine.com\/es\/articles\/emilia-clarke-nueva-imagen-de-dolcegabbana\/\",\"url\":\"https:\/\/graziamagazine.com\/es\/articles\/emilia-clarke-nueva-imagen-de-dolcegabbana\/\",\"name\":\"Emilia Clarke, nueva imagen de Dolce&Gabbana | Grazia\",\"isPartOf\":{\"@id\":\"https:\/\/graziamagazine.com\/es\/#website\"},\"datePublished\":\"2017-03-13T12:41:49+00:00\",\"dateModified\":\"2017-03-13T12:41:49+00:00\",\"description\":\"La carrera de Emilia Clarke va viento en popa: la \u00faltima (y m\u00e1s fehaciente) prueba es que ha conquistado a (tambi\u00e9n) a Dolce&Gabbana.\",\"breadcrumb\":{\"@id\":\"https:\/\/graziamagazine.com\/es\/articles\/emilia-clarke-nueva-imagen-de-dolcegabbana\/#breadcrumb\"},\"inLanguage\":\"es\",\"potentialAction\":[{\"@type\":\"ReadAction\",\"target\":[\"https:\/\/graziamagazine.com\/es\/articles\/emilia-clarke-nueva-imagen-de-dolcegabbana\/\"]}]},{\"@type\":\"BreadcrumbList\",\"@id\":\"https:\/\/graziamagazine.com\/es\/articles\/emilia-clarke-nueva-imagen-de-dolcegabbana\/#breadcrumb\",\"itemListElement\":[{\"@type\":\"ListItem\",\"position\":1,\"name\":\"Portada\",\"item\":\"https:\/\/graziamagazine.com\/es\/\"},{\"@type\":\"ListItem\",\"position\":2,\"name\":\"Emilia Clarke, nueva imagen de Dolce&#038;Gabbana\"}]},{\"@type\":\"WebSite\",\"@id\":\"https:\/\/graziamagazine.com\/es\/#website\",\"url\":\"https:\/\/graziamagazine.com\/es\/\",\"name\":\"Grazia\",\"description\":\"Moda, belleza, celebrities, estilo de vida...\",\"potentialAction\":[{\"@type\":\"SearchAction\",\"target\":{\"@type\":\"EntryPoint\",\"urlTemplate\":\"https:\/\/graziamagazine.com\/es\/?s={search_term_string}\"},\"query-input\":\"required name=search_term_string\"}],\"inLanguage\":\"es\"}]}<\/script>\n<!-- \/ Yoast SEO Premium plugin. -->","yoast_head_json":{"title":"Emilia Clarke, nueva imagen de Dolce&Gabbana | Grazia","description":"La carrera de Emilia Clarke va viento en popa: la \u00faltima (y m\u00e1s fehaciente) prueba es que ha conquistado a (tambi\u00e9n) a Dolce&Gabbana.","robots":{"index":"index","follow":"follow","max-snippet":"max-snippet:-1","max-image-preview":"max-image-preview:large","max-video-preview":"max-video-preview:-1"},"canonical":"https:\/\/graziamagazine.com\/es\/articles\/emilia-clarke-nueva-imagen-de-dolcegabbana\/","og_locale":"es_ES","og_type":"article","og_title":"Emilia Clarke, imagen del nuevo perfume de Dolce&Gabbana","og_description":"La carrera de la actriz va viento en popa: la \u00faltima (y m\u00e1s fehaciente) prueba es que ha conquistado a la firma italiana. As\u00ed ser\u00e1 su nueva campa\u00f1a.","og_url":"https:\/\/graziamagazine.com\/es\/articles\/emilia-clarke-nueva-imagen-de-dolcegabbana\/","og_site_name":"Grazia","og_image":[{"width":785,"height":480,"url":"https:\/\/graziamagazine.com\/es\/wp-content\/uploads\/sites\/12\/2017\/03\/13132140\/emilia-0.jpg?fit=785%2C480","type":"image\/jpeg"}],"twitter_card":"summary_large_image","twitter_title":"Emilia Clarke, imagen del nuevo perfume de Dolce&Gabbana","twitter_description":"La carrera de la actriz va viento en popa: la \u00faltima (y m\u00e1s fehaciente) prueba es que ha conquistado a la firma italiana. As\u00ed ser\u00e1 su nueva campa\u00f1a.","twitter_image":"http:\/\/s3-eu-west-1.amazonaws.com\/grazia-cdn\/wp-content\/uploads\/sites\/12\/2017\/03\/13132140\/emilia-0.jpg","twitter_misc":{"Est. reading time":"1 minuto"},"schema":{"@context":"https:\/\/schema.org","@graph":[{"@type":"WebPage","@id":"https:\/\/graziamagazine.com\/es\/articles\/emilia-clarke-nueva-imagen-de-dolcegabbana\/","url":"https:\/\/graziamagazine.com\/es\/articles\/emilia-clarke-nueva-imagen-de-dolcegabbana\/","name":"Emilia Clarke, nueva imagen de Dolce&Gabbana | Grazia","isPartOf":{"@id":"https:\/\/graziamagazine.com\/es\/#website"},"datePublished":"2017-03-13T12:41:49+00:00","dateModified":"2017-03-13T12:41:49+00:00","description":"La carrera de Emilia Clarke va viento en popa: la \u00faltima (y m\u00e1s fehaciente) prueba es que ha conquistado a (tambi\u00e9n) a Dolce&Gabbana.","breadcrumb":{"@id":"https:\/\/graziamagazine.com\/es\/articles\/emilia-clarke-nueva-imagen-de-dolcegabbana\/#breadcrumb"},"inLanguage":"es","potentialAction":[{"@type":"ReadAction","target":["https:\/\/graziamagazine.com\/es\/articles\/emilia-clarke-nueva-imagen-de-dolcegabbana\/"]}]},{"@type":"BreadcrumbList","@id":"https:\/\/graziamagazine.com\/es\/articles\/emilia-clarke-nueva-imagen-de-dolcegabbana\/#breadcrumb","itemListElement":[{"@type":"ListItem","position":1,"name":"Portada","item":"https:\/\/graziamagazine.com\/es\/"},{"@type":"ListItem","position":2,"name":"Emilia Clarke, nueva imagen de Dolce&#038;Gabbana"}]},{"@type":"WebSite","@id":"https:\/\/graziamagazine.com\/es\/#website","url":"https:\/\/graziamagazine.com\/es\/","name":"Grazia","description":"Moda, belleza, celebrities, estilo de vida...","potentialAction":[{"@type":"SearchAction","target":{"@type":"EntryPoint","urlTemplate":"https:\/\/graziamagazine.com\/es\/?s={search_term_string}"},"query-input":"required name=search_term_string"}],"inLanguage":"es"}]}},"jetpack_sharing_enabled":true,"distributor_meta":false,"distributor_terms":false,"distributor_media":false,"distributor_original_site_name":"Grazia","distributor_original_site_url":"https:\/\/graziamagazine.com\/es","push-errors":false,"_links":{"self":[{"href":"https:\/\/graziamagazine.com\/es\/wp-json\/wp\/v2\/articles\/111542"}],"collection":[{"href":"https:\/\/graziamagazine.com\/es\/wp-json\/wp\/v2\/articles"}],"about":[{"href":"https:\/\/graziamagazine.com\/es\/wp-json\/wp\/v2\/types\/articles"}],"author":[{"embeddable":true,"href":"https:\/\/graziamagazine.com\/es\/wp-json\/wp\/v2\/users\/15595"}],"wp:attachment":[{"href":"https:\/\/graziamagazine.com\/es\/wp-json\/wp\/v2\/media?parent=111542"}],"wp:term":[{"taxonomy":"category","embeddable":true,"href":"https:\/\/graziamagazine.com\/es\/wp-json\/wp\/v2\/categories?post=111542"}],"curies":[{"name":"wp","href":"https:\/\/api.w.org\/{rel}","templated":true}]}}