{"id":110681,"date":"2017-03-07T12:56:01","date_gmt":"2017-03-07T11:56:01","guid":{"rendered":"https:\/\/graziamagazine.com\/es\/?p=110681"},"modified":"2017-03-07T12:56:02","modified_gmt":"2017-03-07T11:56:02","slug":"bolso-favorito-kate-bosworth-espanol-benedetta-delpozo","status":"publish","type":"articles","link":"https:\/\/graziamagazine.com\/es\/articles\/bolso-favorito-kate-bosworth-espanol-benedetta-delpozo\/","title":{"rendered":"El bolso favorito de Kate Bosworth es espa\u00f1ol"},"content":{"rendered":"<p>Es de piel, lo hay en m\u00e1s de una decena de colores y est\u00e1 lleno de detalles. Se trata del bolso <em><strong>Benedetta<\/strong><\/em> -una creaci\u00f3n de Josep Font para una de las <a href=\"https:\/\/graziamagazine.com\/es\/otono-invierno-2016-17-pret-a-porter\/delpozo-pap-otono-invierno-201617\/\" target=\"_blank\">\u00faltimas colecciones<\/a> de <a href=\"https:\/\/www.delpozo.com\/es\/\" target=\"_blank\" target=\"_blank\">Delpozo<\/a>&#8211; que acaba de ser lanzado al estrellato gracias a las \u00faltimas apariciones de <strong><a href=\"https:\/\/graziamagazine.com\/es\/etiqueta\/kate-bosworth\/\" target=\"_blank\">Kate Bosworth<\/a><\/strong>. La actriz lo ha elegido como <strong>su fiel aliado esta temporada<\/strong> y lo ha lucido con sus looks de street style m\u00e1s sofisticados. El suyo es de color camel y lo adorna una de las <a href=\"https:\/\/graziamagazine.com\/es\/galeria-desfiles\/delpozo-pap-otono-invierno-201617-2\/#img6\" target=\"_blank\">flores<\/a> que ya nos enamoraron sobre la pasarela y que se fusiona a la perfecci\u00f3n con el estilo buc\u00f3lico del bolso.<\/p>\n<figure id=\"attachment_110683\" aria-describedby=\"caption-attachment-110683\" style=\"width: 785px\" class=\"wp-caption aligncenter\"><img loading=\"lazy\" decoding=\"async\" class=\"Bolso Benedetta Delpozo wp-image-110683 size-full\" title=\"Bolso Benedetta Delpozo\" src=\"https:\/\/graziamagazine.com\/es\/wp-content\/uploads\/sites\/12\/2017\/03\/bosworth-1.jpg\" width=\"785\" height=\"480\" srcset=\"https:\/\/graziamagazine.com\/es\/wp-content\/uploads\/sites\/12\/2017\/03\/bosworth-1.jpg 785w, https:\/\/graziamagazine.com\/es\/wp-content\/uploads\/sites\/12\/2017\/03\/bosworth-1-300x183.jpg 300w, https:\/\/graziamagazine.com\/es\/wp-content\/uploads\/sites\/12\/2017\/03\/bosworth-1-768x470.jpg 768w, https:\/\/graziamagazine.com\/es\/wp-content\/uploads\/sites\/12\/2017\/03\/bosworth-1-695x425.jpg 695w, https:\/\/graziamagazine.com\/es\/wp-content\/uploads\/sites\/12\/2017\/03\/bosworth-1-720x440.jpg 720w, https:\/\/graziamagazine.com\/es\/wp-content\/uploads\/sites\/12\/2017\/03\/bosworth-1-626x383.jpg 626w, https:\/\/graziamagazine.com\/es\/wp-content\/uploads\/sites\/12\/2017\/03\/bosworth-1-360x220.jpg 360w\" sizes=\"(max-width: 785px) 100vw, 785px\" \/><figcaption id=\"caption-attachment-110683\" class=\"wp-caption-text\">Kate Bosworth con su &#8216;Benedetta&#8217; por las calles de Los \u00c1ngeles. \u00a9\u00a0Getty Images<\/figcaption><\/figure>\n<p>La pieza condensa todas las influencias de la firma: desde sus <strong>tonos y accesorios inspirados en la naturaleza<\/strong>, hasta su <strong>estructura y vol\u00famenes provenientes de las obras arquitect\u00f3nicas m\u00e1s sugerentes<\/strong>. Pero, adem\u00e1s de todo lo que se aprecia a simple vista, el <em>Benedetta<\/em> est\u00e1 lleno de detalles que lo han convertido en una pieza \u00fanica y que, como a Kate Bosworth, te conquistar\u00e1n:<\/p>\n<figure id=\"attachment_110774\" aria-describedby=\"caption-attachment-110774\" style=\"width: 785px\" class=\"wp-caption aligncenter\"><img loading=\"lazy\" decoding=\"async\" class=\"size-full wp-image-110774\" src=\"https:\/\/graziamagazine.com\/es\/wp-content\/uploads\/sites\/12\/2017\/03\/bendetta-1.jpg\" alt=\"\" width=\"785\" height=\"480\" srcset=\"https:\/\/graziamagazine.com\/es\/wp-content\/uploads\/sites\/12\/2017\/03\/bendetta-1.jpg 785w, https:\/\/graziamagazine.com\/es\/wp-content\/uploads\/sites\/12\/2017\/03\/bendetta-1-300x183.jpg 300w, https:\/\/graziamagazine.com\/es\/wp-content\/uploads\/sites\/12\/2017\/03\/bendetta-1-768x470.jpg 768w, https:\/\/graziamagazine.com\/es\/wp-content\/uploads\/sites\/12\/2017\/03\/bendetta-1-695x425.jpg 695w, https:\/\/graziamagazine.com\/es\/wp-content\/uploads\/sites\/12\/2017\/03\/bendetta-1-720x440.jpg 720w, https:\/\/graziamagazine.com\/es\/wp-content\/uploads\/sites\/12\/2017\/03\/bendetta-1-626x383.jpg 626w, https:\/\/graziamagazine.com\/es\/wp-content\/uploads\/sites\/12\/2017\/03\/bendetta-1-360x220.jpg 360w\" sizes=\"(max-width: 785px) 100vw, 785px\" \/><figcaption id=\"caption-attachment-110774\" class=\"wp-caption-text\">El bolso Benedetta en camel y negro. @ Delpozo<\/figcaption><\/figure>\n<ol>\n<li>Como si de una de sus prendas de <em>pr\u00eat-\u00e0-porter<\/em> se tratara, est\u00e1 fabricado con <strong>tan solo 3 paneles de cuero<\/strong>: evitando cortes y costuras que puedan nublar la calidad de sus materiales.<\/li>\n<\/ol>\n<ol start=\"2\">\n<li>Sus detalles y accesorios (como los tiradores de las cremalleras) <strong>imitan la forma de un p\u00e9talo de flor<\/strong>.<\/li>\n<\/ol>\n<ol start=\"3\">\n<li>Todos y cada uno de sus remaches est\u00e1n <strong>ba\u00f1ados en oro<\/strong> y tienen, tambi\u00e9n, forma floral.<\/li>\n<\/ol>\n<ol start=\"4\">\n<li>Su interior (y tambi\u00e9n el de cada bolsillo) est\u00e1 <strong>forrado en napa<\/strong> y mantiene las formas delicadas del exterior.<\/li>\n<\/ol>\n<ol start=\"5\">\n<li>Su acabado ha sido <strong>realizado a mano por un artesano<\/strong> para lograr la precisi\u00f3n y el detalle a los que ninguna m\u00e1quina puede llegar.<\/li>\n<\/ol>\n<figure id=\"attachment_110682\" aria-describedby=\"caption-attachment-110682\" style=\"width: 785px\" class=\"wp-caption aligncenter\"><img loading=\"lazy\" decoding=\"async\" class=\"wp-image-110682 size-full\" src=\"https:\/\/graziamagazine.com\/es\/wp-content\/uploads\/sites\/12\/2017\/03\/delpozo1.jpg\" width=\"785\" height=\"480\" srcset=\"https:\/\/graziamagazine.com\/es\/wp-content\/uploads\/sites\/12\/2017\/03\/delpozo1.jpg 785w, https:\/\/graziamagazine.com\/es\/wp-content\/uploads\/sites\/12\/2017\/03\/delpozo1-300x183.jpg 300w, https:\/\/graziamagazine.com\/es\/wp-content\/uploads\/sites\/12\/2017\/03\/delpozo1-768x470.jpg 768w, https:\/\/graziamagazine.com\/es\/wp-content\/uploads\/sites\/12\/2017\/03\/delpozo1-695x425.jpg 695w, https:\/\/graziamagazine.com\/es\/wp-content\/uploads\/sites\/12\/2017\/03\/delpozo1-720x440.jpg 720w, https:\/\/graziamagazine.com\/es\/wp-content\/uploads\/sites\/12\/2017\/03\/delpozo1-626x383.jpg 626w, https:\/\/graziamagazine.com\/es\/wp-content\/uploads\/sites\/12\/2017\/03\/delpozo1-360x220.jpg 360w\" sizes=\"(max-width: 785px) 100vw, 785px\" \/><figcaption id=\"caption-attachment-110682\" class=\"wp-caption-text\">As\u00ed son los bocetos e inspiraciones de Josep Font. \u00a9 Cortes\u00eda de Delpozo<\/figcaption><\/figure>\n<p><iframe loading=\"lazy\" style=\"border: none; overflow: hidden; height: 258px;\" src=\"\/\/www.facebook.com\/plugins\/likebox.php?href=https%3A%2F%2Fwww.facebook.com%2Fgraziaespana&amp;width&amp;height=258&amp;colorscheme=light&amp;show_faces=true&amp;header=false&amp;stream=false&amp;show_border=false&amp;appId=349017955267591\" width=\"300\" height=\"150\" frameborder=\"0\" scrolling=\"no\"><\/iframe><\/p>\n","protected":false},"author":15595,"featured_media":0,"template":"","format":"standard","categories":[3,1],"acf":[],"yoast_head":"<!-- This site is optimized with the Yoast SEO Premium plugin v18.5 (Yoast SEO v20.4) - https:\/\/yoast.com\/wordpress\/plugins\/seo\/ -->\n<title>El bolso favorito de Kate Bosworth es espa\u00f1ol | Grazia<\/title>\n<meta name=\"description\" content=\"La actriz lo lleva de d\u00eda y de noche. Se llama Benedetta, lo firma Delpozo y existen cinco razones por las que tambi\u00e9n va a ser el tuyo.\" \/>\n<meta name=\"robots\" content=\"index, follow, max-snippet:-1, max-image-preview:large, max-video-preview:-1\" \/>\n<link rel=\"canonical\" href=\"https:\/\/graziamagazine.com\/es\/articles\/bolso-favorito-kate-bosworth-espanol-benedetta-delpozo\/\" \/>\n<meta property=\"og:locale\" content=\"es_ES\" \/>\n<meta property=\"og:type\" content=\"article\" \/>\n<meta property=\"og:title\" content=\"El bolso favorito de Kate Bosworth es espa\u00f1ol\" \/>\n<meta property=\"og:description\" content=\"Y hay 5 razones por las que tambi\u00e9n va a ser el tuyo.\" \/>\n<meta property=\"og:url\" content=\"https:\/\/graziamagazine.com\/es\/articles\/bolso-favorito-kate-bosworth-espanol-benedetta-delpozo\/\" \/>\n<meta property=\"og:site_name\" content=\"Grazia\" \/>\n<meta property=\"article:modified_time\" content=\"2017-03-07T11:56:02+00:00\" \/>\n<meta property=\"og:image\" content=\"https:\/\/graziamagazine.com\/es\/wp-content\/uploads\/sites\/12\/2017\/03\/07104350\/bosworth-1.jpg?fit=785%2C480\" \/>\n\t<meta property=\"og:image:width\" content=\"785\" \/>\n\t<meta property=\"og:image:height\" content=\"480\" \/>\n\t<meta property=\"og:image:type\" content=\"image\/jpeg\" \/>\n<meta name=\"twitter:card\" content=\"summary_large_image\" \/>\n<meta name=\"twitter:title\" content=\"El bolso favorito de Kate Bosworth es espa\u00f1ol\" \/>\n<meta name=\"twitter:description\" content=\"Y hay 5 razones por las que tambi\u00e9n va a ser el tuyo.\" \/>\n<meta name=\"twitter:image\" content=\"http:\/\/s3-eu-west-1.amazonaws.com\/grazia-cdn\/wp-content\/uploads\/sites\/12\/2017\/03\/07104350\/bosworth-1.jpg\" \/>\n<meta name=\"twitter:label1\" content=\"Est. reading time\" \/>\n\t<meta name=\"twitter:data1\" content=\"2 minutos\" \/>\n<script type=\"application\/ld+json\" class=\"yoast-schema-graph\">{\"@context\":\"https:\/\/schema.org\",\"@graph\":[{\"@type\":\"WebPage\",\"@id\":\"https:\/\/graziamagazine.com\/es\/articles\/bolso-favorito-kate-bosworth-espanol-benedetta-delpozo\/\",\"url\":\"https:\/\/graziamagazine.com\/es\/articles\/bolso-favorito-kate-bosworth-espanol-benedetta-delpozo\/\",\"name\":\"El bolso favorito de Kate Bosworth es espa\u00f1ol | Grazia\",\"isPartOf\":{\"@id\":\"https:\/\/graziamagazine.com\/es\/#website\"},\"datePublished\":\"2017-03-07T11:56:01+00:00\",\"dateModified\":\"2017-03-07T11:56:02+00:00\",\"description\":\"La actriz lo lleva de d\u00eda y de noche. Se llama Benedetta, lo firma Delpozo y existen cinco razones por las que tambi\u00e9n va a ser el tuyo.\",\"breadcrumb\":{\"@id\":\"https:\/\/graziamagazine.com\/es\/articles\/bolso-favorito-kate-bosworth-espanol-benedetta-delpozo\/#breadcrumb\"},\"inLanguage\":\"es\",\"potentialAction\":[{\"@type\":\"ReadAction\",\"target\":[\"https:\/\/graziamagazine.com\/es\/articles\/bolso-favorito-kate-bosworth-espanol-benedetta-delpozo\/\"]}]},{\"@type\":\"BreadcrumbList\",\"@id\":\"https:\/\/graziamagazine.com\/es\/articles\/bolso-favorito-kate-bosworth-espanol-benedetta-delpozo\/#breadcrumb\",\"itemListElement\":[{\"@type\":\"ListItem\",\"position\":1,\"name\":\"Portada\",\"item\":\"https:\/\/graziamagazine.com\/es\/\"},{\"@type\":\"ListItem\",\"position\":2,\"name\":\"El bolso favorito de Kate Bosworth es espa\u00f1ol\"}]},{\"@type\":\"WebSite\",\"@id\":\"https:\/\/graziamagazine.com\/es\/#website\",\"url\":\"https:\/\/graziamagazine.com\/es\/\",\"name\":\"Grazia\",\"description\":\"Moda, belleza, celebrities, estilo de vida...\",\"potentialAction\":[{\"@type\":\"SearchAction\",\"target\":{\"@type\":\"EntryPoint\",\"urlTemplate\":\"https:\/\/graziamagazine.com\/es\/?s={search_term_string}\"},\"query-input\":\"required name=search_term_string\"}],\"inLanguage\":\"es\"}]}<\/script>\n<!-- \/ Yoast SEO Premium plugin. -->","yoast_head_json":{"title":"El bolso favorito de Kate Bosworth es espa\u00f1ol | Grazia","description":"La actriz lo lleva de d\u00eda y de noche. Se llama Benedetta, lo firma Delpozo y existen cinco razones por las que tambi\u00e9n va a ser el tuyo.","robots":{"index":"index","follow":"follow","max-snippet":"max-snippet:-1","max-image-preview":"max-image-preview:large","max-video-preview":"max-video-preview:-1"},"canonical":"https:\/\/graziamagazine.com\/es\/articles\/bolso-favorito-kate-bosworth-espanol-benedetta-delpozo\/","og_locale":"es_ES","og_type":"article","og_title":"El bolso favorito de Kate Bosworth es espa\u00f1ol","og_description":"Y hay 5 razones por las que tambi\u00e9n va a ser el tuyo.","og_url":"https:\/\/graziamagazine.com\/es\/articles\/bolso-favorito-kate-bosworth-espanol-benedetta-delpozo\/","og_site_name":"Grazia","article_modified_time":"2017-03-07T11:56:02+00:00","og_image":[{"width":785,"height":480,"url":"https:\/\/graziamagazine.com\/es\/wp-content\/uploads\/sites\/12\/2017\/03\/07104350\/bosworth-1.jpg?fit=785%2C480","type":"image\/jpeg"}],"twitter_card":"summary_large_image","twitter_title":"El bolso favorito de Kate Bosworth es espa\u00f1ol","twitter_description":"Y hay 5 razones por las que tambi\u00e9n va a ser el tuyo.","twitter_image":"http:\/\/s3-eu-west-1.amazonaws.com\/grazia-cdn\/wp-content\/uploads\/sites\/12\/2017\/03\/07104350\/bosworth-1.jpg","twitter_misc":{"Est. reading time":"2 minutos"},"schema":{"@context":"https:\/\/schema.org","@graph":[{"@type":"WebPage","@id":"https:\/\/graziamagazine.com\/es\/articles\/bolso-favorito-kate-bosworth-espanol-benedetta-delpozo\/","url":"https:\/\/graziamagazine.com\/es\/articles\/bolso-favorito-kate-bosworth-espanol-benedetta-delpozo\/","name":"El bolso favorito de Kate Bosworth es espa\u00f1ol | Grazia","isPartOf":{"@id":"https:\/\/graziamagazine.com\/es\/#website"},"datePublished":"2017-03-07T11:56:01+00:00","dateModified":"2017-03-07T11:56:02+00:00","description":"La actriz lo lleva de d\u00eda y de noche. Se llama Benedetta, lo firma Delpozo y existen cinco razones por las que tambi\u00e9n va a ser el tuyo.","breadcrumb":{"@id":"https:\/\/graziamagazine.com\/es\/articles\/bolso-favorito-kate-bosworth-espanol-benedetta-delpozo\/#breadcrumb"},"inLanguage":"es","potentialAction":[{"@type":"ReadAction","target":["https:\/\/graziamagazine.com\/es\/articles\/bolso-favorito-kate-bosworth-espanol-benedetta-delpozo\/"]}]},{"@type":"BreadcrumbList","@id":"https:\/\/graziamagazine.com\/es\/articles\/bolso-favorito-kate-bosworth-espanol-benedetta-delpozo\/#breadcrumb","itemListElement":[{"@type":"ListItem","position":1,"name":"Portada","item":"https:\/\/graziamagazine.com\/es\/"},{"@type":"ListItem","position":2,"name":"El bolso favorito de Kate Bosworth es espa\u00f1ol"}]},{"@type":"WebSite","@id":"https:\/\/graziamagazine.com\/es\/#website","url":"https:\/\/graziamagazine.com\/es\/","name":"Grazia","description":"Moda, belleza, celebrities, estilo de vida...","potentialAction":[{"@type":"SearchAction","target":{"@type":"EntryPoint","urlTemplate":"https:\/\/graziamagazine.com\/es\/?s={search_term_string}"},"query-input":"required name=search_term_string"}],"inLanguage":"es"}]}},"jetpack_sharing_enabled":true,"distributor_meta":false,"distributor_terms":false,"distributor_media":false,"distributor_original_site_name":"Grazia","distributor_original_site_url":"https:\/\/graziamagazine.com\/es","push-errors":false,"_links":{"self":[{"href":"https:\/\/graziamagazine.com\/es\/wp-json\/wp\/v2\/articles\/110681"}],"collection":[{"href":"https:\/\/graziamagazine.com\/es\/wp-json\/wp\/v2\/articles"}],"about":[{"href":"https:\/\/graziamagazine.com\/es\/wp-json\/wp\/v2\/types\/articles"}],"author":[{"embeddable":true,"href":"https:\/\/graziamagazine.com\/es\/wp-json\/wp\/v2\/users\/15595"}],"wp:attachment":[{"href":"https:\/\/graziamagazine.com\/es\/wp-json\/wp\/v2\/media?parent=110681"}],"wp:term":[{"taxonomy":"category","embeddable":true,"href":"https:\/\/graziamagazine.com\/es\/wp-json\/wp\/v2\/categories?post=110681"}],"curies":[{"name":"wp","href":"https:\/\/api.w.org\/{rel}","templated":true}]}}