{"id":106421,"date":"2017-02-22T00:41:23","date_gmt":"2017-02-21T23:41:23","guid":{"rendered":"https:\/\/graziamagazine.com\/es\/?p=106421"},"modified":"2017-02-22T00:41:24","modified_gmt":"2017-02-21T23:41:24","slug":"es-la-pasarela-ego-un-verdadero-relevo-generacional","status":"publish","type":"articles","link":"https:\/\/graziamagazine.com\/es\/articles\/es-la-pasarela-ego-un-verdadero-relevo-generacional\/","title":{"rendered":"\u00bfEs la pasarela Ego un verdadero relevo generacional?"},"content":{"rendered":"<p>Abr\u00eda la pasarela antes que de costumbre. Los desfiles de ayer -\u00faltimo d\u00eda de la semana de la moda madrile\u00f1a- fueron m\u00e1s. En n\u00famero y en apostarlo todo: <strong>11 firmas se encargaban de mostrar el resultado de una de sus primeras aventuras con el mundo de la moda.<\/strong><\/p>\n<p>\u201cLa pasarela Samsung EGO se relaciona con el p\u00fablico <em>millennial<\/em> al que la marca apuesta por acercarse, tanto a trav\u00e9s de la moda como de muchas otras maneras como compa\u00f1\u00eda\u201d, asegura Luis de la Pe\u00f1a, Director de Marketing de la divisi\u00f3n IM de Samsung Espa\u00f1a, la firma que lleva 11 a\u00f1os patrocinando a la moda joven, al dise\u00f1o que viene.<\/p>\n<p><strong>En su pasarela comenzaron algunos nombres tan exitosos como Mar\u00eda Escot\u00e9, Juan Vidal, Mois\u00e9s Nieto o Mar\u00eda Ke Fisherman<\/strong> (<span style=\"text-decoration: line-through;\">nada m\u00e1s que a\u00f1adir<\/span>): \u201cSe apuesta por proyectos que entiendan los nuevos valores del dise\u00f1o, que entiendan la moda como un equilibrio entre creatividad, innovaci\u00f3n, t\u00e9cnica y funcionalidad\u201d, explican desde la organizaci\u00f3n.<\/p>\n<p>Ayer, en Ifema, Madrid tuvo una nueva cita con la moda m\u00e1s joven, pero tambi\u00e9n la m\u00e1s apasionada. Tras cuatro jornadas &#8216;oficiales&#8217; en las que falt\u00f3 garra y fervor, los talentos emergentes nos dejan con un muy buen sabor de boca y una certeza: s\u00ed, hay relevo generacional.<\/p>\n<p>Esto es lo que se vio en Samsung EGO Oto\u00f1o-Invierno 2017\/18:<\/p>\n<figure id=\"attachment_106422\" aria-describedby=\"caption-attachment-106422\" style=\"width: 785px\" class=\"wp-caption aligncenter\"><img loading=\"lazy\" decoding=\"async\" class=\"size-full wp-image-106422\" src=\"https:\/\/graziamagazine.com\/es\/wp-content\/uploads\/sites\/12\/2017\/02\/01-relevo-en-el-ego.jpg\" alt=\"\" width=\"785\" height=\"480\" srcset=\"https:\/\/graziamagazine.com\/es\/wp-content\/uploads\/sites\/12\/2017\/02\/01-relevo-en-el-ego.jpg 785w, https:\/\/graziamagazine.com\/es\/wp-content\/uploads\/sites\/12\/2017\/02\/01-relevo-en-el-ego-300x183.jpg 300w, https:\/\/graziamagazine.com\/es\/wp-content\/uploads\/sites\/12\/2017\/02\/01-relevo-en-el-ego-768x470.jpg 768w, https:\/\/graziamagazine.com\/es\/wp-content\/uploads\/sites\/12\/2017\/02\/01-relevo-en-el-ego-695x425.jpg 695w, https:\/\/graziamagazine.com\/es\/wp-content\/uploads\/sites\/12\/2017\/02\/01-relevo-en-el-ego-720x440.jpg 720w, https:\/\/graziamagazine.com\/es\/wp-content\/uploads\/sites\/12\/2017\/02\/01-relevo-en-el-ego-626x383.jpg 626w, https:\/\/graziamagazine.com\/es\/wp-content\/uploads\/sites\/12\/2017\/02\/01-relevo-en-el-ego-360x220.jpg 360w\" sizes=\"(max-width: 785px) 100vw, 785px\" \/><figcaption id=\"caption-attachment-106422\" class=\"wp-caption-text\">Las propuestas del Ego (como estas, de Mar\u00eda Magdalena) han dejado un buen sabor de boca: s\u00ed hay relevo generacional. \u00a9 Getty Images<\/figcaption><\/figure>\n<p>El pistoletazo de salida lo daba <strong>Wellness,<\/strong> la firma ganadora de la 7\u00aa edici\u00f3n de <em>SAMSUNG EGO Innovation Project.<\/em> Manuel Mourentan (su dise\u00f1ador) presentaba <em>HiperAsia, <\/em>una colecci\u00f3n de 10 looks urbanos que incorporan chips en sus prendas para unir a la moda m\u00fasica y la tecnolog\u00eda. El <em>front row<\/em>, el m\u00e1s camale\u00f3nico y animado de toda la semana, era ya un fiel adelanto de lo que iba a ocurrir sobre la pasarela: actuaci\u00f3n musical en directo, presentaci\u00f3n de un universo absolutamente digital y lanzamiento de una propuesta conceptual y ecl\u00e9ctica que concibe la ropa como sujeto sin g\u00e9nero, como una fusi\u00f3n entre dise\u00f1o y tecnolog\u00eda y como un canto a la ausencia de normas.<\/p>\n<figure id=\"attachment_106428\" aria-describedby=\"caption-attachment-106428\" style=\"width: 600px\" class=\"wp-caption aligncenter\"><img loading=\"lazy\" decoding=\"async\" class=\"size-full wp-image-106428\" src=\"https:\/\/graziamagazine.com\/es\/wp-content\/uploads\/sites\/12\/2017\/02\/PF17_SamsungEgo_016.jpg\" alt=\"\" width=\"600\" height=\"900\" srcset=\"https:\/\/graziamagazine.com\/es\/wp-content\/uploads\/sites\/12\/2017\/02\/PF17_SamsungEgo_016.jpg 600w, https:\/\/graziamagazine.com\/es\/wp-content\/uploads\/sites\/12\/2017\/02\/PF17_SamsungEgo_016-200x300.jpg 200w, https:\/\/graziamagazine.com\/es\/wp-content\/uploads\/sites\/12\/2017\/02\/PF17_SamsungEgo_016-151x227.jpg 151w, https:\/\/graziamagazine.com\/es\/wp-content\/uploads\/sites\/12\/2017\/02\/PF17_SamsungEgo_016-157x236.jpg 157w, https:\/\/graziamagazine.com\/es\/wp-content\/uploads\/sites\/12\/2017\/02\/PF17_SamsungEgo_016-360x540.jpg 360w, https:\/\/graziamagazine.com\/es\/wp-content\/uploads\/sites\/12\/2017\/02\/PF17_SamsungEgo_016-298x448.jpg 298w, https:\/\/graziamagazine.com\/es\/wp-content\/uploads\/sites\/12\/2017\/02\/PF17_SamsungEgo_016-128x192.jpg 128w, https:\/\/graziamagazine.com\/es\/wp-content\/uploads\/sites\/12\/2017\/02\/PF17_SamsungEgo_016-364x546.jpg 364w, https:\/\/graziamagazine.com\/es\/wp-content\/uploads\/sites\/12\/2017\/02\/PF17_SamsungEgo_016-220x330.jpg 220w\" sizes=\"(max-width: 600px) 100vw, 600px\" \/><figcaption id=\"caption-attachment-106428\" class=\"wp-caption-text\">&#8216;HiperAsia&#8217;, la colecci\u00f3n ganadora del SAMSUNG EGO Innovation Project, era un canto a la ausencia de normas. \u00a9 Images.net<\/figcaption><\/figure>\n<p>Poco despu\u00e9s, las reglas y las siluetas cl\u00e1sicas volv\u00edan a la pasarela de la mano de <strong>Existence Research Program,<\/strong> un equipo de ingenieros y creativos que trabaja desde 2015 en el dise\u00f1o de unidades de movilidad extravehicular e indumentaria espacial para una hipot\u00e9tica misi\u00f3n tripulada. De su proyecto y su filosof\u00eda el trabajo deriv\u00f3 en una primera colecci\u00f3n para pasarela: <em>Europa<\/em>. Costura de los 50 y los 60 reinterpretada con acabados deportivos, tejidos nobles y colores neutros. El broche de oro de su desfile fue la participaci\u00f3n de dos atletas paral\u00edmpicos para simbolizar (<del>de<\/del> <span style=\"text-decoration: line-through;\">mejor manera imposible<\/span>) el esp\u00edritu de la firma: mejorar y superar cada d\u00eda su mejor marca.<\/p>\n<figure id=\"attachment_106430\" aria-describedby=\"caption-attachment-106430\" style=\"width: 600px\" class=\"wp-caption aligncenter\"><img loading=\"lazy\" decoding=\"async\" class=\"size-full wp-image-106430\" src=\"https:\/\/graziamagazine.com\/es\/wp-content\/uploads\/sites\/12\/2017\/02\/Existence-Research-Program.jpg\" alt=\"\" width=\"600\" height=\"809\" srcset=\"https:\/\/graziamagazine.com\/es\/wp-content\/uploads\/sites\/12\/2017\/02\/Existence-Research-Program.jpg 600w, https:\/\/graziamagazine.com\/es\/wp-content\/uploads\/sites\/12\/2017\/02\/Existence-Research-Program-222x300.jpg 222w, https:\/\/graziamagazine.com\/es\/wp-content\/uploads\/sites\/12\/2017\/02\/Existence-Research-Program-360x485.jpg 360w\" sizes=\"(max-width: 600px) 100vw, 600px\" \/><figcaption id=\"caption-attachment-106430\" class=\"wp-caption-text\">Dos atletas paral\u00edmpicos simbolizaron el esp\u00edritu de Existence Research Program: mejorar y superar su mejor marca. \u00a9 Getty Images<\/figcaption><\/figure>\n<p>La cosa iba de atletas, porque tras ellos le llegaba el turno a <strong>Threeones<\/strong> -la firma creada por la campeona de atletismo Adriana Cagigas-. Su estancia en China origin\u00f3 su amor incondicional por la cultura asi\u00e1tica y, en simbiosis con una profunda b\u00fasqueda personal, naci\u00f3 <em>Wabi Sabi<\/em>. Prendas mutables que daban paso a toda una l\u00ednea de ropa natural, artesana, de l\u00edneas simples y oversized que transportaron a toda la grada directamente a un rinc\u00f3n de Nanjing.<\/p>\n<figure id=\"attachment_106431\" aria-describedby=\"caption-attachment-106431\" style=\"width: 785px\" class=\"wp-caption aligncenter\"><img loading=\"lazy\" decoding=\"async\" class=\"size-full wp-image-106431\" src=\"https:\/\/graziamagazine.com\/es\/wp-content\/uploads\/sites\/12\/2017\/02\/Threeones.jpg\" alt=\"\" width=\"785\" height=\"523\" srcset=\"https:\/\/graziamagazine.com\/es\/wp-content\/uploads\/sites\/12\/2017\/02\/Threeones.jpg 785w, https:\/\/graziamagazine.com\/es\/wp-content\/uploads\/sites\/12\/2017\/02\/Threeones-300x200.jpg 300w, https:\/\/graziamagazine.com\/es\/wp-content\/uploads\/sites\/12\/2017\/02\/Threeones-768x512.jpg 768w, https:\/\/graziamagazine.com\/es\/wp-content\/uploads\/sites\/12\/2017\/02\/Threeones-720x480.jpg 720w, https:\/\/graziamagazine.com\/es\/wp-content\/uploads\/sites\/12\/2017\/02\/Threeones-626x417.jpg 626w, https:\/\/graziamagazine.com\/es\/wp-content\/uploads\/sites\/12\/2017\/02\/Threeones-360x240.jpg 360w\" sizes=\"(max-width: 785px) 100vw, 785px\" \/><figcaption id=\"caption-attachment-106431\" class=\"wp-caption-text\">Las propuestas artesanas de Threeones nos trasladan a Nanjing. \u00a9 Getty Images<\/figcaption><\/figure>\n<p>Y si habl\u00e1bamos de calma y madurez, todo dio un giro de 180 grados cuando lleg\u00f3 <strong>Outsiders Division<\/strong> con <em>Forever Fantasy<\/em>: una oda a la imaginaci\u00f3n y a la infancia que define la moda a trav\u00e9s de los recuerdos de David M\u00e9ndez que (<span style=\"text-decoration: line-through;\">por si no hab\u00eda quedado claro<\/span>) salud\u00f3 a su p\u00fablico ataviado con una bata colegial. Reivindicando el derecho a crear y a cometer errores, sus prendas contienen piezas de puzles y rompecabezas, dibujos de trazos gruesos e infantiles, y mangas extralargas que convierten a todos, de nuevo, en ni\u00f1os.<\/p>\n<figure id=\"attachment_106432\" aria-describedby=\"caption-attachment-106432\" style=\"width: 600px\" class=\"wp-caption aligncenter\"><img loading=\"lazy\" decoding=\"async\" class=\"size-full wp-image-106432\" src=\"https:\/\/graziamagazine.com\/es\/wp-content\/uploads\/sites\/12\/2017\/02\/Outsiders-Division.jpg\" alt=\"\" width=\"600\" height=\"900\" srcset=\"https:\/\/graziamagazine.com\/es\/wp-content\/uploads\/sites\/12\/2017\/02\/Outsiders-Division.jpg 600w, https:\/\/graziamagazine.com\/es\/wp-content\/uploads\/sites\/12\/2017\/02\/Outsiders-Division-200x300.jpg 200w, https:\/\/graziamagazine.com\/es\/wp-content\/uploads\/sites\/12\/2017\/02\/Outsiders-Division-151x227.jpg 151w, https:\/\/graziamagazine.com\/es\/wp-content\/uploads\/sites\/12\/2017\/02\/Outsiders-Division-157x236.jpg 157w, https:\/\/graziamagazine.com\/es\/wp-content\/uploads\/sites\/12\/2017\/02\/Outsiders-Division-360x540.jpg 360w, https:\/\/graziamagazine.com\/es\/wp-content\/uploads\/sites\/12\/2017\/02\/Outsiders-Division-298x448.jpg 298w, https:\/\/graziamagazine.com\/es\/wp-content\/uploads\/sites\/12\/2017\/02\/Outsiders-Division-128x192.jpg 128w, https:\/\/graziamagazine.com\/es\/wp-content\/uploads\/sites\/12\/2017\/02\/Outsiders-Division-364x546.jpg 364w, https:\/\/graziamagazine.com\/es\/wp-content\/uploads\/sites\/12\/2017\/02\/Outsiders-Division-220x330.jpg 220w\" sizes=\"(max-width: 600px) 100vw, 600px\" \/><figcaption id=\"caption-attachment-106432\" class=\"wp-caption-text\">En Outsiders Division se reivindica el derecho a cometer errores. \u00a9 Getty Images<\/figcaption><\/figure>\n<p>Esa ni\u00f1ez y juventud que crece en busca de libertad es lo que vino a contarnos <strong>Roc\u00edo Laseca.<\/strong> Su colecci\u00f3n <em>Who are you?<\/em> (inspirada en los brit\u00e1nicos The Who) habla de vol\u00famenes, de colores brillantes y tornasolados, y de prendas de punto. La psicodelia caracter\u00edstica de la \u00e9poca se hace presente a trav\u00e9s de gafas de metacrilato de color y estampados pop que se rebelan sobre la pasarela.<\/p>\n<figure id=\"attachment_106433\" aria-describedby=\"caption-attachment-106433\" style=\"width: 600px\" class=\"wp-caption aligncenter\"><img loading=\"lazy\" decoding=\"async\" class=\"size-full wp-image-106433\" src=\"https:\/\/graziamagazine.com\/es\/wp-content\/uploads\/sites\/12\/2017\/02\/Roci\u0301o-Laseca.jpg\" alt=\"\" width=\"600\" height=\"900\" srcset=\"https:\/\/graziamagazine.com\/es\/wp-content\/uploads\/sites\/12\/2017\/02\/Roci\u0301o-Laseca.jpg 600w, https:\/\/graziamagazine.com\/es\/wp-content\/uploads\/sites\/12\/2017\/02\/Roci\u0301o-Laseca-200x300.jpg 200w, https:\/\/graziamagazine.com\/es\/wp-content\/uploads\/sites\/12\/2017\/02\/Roci\u0301o-Laseca-151x227.jpg 151w, https:\/\/graziamagazine.com\/es\/wp-content\/uploads\/sites\/12\/2017\/02\/Roci\u0301o-Laseca-157x236.jpg 157w, https:\/\/graziamagazine.com\/es\/wp-content\/uploads\/sites\/12\/2017\/02\/Roci\u0301o-Laseca-360x540.jpg 360w, https:\/\/graziamagazine.com\/es\/wp-content\/uploads\/sites\/12\/2017\/02\/Roci\u0301o-Laseca-298x448.jpg 298w, https:\/\/graziamagazine.com\/es\/wp-content\/uploads\/sites\/12\/2017\/02\/Roci\u0301o-Laseca-128x192.jpg 128w, https:\/\/graziamagazine.com\/es\/wp-content\/uploads\/sites\/12\/2017\/02\/Roci\u0301o-Laseca-364x546.jpg 364w, https:\/\/graziamagazine.com\/es\/wp-content\/uploads\/sites\/12\/2017\/02\/Roci\u0301o-Laseca-220x330.jpg 220w\" sizes=\"(max-width: 600px) 100vw, 600px\" \/><figcaption id=\"caption-attachment-106433\" class=\"wp-caption-text\">Con Roc\u00edo Laseca viajamos en el tiempo. \u00a9 Getty Images<\/figcaption><\/figure>\n<p>La tarde dio comienzo con lo nuevo de <strong>Mar\u00eda Magdalena.<\/strong> Tras el \u00e9xito cosechado con su primera intervenci\u00f3n en la pasarela en 2015, la firma creada por Alejandra Jaime vuelve con <em>Integraci\u00f3n<\/em>, una colecci\u00f3n que de nuevo sorprende y cuenta una historia. La de la dualidad del ser y la polaridad del mundo, la de lo racial y lo costumbrista, la de las tribus urbanas \u2018canis\u2019 y \u2018pijas\u2019\u2026 Sobre la pasarela -no se mezclan, pero conviven- pana y tejidos brillantes, medias de rejilla y Vans, abrigos de pelo e im\u00e1genes religiosas. Todo a ritmo bakala y rodeado de una escenograf\u00eda tan habitual como efectista: la de un botell\u00f3n. \u00bfVolvemos a los 2000?<\/p>\n<figure id=\"attachment_106434\" aria-describedby=\"caption-attachment-106434\" style=\"width: 785px\" class=\"wp-caption aligncenter\"><img loading=\"lazy\" decoding=\"async\" class=\"size-full wp-image-106434\" src=\"https:\/\/graziamagazine.com\/es\/wp-content\/uploads\/sites\/12\/2017\/02\/Mari\u0301a-Magdalena.jpg\" alt=\"\" width=\"785\" height=\"523\" srcset=\"https:\/\/graziamagazine.com\/es\/wp-content\/uploads\/sites\/12\/2017\/02\/Mari\u0301a-Magdalena.jpg 785w, https:\/\/graziamagazine.com\/es\/wp-content\/uploads\/sites\/12\/2017\/02\/Mari\u0301a-Magdalena-300x200.jpg 300w, https:\/\/graziamagazine.com\/es\/wp-content\/uploads\/sites\/12\/2017\/02\/Mari\u0301a-Magdalena-768x512.jpg 768w, https:\/\/graziamagazine.com\/es\/wp-content\/uploads\/sites\/12\/2017\/02\/Mari\u0301a-Magdalena-720x480.jpg 720w, https:\/\/graziamagazine.com\/es\/wp-content\/uploads\/sites\/12\/2017\/02\/Mari\u0301a-Magdalena-626x417.jpg 626w, https:\/\/graziamagazine.com\/es\/wp-content\/uploads\/sites\/12\/2017\/02\/Mari\u0301a-Magdalena-360x240.jpg 360w\" sizes=\"(max-width: 785px) 100vw, 785px\" \/><figcaption id=\"caption-attachment-106434\" class=\"wp-caption-text\">Va de mar\u00edas: Mar\u00eda Magdalena <a href=\"https:\/\/graziamagazine.com\/es\/otono-invierno-2017-18-pret-porter\/maria-ke-fisherman-otono-invierno-201718\/\" target=\"_blank\">ha coincidido con Maria Ke Fisherman<\/a> a la hora de reivindicar los dosmiles del bakalao. \u00a9 Getty Images<\/figcaption><\/figure>\n<p>Y regresamos al espacio con la colecci\u00f3n de <strong>Amai Rodr\u00edguez<\/strong> que transmite feminidad y delicadeza desde cada una de sus aristas. Sedas y tejidos ligeros dibujados a mano por ella misma, faldas largas y sensuales, grandes pamelas con estampados florales y jers\u00e9is realizados con tapices de diferentes texturas. <em>Fly me to the moon<\/em> es justo eso, la historia de esas mujeres de gran fortaleza que aman plat\u00f3nicamente y permanecen exquisitas e implacables esperando al astronauta de sus sue\u00f1os.<\/p>\n<figure id=\"attachment_106436\" aria-describedby=\"caption-attachment-106436\" style=\"width: 600px\" class=\"wp-caption aligncenter\"><img loading=\"lazy\" decoding=\"async\" class=\"size-full wp-image-106436\" src=\"https:\/\/graziamagazine.com\/es\/wp-content\/uploads\/sites\/12\/2017\/02\/Amai-Rodri\u0301guez.jpg\" alt=\"\" width=\"600\" height=\"900\" srcset=\"https:\/\/graziamagazine.com\/es\/wp-content\/uploads\/sites\/12\/2017\/02\/Amai-Rodri\u0301guez.jpg 600w, https:\/\/graziamagazine.com\/es\/wp-content\/uploads\/sites\/12\/2017\/02\/Amai-Rodri\u0301guez-200x300.jpg 200w, https:\/\/graziamagazine.com\/es\/wp-content\/uploads\/sites\/12\/2017\/02\/Amai-Rodri\u0301guez-151x227.jpg 151w, https:\/\/graziamagazine.com\/es\/wp-content\/uploads\/sites\/12\/2017\/02\/Amai-Rodri\u0301guez-157x236.jpg 157w, https:\/\/graziamagazine.com\/es\/wp-content\/uploads\/sites\/12\/2017\/02\/Amai-Rodri\u0301guez-360x540.jpg 360w, https:\/\/graziamagazine.com\/es\/wp-content\/uploads\/sites\/12\/2017\/02\/Amai-Rodri\u0301guez-298x448.jpg 298w, https:\/\/graziamagazine.com\/es\/wp-content\/uploads\/sites\/12\/2017\/02\/Amai-Rodri\u0301guez-128x192.jpg 128w, https:\/\/graziamagazine.com\/es\/wp-content\/uploads\/sites\/12\/2017\/02\/Amai-Rodri\u0301guez-364x546.jpg 364w, https:\/\/graziamagazine.com\/es\/wp-content\/uploads\/sites\/12\/2017\/02\/Amai-Rodri\u0301guez-220x330.jpg 220w\" sizes=\"(max-width: 600px) 100vw, 600px\" \/><figcaption id=\"caption-attachment-106436\" class=\"wp-caption-text\">&#8216;Fly me to the moon&#8217; es el t\u00edtulo de la colecci\u00f3n de Amai Rodr\u00edguez. \u00a9 Getty Images<\/figcaption><\/figure>\n<p>Tras ellas, las dos firmas m\u00e1s et\u00e9reas de la jornada. <strong>Marlina Pradsot<\/strong> presentaba <em>Marca Blanca<\/em>, una oda a la imperfecci\u00f3n del cuerpo cantada a trav\u00e9s del dise\u00f1o arquitect\u00f3nico (<span style=\"text-decoration: line-through;\">al m\u00e1s puro estilo Rei Kawakubo<\/span>), los colores neutros y las prendas libres de c\u00e1nones y estereotipos. A continuaci\u00f3n, <strong>Nacho Costa<\/strong> daba el contrapunto con <em>Sinestesia<\/em>: una colecci\u00f3n inspirada en la mujer y en la m\u00fasica que, con una paleta de colores limitada entre el negro, el gris y el marr\u00f3n y complementos de madera, crea el look perfecto para la m\u00e1s distinguida <em>working girl.<\/em><\/p>\n<figure id=\"attachment_106437\" aria-describedby=\"caption-attachment-106437\" style=\"width: 785px\" class=\"wp-caption aligncenter\"><img loading=\"lazy\" decoding=\"async\" class=\"size-full wp-image-106437\" src=\"https:\/\/graziamagazine.com\/es\/wp-content\/uploads\/sites\/12\/2017\/02\/Marlina-Pradsot-Nacho-Costa.jpg\" alt=\"\" width=\"785\" height=\"589\" srcset=\"https:\/\/graziamagazine.com\/es\/wp-content\/uploads\/sites\/12\/2017\/02\/Marlina-Pradsot-Nacho-Costa.jpg 785w, https:\/\/graziamagazine.com\/es\/wp-content\/uploads\/sites\/12\/2017\/02\/Marlina-Pradsot-Nacho-Costa-300x225.jpg 300w, https:\/\/graziamagazine.com\/es\/wp-content\/uploads\/sites\/12\/2017\/02\/Marlina-Pradsot-Nacho-Costa-768x576.jpg 768w, https:\/\/graziamagazine.com\/es\/wp-content\/uploads\/sites\/12\/2017\/02\/Marlina-Pradsot-Nacho-Costa-720x540.jpg 720w, https:\/\/graziamagazine.com\/es\/wp-content\/uploads\/sites\/12\/2017\/02\/Marlina-Pradsot-Nacho-Costa-626x470.jpg 626w, https:\/\/graziamagazine.com\/es\/wp-content\/uploads\/sites\/12\/2017\/02\/Marlina-Pradsot-Nacho-Costa-360x270.jpg 360w\" sizes=\"(max-width: 785px) 100vw, 785px\" \/><figcaption id=\"caption-attachment-106437\" class=\"wp-caption-text\">Dos de las propuestas de Marlina Pradsot (izquierda) y Nacho Costa (derecha). \u00a9 Getty Images<\/figcaption><\/figure>\n<p>El broche de oro -a la jornada y a la semana- lo puso <strong>Juan Carlos Pajares, <\/strong>que presentaba su colecci\u00f3n <em>True Cost <\/em>solo minutos despu\u00e9s de haberse alzado con el Premio\u00a0Mercedes-Benz Fashion Talent. Era su segunda vez sobre la pasarela Samsung EGO: \u201cDesfil\u00e9 el a\u00f1o pasado y me dio veracidad y visibilidad. Me apetec\u00eda hacerlo otra vez y crear una colecci\u00f3n tan especial como esta\u201d. Inspirada en el famoso robo de las obras que Francis Bacon pint\u00f3 para su amante, la propuesta del dise\u00f1ador quiere despertar conciencias y romper lanzas a favor de la moda \u00e9tica y responsable. La suya, con prendas asim\u00e9tricas, rejillas, neoprenos, pl\u00e1sticos pintados a mano, l\u00farex y punto de alpaca en colores planos, ha dejado un mensaje claro: \u201c<em>It\u2019s time for a fashion revolution\u201d.<\/em><\/p>\n<p>Y podemos decir que all\u00ed, en un espacio abarrotado de fieles y nuevos seguidores del dise\u00f1o de JCP, pocos minutos despu\u00e9s de haber recogido su premio, y <strong>con un desfile tan emocionante como inspirador, comenz\u00f3 la revoluci\u00f3n de la nueva moda, del dise\u00f1o emergente y de las ideas del futuro.<\/strong><\/p>\n<figure id=\"attachment_106438\" aria-describedby=\"caption-attachment-106438\" style=\"width: 785px\" class=\"wp-caption aligncenter\"><img loading=\"lazy\" decoding=\"async\" class=\"size-full wp-image-106438\" src=\"https:\/\/graziamagazine.com\/es\/wp-content\/uploads\/sites\/12\/2017\/02\/Juan-Carlos-Pajares.jpg\" alt=\"\" width=\"785\" height=\"480\" srcset=\"https:\/\/graziamagazine.com\/es\/wp-content\/uploads\/sites\/12\/2017\/02\/Juan-Carlos-Pajares.jpg 785w, https:\/\/graziamagazine.com\/es\/wp-content\/uploads\/sites\/12\/2017\/02\/Juan-Carlos-Pajares-300x183.jpg 300w, https:\/\/graziamagazine.com\/es\/wp-content\/uploads\/sites\/12\/2017\/02\/Juan-Carlos-Pajares-768x470.jpg 768w, https:\/\/graziamagazine.com\/es\/wp-content\/uploads\/sites\/12\/2017\/02\/Juan-Carlos-Pajares-695x425.jpg 695w, https:\/\/graziamagazine.com\/es\/wp-content\/uploads\/sites\/12\/2017\/02\/Juan-Carlos-Pajares-720x440.jpg 720w, https:\/\/graziamagazine.com\/es\/wp-content\/uploads\/sites\/12\/2017\/02\/Juan-Carlos-Pajares-626x383.jpg 626w, https:\/\/graziamagazine.com\/es\/wp-content\/uploads\/sites\/12\/2017\/02\/Juan-Carlos-Pajares-360x220.jpg 360w\" sizes=\"(max-width: 785px) 100vw, 785px\" \/><figcaption id=\"caption-attachment-106438\" class=\"wp-caption-text\">Juan Carlos Pajares, Premio Mercedes Benz Fashion Talent, lanzaba un mensaje: \u201cIt\u2019s time for a fashion revolution\u201d. \u00a9 Getty Images<\/figcaption><\/figure>\n<p><iframe loading=\"lazy\" style=\"border: none; overflow: hidden; height: 258px;\" src=\"\/\/www.facebook.com\/plugins\/likebox.php?href=https%3A%2F%2Fwww.facebook.com%2Fgraziaespana&amp;width&amp;height=258&amp;colorscheme=light&amp;show_faces=true&amp;header=false&amp;stream=false&amp;show_border=false&amp;appId=349017955267591\" width=\"300\" height=\"150\" frameborder=\"0\" scrolling=\"no\"><\/iframe><\/p>\n","protected":false},"author":15595,"featured_media":0,"template":"","format":"standard","categories":[3,1],"acf":[],"yoast_head":"<!-- This site is optimized with the Yoast SEO Premium plugin v18.5 (Yoast SEO v20.4) - https:\/\/yoast.com\/wordpress\/plugins\/seo\/ -->\n<title>\u00bfEs la pasarela Ego un verdadero relevo generacional? | Grazia<\/title>\n<meta name=\"description\" content=\"No sabemos a ciencia cierta si esta ser\u00e1 la moda del futuro, pero s\u00ed que el futuro de la moda est\u00e1 asegurado en la Pasarela Ego.\" \/>\n<meta name=\"robots\" content=\"index, follow, max-snippet:-1, max-image-preview:large, max-video-preview:-1\" \/>\n<link rel=\"canonical\" href=\"https:\/\/graziamagazine.com\/es\/articles\/es-la-pasarela-ego-un-verdadero-relevo-generacional\/\" \/>\n<meta property=\"og:locale\" content=\"es_ES\" \/>\n<meta property=\"og:type\" content=\"article\" \/>\n<meta property=\"og:title\" content=\"\u00bfEs la pasarela Ego un verdadero relevo generacional?\" \/>\n<meta property=\"og:description\" content=\"No sabemos a ciencia cierta si esta ser\u00e1 la moda del futuro, pero s\u00ed que el futuro de la moda est\u00e1 asegurado.\" \/>\n<meta property=\"og:url\" content=\"https:\/\/graziamagazine.com\/es\/articles\/es-la-pasarela-ego-un-verdadero-relevo-generacional\/\" \/>\n<meta property=\"og:site_name\" content=\"Grazia\" \/>\n<meta property=\"article:modified_time\" content=\"2017-02-21T23:41:24+00:00\" \/>\n<meta property=\"og:image\" content=\"https:\/\/graziamagazine.com\/es\/wp-content\/uploads\/sites\/12\/2017\/02\/21234547\/01-relevo-en-el-ego.jpg?fit=785%2C480\" \/>\n\t<meta property=\"og:image:width\" content=\"785\" \/>\n\t<meta property=\"og:image:height\" content=\"480\" \/>\n\t<meta property=\"og:image:type\" content=\"image\/jpeg\" \/>\n<meta name=\"twitter:card\" content=\"summary_large_image\" \/>\n<meta name=\"twitter:title\" content=\"\u00bfEs la pasarela Ego un verdadero relevo generacional?\" \/>\n<meta name=\"twitter:description\" content=\"No sabemos a ciencia cierta si esta ser\u00e1 la moda del futuro, pero s\u00ed que el futuro de la moda est\u00e1 asegurado.\" \/>\n<meta name=\"twitter:image\" content=\"http:\/\/s3-eu-west-1.amazonaws.com\/grazia-cdn\/wp-content\/uploads\/sites\/12\/2017\/02\/21234547\/01-relevo-en-el-ego.jpg\" \/>\n<meta name=\"twitter:label1\" content=\"Est. reading time\" \/>\n\t<meta name=\"twitter:data1\" content=\"7 minutos\" \/>\n<script type=\"application\/ld+json\" class=\"yoast-schema-graph\">{\"@context\":\"https:\/\/schema.org\",\"@graph\":[{\"@type\":\"WebPage\",\"@id\":\"https:\/\/graziamagazine.com\/es\/articles\/es-la-pasarela-ego-un-verdadero-relevo-generacional\/\",\"url\":\"https:\/\/graziamagazine.com\/es\/articles\/es-la-pasarela-ego-un-verdadero-relevo-generacional\/\",\"name\":\"\u00bfEs la pasarela Ego un verdadero relevo generacional? | Grazia\",\"isPartOf\":{\"@id\":\"https:\/\/graziamagazine.com\/es\/#website\"},\"datePublished\":\"2017-02-21T23:41:23+00:00\",\"dateModified\":\"2017-02-21T23:41:24+00:00\",\"description\":\"No sabemos a ciencia cierta si esta ser\u00e1 la moda del futuro, pero s\u00ed que el futuro de la moda est\u00e1 asegurado en la Pasarela Ego.\",\"breadcrumb\":{\"@id\":\"https:\/\/graziamagazine.com\/es\/articles\/es-la-pasarela-ego-un-verdadero-relevo-generacional\/#breadcrumb\"},\"inLanguage\":\"es\",\"potentialAction\":[{\"@type\":\"ReadAction\",\"target\":[\"https:\/\/graziamagazine.com\/es\/articles\/es-la-pasarela-ego-un-verdadero-relevo-generacional\/\"]}]},{\"@type\":\"BreadcrumbList\",\"@id\":\"https:\/\/graziamagazine.com\/es\/articles\/es-la-pasarela-ego-un-verdadero-relevo-generacional\/#breadcrumb\",\"itemListElement\":[{\"@type\":\"ListItem\",\"position\":1,\"name\":\"Portada\",\"item\":\"https:\/\/graziamagazine.com\/es\/\"},{\"@type\":\"ListItem\",\"position\":2,\"name\":\"\u00bfEs la pasarela Ego un verdadero relevo generacional?\"}]},{\"@type\":\"WebSite\",\"@id\":\"https:\/\/graziamagazine.com\/es\/#website\",\"url\":\"https:\/\/graziamagazine.com\/es\/\",\"name\":\"Grazia\",\"description\":\"Moda, belleza, celebrities, estilo de vida...\",\"potentialAction\":[{\"@type\":\"SearchAction\",\"target\":{\"@type\":\"EntryPoint\",\"urlTemplate\":\"https:\/\/graziamagazine.com\/es\/?s={search_term_string}\"},\"query-input\":\"required name=search_term_string\"}],\"inLanguage\":\"es\"}]}<\/script>\n<!-- \/ Yoast SEO Premium plugin. -->","yoast_head_json":{"title":"\u00bfEs la pasarela Ego un verdadero relevo generacional? | Grazia","description":"No sabemos a ciencia cierta si esta ser\u00e1 la moda del futuro, pero s\u00ed que el futuro de la moda est\u00e1 asegurado en la Pasarela Ego.","robots":{"index":"index","follow":"follow","max-snippet":"max-snippet:-1","max-image-preview":"max-image-preview:large","max-video-preview":"max-video-preview:-1"},"canonical":"https:\/\/graziamagazine.com\/es\/articles\/es-la-pasarela-ego-un-verdadero-relevo-generacional\/","og_locale":"es_ES","og_type":"article","og_title":"\u00bfEs la pasarela Ego un verdadero relevo generacional?","og_description":"No sabemos a ciencia cierta si esta ser\u00e1 la moda del futuro, pero s\u00ed que el futuro de la moda est\u00e1 asegurado.","og_url":"https:\/\/graziamagazine.com\/es\/articles\/es-la-pasarela-ego-un-verdadero-relevo-generacional\/","og_site_name":"Grazia","article_modified_time":"2017-02-21T23:41:24+00:00","og_image":[{"width":785,"height":480,"url":"https:\/\/graziamagazine.com\/es\/wp-content\/uploads\/sites\/12\/2017\/02\/21234547\/01-relevo-en-el-ego.jpg?fit=785%2C480","type":"image\/jpeg"}],"twitter_card":"summary_large_image","twitter_title":"\u00bfEs la pasarela Ego un verdadero relevo generacional?","twitter_description":"No sabemos a ciencia cierta si esta ser\u00e1 la moda del futuro, pero s\u00ed que el futuro de la moda est\u00e1 asegurado.","twitter_image":"http:\/\/s3-eu-west-1.amazonaws.com\/grazia-cdn\/wp-content\/uploads\/sites\/12\/2017\/02\/21234547\/01-relevo-en-el-ego.jpg","twitter_misc":{"Est. reading time":"7 minutos"},"schema":{"@context":"https:\/\/schema.org","@graph":[{"@type":"WebPage","@id":"https:\/\/graziamagazine.com\/es\/articles\/es-la-pasarela-ego-un-verdadero-relevo-generacional\/","url":"https:\/\/graziamagazine.com\/es\/articles\/es-la-pasarela-ego-un-verdadero-relevo-generacional\/","name":"\u00bfEs la pasarela Ego un verdadero relevo generacional? | Grazia","isPartOf":{"@id":"https:\/\/graziamagazine.com\/es\/#website"},"datePublished":"2017-02-21T23:41:23+00:00","dateModified":"2017-02-21T23:41:24+00:00","description":"No sabemos a ciencia cierta si esta ser\u00e1 la moda del futuro, pero s\u00ed que el futuro de la moda est\u00e1 asegurado en la Pasarela Ego.","breadcrumb":{"@id":"https:\/\/graziamagazine.com\/es\/articles\/es-la-pasarela-ego-un-verdadero-relevo-generacional\/#breadcrumb"},"inLanguage":"es","potentialAction":[{"@type":"ReadAction","target":["https:\/\/graziamagazine.com\/es\/articles\/es-la-pasarela-ego-un-verdadero-relevo-generacional\/"]}]},{"@type":"BreadcrumbList","@id":"https:\/\/graziamagazine.com\/es\/articles\/es-la-pasarela-ego-un-verdadero-relevo-generacional\/#breadcrumb","itemListElement":[{"@type":"ListItem","position":1,"name":"Portada","item":"https:\/\/graziamagazine.com\/es\/"},{"@type":"ListItem","position":2,"name":"\u00bfEs la pasarela Ego un verdadero relevo generacional?"}]},{"@type":"WebSite","@id":"https:\/\/graziamagazine.com\/es\/#website","url":"https:\/\/graziamagazine.com\/es\/","name":"Grazia","description":"Moda, belleza, celebrities, estilo de vida...","potentialAction":[{"@type":"SearchAction","target":{"@type":"EntryPoint","urlTemplate":"https:\/\/graziamagazine.com\/es\/?s={search_term_string}"},"query-input":"required name=search_term_string"}],"inLanguage":"es"}]}},"jetpack_sharing_enabled":true,"distributor_meta":false,"distributor_terms":false,"distributor_media":false,"distributor_original_site_name":"Grazia","distributor_original_site_url":"https:\/\/graziamagazine.com\/es","push-errors":false,"_links":{"self":[{"href":"https:\/\/graziamagazine.com\/es\/wp-json\/wp\/v2\/articles\/106421"}],"collection":[{"href":"https:\/\/graziamagazine.com\/es\/wp-json\/wp\/v2\/articles"}],"about":[{"href":"https:\/\/graziamagazine.com\/es\/wp-json\/wp\/v2\/types\/articles"}],"author":[{"embeddable":true,"href":"https:\/\/graziamagazine.com\/es\/wp-json\/wp\/v2\/users\/15595"}],"wp:attachment":[{"href":"https:\/\/graziamagazine.com\/es\/wp-json\/wp\/v2\/media?parent=106421"}],"wp:term":[{"taxonomy":"category","embeddable":true,"href":"https:\/\/graziamagazine.com\/es\/wp-json\/wp\/v2\/categories?post=106421"}],"curies":[{"name":"wp","href":"https:\/\/api.w.org\/{rel}","templated":true}]}}