{"id":1037,"date":"2014-10-09T09:54:00","date_gmt":"2014-10-09T09:54:00","guid":{"rendered":"https:\/\/graziamagazine.com\/es\/?p=1037"},"modified":"2015-05-07T11:58:39","modified_gmt":"2015-05-07T09:58:39","slug":"los-serrano-emigran-america","status":"publish","type":"articles","link":"https:\/\/graziamagazine.com\/es\/articles\/los-serrano-emigran-america\/","title":{"rendered":"Los Serrano emigran a Am\u00e9rica"},"content":{"rendered":"<p>En efecto, <em>Los Serrano<\/em> (benditos a\u00f1os 2000) hacen sus maletas y emigran a Am\u00e9rica por una buena causa: adaptarse al modelo televisivo estadounidense y triunfar al otro lado del charco. Pero, antes de meternos de lleno en este desembarco, cuanto menos sorprendente <span style=\"text-decoration: line-through;\">\u00bfc\u00f3mo ser\u00e1 la versi\u00f3n texana de Antonio Resines?,<\/span> empecemos por el principio de los tiempos, conociendo los diferentes tipos de p\u00fablico de series&#8230;<\/p>\n<ol>\n<li>El que es tan <strong>absolutamente indiferente a las series<\/strong>\u00a0que hasta sentirse un bicho raro por no ver <em>Perdidos<\/em> le provocaba indiferencia. \u00bfCu\u00e1ntos son? Un porcentaje bastante bajo. Cada vez m\u00e1s.\u00a0\u00a0\u00a0\u00a0 <img loading=\"lazy\" decoding=\"async\" class=\"alignnone wp-image-1048 size-full\" src=\"https:\/\/graziamagazine.com\/es\/wp-content\/uploads\/sites\/12\/2014\/11\/90710_seriesespanolaseneeuu.gif\" alt=\"90710_seriesespanolaseneeuu\" width=\"500\" height=\"275\" \/><\/li>\n<li>El que <strong>apenas sigue alguna serie que le interesa<\/strong> pero, sin que se entere nadie, busca nuevos estrenos, indaga sobre las tramas y los protagonistas y analiza los tr\u00e1ilers para estar a la altura de sus amigos seri\u00e9filos. \u00bfCu\u00e1ntos son? Contabilizar este grupo es dif\u00edcil por la ocultaci\u00f3n y maquillaje de datos, pero hay m\u00e1s de los que pensamos (y est\u00e1n aqu\u00ed y all\u00e1, junto a nosotros).<\/li>\n<li>El que es <strong>espectador de series sin llegar a la locura<\/strong> pero que es capaz de distinguir una buena trama de un bodrio, toques cin\u00e9filos en el metraje o interpretaciones que, por s\u00ed solas, hacen merecedora a la serie de ser vista. Digamos que en este grupo se enmarcan todos los amantes del cine.<\/li>\n<li><strong>Los talibanes<\/strong> que se recrean en la profundidad de<em> <a href=\"http:\/\/www.amctv.com\/shows\/breaking-bad\" target=\"_blank\">Breaking Bad;<\/a><\/em>\u00a0que a\u00fan lloran, a\u00f1os despu\u00e9s, la desaparici\u00f3n de <a href=\"http:\/\/www.hbo\" target=\"_blank\"><em>Los Soprano<\/em>;<\/a>\u00a0que se saben cada detalle de las \u00a126! (\u00a1\u00a1\u00a126!!!) temporadas de <em><a href=\"http:\/\/www.bbc.co.uk\/programmes\/b006q2x0\" target=\"_blank\">Doctor Who<\/a><\/em>; que se derriten ante las siglas HBO o superan la noche de los Emmy vomitando efervescentes tuits, haciendo quinielas, comentando los premios y enter\u00e1ndose de todo por Facebook para tenerlo calentito por la ma\u00f1ana. \u00bfCu\u00e1ntos son? Son pocos, s\u00ed, pero no les menosprecies: pueden llegar a ser muy profundos.<\/li>\n<\/ol>\n<p><img loading=\"lazy\" decoding=\"async\" class=\"alignnone wp-image-1047 size-full\" src=\"https:\/\/graziamagazine.com\/es\/wp-content\/uploads\/sites\/12\/2014\/11\/90709_seriesespanolaseneeuu.gif\" alt=\"90709_seriesespanolaseneeuu\" width=\"500\" height=\"273\" \/><\/p>\n<p><strong>Est\u00e9s en el grupo que est\u00e9s<\/strong>, a partir de ahora tendr\u00e1s que tener en cuenta que, en tus comentarios, apuestas o conversaciones, <strong>tres series espa\u00f1olas han desembarcado en EE.UU. para quedarse<\/strong>. No porque se emitan originalmente -que tambi\u00e9n-, sino porque tres producciones nacionales han sido adaptadas en el pa\u00eds que es gran f\u00e1brica de temporadas. Y esta es la primera vez. Adem\u00e1s, el efecto rebote provocar\u00e1 que esas adaptaciones tambi\u00e9n se estrenen en Espa\u00f1a. Por ello, te gusten m\u00e1s, te gusten menos, merecen unas l\u00edneas y un aplauso.<\/p>\n<p>&nbsp;<\/p>\n<p><span style=\"text-decoration: underline;\"><strong><a href=\"https:\/\/www.youtube.com\/watch?v=PB6quESMN5o\" target=\"_blank\">The Mysteries of Laura<\/a><\/strong><\/span><\/p>\n<p>Desde esta humilde p\u00e1gina web reconocemos nuestra devoci\u00f3n por <a href=\"http:\/\/www.rtve.es\/television\/misterios-laura\/\" target=\"_blank\">Los misterios de Laura<\/a>\u00a0(Boomerang TV), serie de tres temporadas, de err\u00e1ticos estrenos en TVE (entre la segunda y la tercera pasaron casi tres a\u00f1os) y de, en ocasiones, previsibles finales, pero que tiene mucho bueno. Sus guionistas, <strong>Javier Holgado<\/strong> y <strong>Carlos Vila<\/strong> (que ya trabajaron juntos en otras series como <em>Motivos personales<\/em>, <em>Circulo rojo<\/em> y <em>Acusados<\/em>), homenajean la literatura y las series de detectives \u2013de <strong>Agatha Christie<\/strong> a <em>Colombo<\/em>\u2013 y crearon a<strong> Laura Lebrel<\/strong>, una detective que se gu\u00eda por su intuici\u00f3n y tan exitosa en el trabajo como desastrosa en su d\u00eda a d\u00eda y en su vida personal. Segundo, nos gusta por las interpretaciones, especialmente la de <strong>Mar\u00eda Pujalte<\/strong> como <strong>Laura<\/strong>. Y tercero, es una serie en la que prima el sentido del humor, sin dramas personales ni profundos secretos (y eso se agradece).<\/p>\n<figure id=\"attachment_1046\" aria-describedby=\"caption-attachment-1046\" style=\"width: 785px\" class=\"wp-caption alignnone\"><img loading=\"lazy\" decoding=\"async\" class=\"wp-image-1046 size-full\" src=\"https:\/\/graziamagazine.com\/es\/wp-content\/uploads\/sites\/12\/2014\/11\/90701_seriesespanolaseneeuu.jpg\" alt=\"\u00a9 Los Misterios de Laura (izquierda) \/ The Mysteries of Laura (derecha)\" width=\"785\" height=\"480\" srcset=\"https:\/\/graziamagazine.com\/es\/wp-content\/uploads\/sites\/12\/2014\/11\/90701_seriesespanolaseneeuu.jpg 785w, https:\/\/graziamagazine.com\/es\/wp-content\/uploads\/sites\/12\/2014\/11\/90701_seriesespanolaseneeuu-300x183.jpg 300w, https:\/\/graziamagazine.com\/es\/wp-content\/uploads\/sites\/12\/2014\/11\/90701_seriesespanolaseneeuu-695x425.jpg 695w, https:\/\/graziamagazine.com\/es\/wp-content\/uploads\/sites\/12\/2014\/11\/90701_seriesespanolaseneeuu-720x440.jpg 720w, https:\/\/graziamagazine.com\/es\/wp-content\/uploads\/sites\/12\/2014\/11\/90701_seriesespanolaseneeuu-626x383.jpg 626w, https:\/\/graziamagazine.com\/es\/wp-content\/uploads\/sites\/12\/2014\/11\/90701_seriesespanolaseneeuu-360x220.jpg 360w\" sizes=\"(max-width: 785px) 100vw, 785px\" \/><figcaption id=\"caption-attachment-1046\" class=\"wp-caption-text\">\u00a9 Los Misterios de Laura (izquierda) \/ The Mysteries of Laura (derecha)<\/figcaption><\/figure>\n<p>Pues bien: a pesar de que a\u00fan no se sabe si habr\u00e1 cuarta temporada en Espa\u00f1a -aunque la tercera qued\u00f3 abierta a m\u00e1s cap\u00edtulos-, la estadounidense y sacrosanta NBC decidi\u00f3 adaptarla bajo el nombre de<em> The Mysteries of Laura<\/em> (oh, sorpresa). Su estreno en octubre fue arrasador: 10,4 millones de telespectadores y 9,9 el segundo episodio. Eso s\u00ed: ha sido vapuleada por la cr\u00edtica hasta en los cr\u00e9ditos, pero la continuidad depende de la audiencia y, por ahora, es muy prometedora.<\/p>\n<p>Por supuesto, hay diferencias: la protagonista, <strong>Debra Messing<\/strong> (<em>Ley y Orden<\/em>, <em>Will &amp; Grace<\/em>), es una detective m\u00e1s sexy y dura; las tramas a\u00f1aden dosis de acci\u00f3n trepidante \u2013persecuciones en coche incluidas-; la n\u00f3mina de personajes cuenta con distintas razas y orientaciones sexuales y, claro, el aliciente de que resolver un crimen en Nueva York no es lo mismo que hacerlo en un pueblo de Segovia.<\/p>\n<p>Por cierto: la versi\u00f3n de la NBC comenz\u00f3 a emitirse en Cosmopolitan TV el 5 de octubre.<\/p>\n<figure id=\"attachment_1045\" aria-describedby=\"caption-attachment-1045\" style=\"width: 785px\" class=\"wp-caption alignnone\"><img loading=\"lazy\" decoding=\"async\" class=\"wp-image-1045 size-full\" src=\"https:\/\/graziamagazine.com\/es\/wp-content\/uploads\/sites\/12\/2014\/11\/90702_seriesespanolaseneeuu.jpg\" alt=\"Debra Messing interpreta a Laura Diamond, la versi\u00f3n americana de Laura Lebrel.   \u00a9 The Mysteries of Laura\" width=\"785\" height=\"480\" srcset=\"https:\/\/graziamagazine.com\/es\/wp-content\/uploads\/sites\/12\/2014\/11\/90702_seriesespanolaseneeuu.jpg 785w, https:\/\/graziamagazine.com\/es\/wp-content\/uploads\/sites\/12\/2014\/11\/90702_seriesespanolaseneeuu-300x183.jpg 300w, https:\/\/graziamagazine.com\/es\/wp-content\/uploads\/sites\/12\/2014\/11\/90702_seriesespanolaseneeuu-695x425.jpg 695w, https:\/\/graziamagazine.com\/es\/wp-content\/uploads\/sites\/12\/2014\/11\/90702_seriesespanolaseneeuu-720x440.jpg 720w, https:\/\/graziamagazine.com\/es\/wp-content\/uploads\/sites\/12\/2014\/11\/90702_seriesespanolaseneeuu-626x383.jpg 626w, https:\/\/graziamagazine.com\/es\/wp-content\/uploads\/sites\/12\/2014\/11\/90702_seriesespanolaseneeuu-360x220.jpg 360w\" sizes=\"(max-width: 785px) 100vw, 785px\" \/><figcaption id=\"caption-attachment-1045\" class=\"wp-caption-text\">Debra Messing interpreta a Laura Diamond, la versi\u00f3n americana de Laura Lebrel. \u00a9 The Mysteries of Laura<\/figcaption><\/figure>\n<p><span style=\"text-decoration: underline;\"><strong><a href=\"http:\/\/www.fox.com\/red-band-society\/\" target=\"_blank\">The Red Band Society<\/a>\u00a0<\/strong><\/span><\/p>\n<p>El pelotazo de <em>Polseres vermelles<\/em> (producida por TV3 y Filmax) qued\u00f3 patente cuando se produjo ese inhabitual trasvase de una serie de la televisi\u00f3n p\u00fablica catalana a una de \u00e1mbito estatal como fue Antena 3. Con <a href=\"http:\/\/www.antena3.com\/series\/pulseras-rojas\/\" target=\"_blank\"><em>Pulseras rojas<\/em>,<\/a> el canal consigui\u00f3 buenos datos de audiencia y permiti\u00f3 a muchos descubrir que la ficci\u00f3n en Catalu\u00f1a funciona (si no, que se lo digan a los seguidores de seriales eternos como <em>El cor de la ciutat<\/em> o<em> Nissaga de poder<\/em>).<\/p>\n<p><em>Polseres vermelles<\/em> es una adaptaci\u00f3n a la televisi\u00f3n del libro <em>El mundo amarillo<\/em>, de <strong>Albert Espinosa<\/strong> que, junto a <strong>Pau Freixas<\/strong>, son los creadores de la serie. A grand\u00edsimos rasgos, la tem\u00e1tica se basa en las relaciones de amistad y ganas de seguir delante de seis chicos adolescentes ingresados en un hospital por distintas enfermedades y cuyas pulseras rojas marcan la cantidad de operaciones que han sufrido. Lo hace con ternura y humor, sin caer en excesivos dramatismos.<\/p>\n<figure id=\"attachment_1044\" aria-describedby=\"caption-attachment-1044\" style=\"width: 785px\" class=\"wp-caption alignnone\"><img loading=\"lazy\" decoding=\"async\" class=\"wp-image-1044 size-full\" src=\"https:\/\/graziamagazine.com\/es\/wp-content\/uploads\/sites\/12\/2014\/11\/90703_seriesespanolaseneeuu.jpg\" alt=\"\u00a9 Pulseras Rojas\" width=\"785\" height=\"480\" srcset=\"https:\/\/graziamagazine.com\/es\/wp-content\/uploads\/sites\/12\/2014\/11\/90703_seriesespanolaseneeuu.jpg 785w, https:\/\/graziamagazine.com\/es\/wp-content\/uploads\/sites\/12\/2014\/11\/90703_seriesespanolaseneeuu-300x183.jpg 300w, https:\/\/graziamagazine.com\/es\/wp-content\/uploads\/sites\/12\/2014\/11\/90703_seriesespanolaseneeuu-695x425.jpg 695w, https:\/\/graziamagazine.com\/es\/wp-content\/uploads\/sites\/12\/2014\/11\/90703_seriesespanolaseneeuu-720x440.jpg 720w, https:\/\/graziamagazine.com\/es\/wp-content\/uploads\/sites\/12\/2014\/11\/90703_seriesespanolaseneeuu-626x383.jpg 626w, https:\/\/graziamagazine.com\/es\/wp-content\/uploads\/sites\/12\/2014\/11\/90703_seriesespanolaseneeuu-360x220.jpg 360w\" sizes=\"(max-width: 785px) 100vw, 785px\" \/><figcaption id=\"caption-attachment-1044\" class=\"wp-caption-text\">\u00a9 Pulseras Rojas<\/figcaption><\/figure>\n<p>Fue <strong>Steven Spielberg<\/strong> el responsable de su paso a la televisi\u00f3n estadounidense, en concreto, a la Fox. Lo tiene todo para triunfar, aparte de la demostrada solvencia de la historia y su productor: la direcci\u00f3n del primer cap\u00edtulo corri\u00f3 a cargo de <strong>Alfonso G\u00f3mez-Rej\u00f3n<\/strong> (director de la tercera temporada de la fant\u00e1stica <em>American Horror Story<\/em>); el gui\u00f3n, de <strong>Margaret Nagle<\/strong> (que puso su granito de arena en <em>Boardwalk Empire<\/em>) y, entre el elenco, <strong>Olivia Spencer<\/strong>, ganadora del Oscar por su papel en <em>Criadas y se\u00f1oras<\/em>.<\/p>\n<p>Sin embargo, nada es garant\u00eda de triunfo y su estreno (por cierto, el mismo d\u00eda que <em>The Mysteries of Laura<\/em>) no fue avalado por el p\u00fablico, pero s\u00ed por la cr\u00edtica. A pesar de todo, la serie contin\u00faa como una apuesta firme, especialmente despu\u00e9s de arrasar en otros pa\u00edses como Italia (su \u00faltimo cap\u00edtulo fue seguido por el 26% de los espectadores), M\u00e9xico o Argentina.<\/p>\n<figure id=\"attachment_1043\" aria-describedby=\"caption-attachment-1043\" style=\"width: 785px\" class=\"wp-caption alignnone\"><img loading=\"lazy\" decoding=\"async\" class=\"wp-image-1043 size-full\" src=\"https:\/\/graziamagazine.com\/es\/wp-content\/uploads\/sites\/12\/2014\/11\/90704_seriesespanolaseneeuu.jpg\" alt=\"Fox ha dado vida a la versi\u00f3n americana de la serie catalana.   \u00a9 The Red Band Society\" width=\"785\" height=\"480\" srcset=\"https:\/\/graziamagazine.com\/es\/wp-content\/uploads\/sites\/12\/2014\/11\/90704_seriesespanolaseneeuu.jpg 785w, https:\/\/graziamagazine.com\/es\/wp-content\/uploads\/sites\/12\/2014\/11\/90704_seriesespanolaseneeuu-300x183.jpg 300w, https:\/\/graziamagazine.com\/es\/wp-content\/uploads\/sites\/12\/2014\/11\/90704_seriesespanolaseneeuu-695x425.jpg 695w, https:\/\/graziamagazine.com\/es\/wp-content\/uploads\/sites\/12\/2014\/11\/90704_seriesespanolaseneeuu-720x440.jpg 720w, https:\/\/graziamagazine.com\/es\/wp-content\/uploads\/sites\/12\/2014\/11\/90704_seriesespanolaseneeuu-626x383.jpg 626w, https:\/\/graziamagazine.com\/es\/wp-content\/uploads\/sites\/12\/2014\/11\/90704_seriesespanolaseneeuu-360x220.jpg 360w\" sizes=\"(max-width: 785px) 100vw, 785px\" \/><figcaption id=\"caption-attachment-1043\" class=\"wp-caption-text\">Fox ha dado vida a la versi\u00f3n americana de la serie catalana. \u00a9 The Red Band Society<\/figcaption><\/figure>\n<p><span style=\"text-decoration: underline;\"><strong><a href=\"http:\/\/www.mitele.es\/series-online\/los-serrano\/\" target=\"_blank\">Los Serrano<\/a><\/strong><\/span><\/p>\n<p>Dejamos para el final el \u00faltimo anuncio de adaptaci\u00f3n: se trata de la m\u00edtica serie protagonizada por <strong>Antonio Resines<\/strong> y <strong>Bel\u00e9n Rueda,<\/strong>\u00a0producida por Globomedia y que, recordemos, arras\u00f3 durante ocho temporadas siendo vendida a m\u00e1s de 40 pa\u00edses (su adaptaci\u00f3n italiana, por cierto, contin\u00faa entre los primeros puestos de las mejores audiencias).<\/p>\n<figure id=\"attachment_1042\" aria-describedby=\"caption-attachment-1042\" style=\"width: 785px\" class=\"wp-caption alignnone\"><img loading=\"lazy\" decoding=\"async\" class=\"wp-image-1042 size-full\" src=\"https:\/\/graziamagazine.com\/es\/wp-content\/uploads\/sites\/12\/2014\/11\/90705_seriesespanolaseneeuu1.jpg\" alt=\"\u00bfC\u00f3mo ser\u00eda la versi\u00f3n americana de la serie? \u00bfQui\u00e9n interpretar\u00eda a Fiti? \u00bfY a Lourditas? \u00a1Ay...!  \u00a9 Los Serrano\" width=\"785\" height=\"480\" srcset=\"https:\/\/graziamagazine.com\/es\/wp-content\/uploads\/sites\/12\/2014\/11\/90705_seriesespanolaseneeuu1.jpg 785w, https:\/\/graziamagazine.com\/es\/wp-content\/uploads\/sites\/12\/2014\/11\/90705_seriesespanolaseneeuu1-300x183.jpg 300w, https:\/\/graziamagazine.com\/es\/wp-content\/uploads\/sites\/12\/2014\/11\/90705_seriesespanolaseneeuu1-695x425.jpg 695w, https:\/\/graziamagazine.com\/es\/wp-content\/uploads\/sites\/12\/2014\/11\/90705_seriesespanolaseneeuu1-720x440.jpg 720w, https:\/\/graziamagazine.com\/es\/wp-content\/uploads\/sites\/12\/2014\/11\/90705_seriesespanolaseneeuu1-626x383.jpg 626w, https:\/\/graziamagazine.com\/es\/wp-content\/uploads\/sites\/12\/2014\/11\/90705_seriesespanolaseneeuu1-360x220.jpg 360w\" sizes=\"(max-width: 785px) 100vw, 785px\" \/><figcaption id=\"caption-attachment-1042\" class=\"wp-caption-text\">\u00bfC\u00f3mo ser\u00eda la versi\u00f3n americana de la serie? \u00bfQui\u00e9n interpretar\u00eda a Fiti? \u00bfY a Lourditas? \u00a1Ay&#8230;! \u00a9 Los Serrano<\/figcaption><\/figure>\n<p><strong>Poco se sabe en este caso, ya que las conversaciones acaban de comenzar<\/strong>; de hecho, podr\u00eda ocurrir que finalmente no se realizara, habida cuenta de que en 2004 ya lo anunci\u00f3 la NBC y, finalmente, el proyecto qued\u00f3 en nada. En cualquier caso, s\u00ed se conocen ciertos nombres, y muy potentes: sus guionistas ser\u00e1n el matrimonio <strong>Mike<\/strong> y <strong>Julie Scully<\/strong>, responsables de nada menos que los guiones de <a href=\"http:\/\/www.thesimpso\" target=\"_blank\"><em>Los Simpson<\/em>.<\/a> Les acompa\u00f1ar\u00e1 en la producci\u00f3n ejecutiva <strong>Daniel \u00c9cija<\/strong>, creador de la serie espa\u00f1ola. En cuanto sepamos qui\u00e9n ser\u00e1<strong> Diego<\/strong>\u00a0(<strong>Resines<\/strong>) y <strong>Luc\u00eda<\/strong> (<strong>Rueda<\/strong>) \u00a1os lo haremos saber&#8230;!<\/p>\n<p>@francispacha<\/p>\n","protected":false},"author":16025,"featured_media":0,"template":"","format":"standard","categories":[18,21],"acf":[],"yoast_head":"<!-- This site is optimized with the Yoast SEO Premium plugin v18.5 (Yoast SEO v20.4) - https:\/\/yoast.com\/wordpress\/plugins\/seo\/ -->\n<title>Los Serrano emigran a Am\u00e9rica | Grazia<\/title>\n<meta name=\"description\" content=\"Cruzar\u00e1n el charco junto a &#039;Los Misterios de Laura&#039; y &#039;Pulseras Rojas&#039;, convirti\u00e9ndose en las primeras series espa\u00f1olas adaptadas en EE.UU. \u00a1Al ataque!\" \/>\n<meta name=\"robots\" content=\"index, follow, max-snippet:-1, max-image-preview:large, max-video-preview:-1\" \/>\n<link rel=\"canonical\" href=\"https:\/\/graziamagazine.com\/es\/articles\/los-serrano-emigran-america\/\" \/>\n<meta property=\"og:locale\" content=\"es_ES\" \/>\n<meta property=\"og:type\" content=\"article\" \/>\n<meta property=\"og:title\" content=\"Los Serrano emigran a Am\u00e9rica\" \/>\n<meta property=\"og:description\" content=\"Cruzar\u00e1n el charco junto a &#039;Los Misterios de Laura&#039; y &#039;Pulseras Rojas&#039;, convirti\u00e9ndose en las primeras series espa\u00f1olas adaptadas en EE.UU. \u00a1Al ataque!\" \/>\n<meta property=\"og:url\" content=\"https:\/\/graziamagazine.com\/es\/articles\/los-serrano-emigran-america\/\" \/>\n<meta property=\"og:site_name\" content=\"Grazia\" \/>\n<meta property=\"article:modified_time\" content=\"2015-05-07T09:58:39+00:00\" \/>\n<meta property=\"og:image\" content=\"https:\/\/graziamagazine.com\/es\/wp-content\/uploads\/sites\/12\/2014\/11\/90710_seriesespanolaseneeuu.gif\" \/>\n<meta name=\"twitter:card\" content=\"summary_large_image\" \/>\n<meta name=\"twitter:label1\" content=\"Est. reading time\" \/>\n\t<meta name=\"twitter:data1\" content=\"7 minutos\" \/>\n<script type=\"application\/ld+json\" class=\"yoast-schema-graph\">{\"@context\":\"https:\/\/schema.org\",\"@graph\":[{\"@type\":\"WebPage\",\"@id\":\"https:\/\/graziamagazine.com\/es\/articles\/los-serrano-emigran-america\/\",\"url\":\"https:\/\/graziamagazine.com\/es\/articles\/los-serrano-emigran-america\/\",\"name\":\"Los Serrano emigran a Am\u00e9rica | Grazia\",\"isPartOf\":{\"@id\":\"https:\/\/graziamagazine.com\/es\/#website\"},\"datePublished\":\"2014-10-09T09:54:00+00:00\",\"dateModified\":\"2015-05-07T09:58:39+00:00\",\"description\":\"Cruzar\u00e1n el charco junto a 'Los Misterios de Laura' y 'Pulseras Rojas', convirti\u00e9ndose en las primeras series espa\u00f1olas adaptadas en EE.UU. \u00a1Al ataque!\",\"breadcrumb\":{\"@id\":\"https:\/\/graziamagazine.com\/es\/articles\/los-serrano-emigran-america\/#breadcrumb\"},\"inLanguage\":\"es\",\"potentialAction\":[{\"@type\":\"ReadAction\",\"target\":[\"https:\/\/graziamagazine.com\/es\/articles\/los-serrano-emigran-america\/\"]}]},{\"@type\":\"BreadcrumbList\",\"@id\":\"https:\/\/graziamagazine.com\/es\/articles\/los-serrano-emigran-america\/#breadcrumb\",\"itemListElement\":[{\"@type\":\"ListItem\",\"position\":1,\"name\":\"Portada\",\"item\":\"https:\/\/graziamagazine.com\/es\/\"},{\"@type\":\"ListItem\",\"position\":2,\"name\":\"Los Serrano emigran a Am\u00e9rica\"}]},{\"@type\":\"WebSite\",\"@id\":\"https:\/\/graziamagazine.com\/es\/#website\",\"url\":\"https:\/\/graziamagazine.com\/es\/\",\"name\":\"Grazia\",\"description\":\"Moda, belleza, celebrities, estilo de vida...\",\"potentialAction\":[{\"@type\":\"SearchAction\",\"target\":{\"@type\":\"EntryPoint\",\"urlTemplate\":\"https:\/\/graziamagazine.com\/es\/?s={search_term_string}\"},\"query-input\":\"required name=search_term_string\"}],\"inLanguage\":\"es\"}]}<\/script>\n<!-- \/ Yoast SEO Premium plugin. -->","yoast_head_json":{"title":"Los Serrano emigran a Am\u00e9rica | Grazia","description":"Cruzar\u00e1n el charco junto a 'Los Misterios de Laura' y 'Pulseras Rojas', convirti\u00e9ndose en las primeras series espa\u00f1olas adaptadas en EE.UU. \u00a1Al ataque!","robots":{"index":"index","follow":"follow","max-snippet":"max-snippet:-1","max-image-preview":"max-image-preview:large","max-video-preview":"max-video-preview:-1"},"canonical":"https:\/\/graziamagazine.com\/es\/articles\/los-serrano-emigran-america\/","og_locale":"es_ES","og_type":"article","og_title":"Los Serrano emigran a Am\u00e9rica","og_description":"Cruzar\u00e1n el charco junto a 'Los Misterios de Laura' y 'Pulseras Rojas', convirti\u00e9ndose en las primeras series espa\u00f1olas adaptadas en EE.UU. \u00a1Al ataque!","og_url":"https:\/\/graziamagazine.com\/es\/articles\/los-serrano-emigran-america\/","og_site_name":"Grazia","article_modified_time":"2015-05-07T09:58:39+00:00","og_image":[{"url":"https:\/\/graziamagazine.com\/es\/wp-content\/uploads\/sites\/12\/2014\/11\/90710_seriesespanolaseneeuu.gif"}],"twitter_card":"summary_large_image","twitter_misc":{"Est. reading time":"7 minutos"},"schema":{"@context":"https:\/\/schema.org","@graph":[{"@type":"WebPage","@id":"https:\/\/graziamagazine.com\/es\/articles\/los-serrano-emigran-america\/","url":"https:\/\/graziamagazine.com\/es\/articles\/los-serrano-emigran-america\/","name":"Los Serrano emigran a Am\u00e9rica | Grazia","isPartOf":{"@id":"https:\/\/graziamagazine.com\/es\/#website"},"datePublished":"2014-10-09T09:54:00+00:00","dateModified":"2015-05-07T09:58:39+00:00","description":"Cruzar\u00e1n el charco junto a 'Los Misterios de Laura' y 'Pulseras Rojas', convirti\u00e9ndose en las primeras series espa\u00f1olas adaptadas en EE.UU. \u00a1Al ataque!","breadcrumb":{"@id":"https:\/\/graziamagazine.com\/es\/articles\/los-serrano-emigran-america\/#breadcrumb"},"inLanguage":"es","potentialAction":[{"@type":"ReadAction","target":["https:\/\/graziamagazine.com\/es\/articles\/los-serrano-emigran-america\/"]}]},{"@type":"BreadcrumbList","@id":"https:\/\/graziamagazine.com\/es\/articles\/los-serrano-emigran-america\/#breadcrumb","itemListElement":[{"@type":"ListItem","position":1,"name":"Portada","item":"https:\/\/graziamagazine.com\/es\/"},{"@type":"ListItem","position":2,"name":"Los Serrano emigran a Am\u00e9rica"}]},{"@type":"WebSite","@id":"https:\/\/graziamagazine.com\/es\/#website","url":"https:\/\/graziamagazine.com\/es\/","name":"Grazia","description":"Moda, belleza, celebrities, estilo de vida...","potentialAction":[{"@type":"SearchAction","target":{"@type":"EntryPoint","urlTemplate":"https:\/\/graziamagazine.com\/es\/?s={search_term_string}"},"query-input":"required name=search_term_string"}],"inLanguage":"es"}]}},"jetpack_sharing_enabled":true,"distributor_meta":false,"distributor_terms":false,"distributor_media":false,"distributor_original_site_name":"Grazia","distributor_original_site_url":"https:\/\/graziamagazine.com\/es","push-errors":false,"_links":{"self":[{"href":"https:\/\/graziamagazine.com\/es\/wp-json\/wp\/v2\/articles\/1037"}],"collection":[{"href":"https:\/\/graziamagazine.com\/es\/wp-json\/wp\/v2\/articles"}],"about":[{"href":"https:\/\/graziamagazine.com\/es\/wp-json\/wp\/v2\/types\/articles"}],"author":[{"embeddable":true,"href":"https:\/\/graziamagazine.com\/es\/wp-json\/wp\/v2\/users\/16025"}],"wp:attachment":[{"href":"https:\/\/graziamagazine.com\/es\/wp-json\/wp\/v2\/media?parent=1037"}],"wp:term":[{"taxonomy":"category","embeddable":true,"href":"https:\/\/graziamagazine.com\/es\/wp-json\/wp\/v2\/categories?post=1037"}],"curies":[{"name":"wp","href":"https:\/\/api.w.org\/{rel}","templated":true}]}}