{"id":101201,"date":"2017-02-01T21:44:12","date_gmt":"2017-02-01T20:44:12","guid":{"rendered":"https:\/\/graziamagazine.com\/es\/?p=101201"},"modified":"2017-02-15T17:57:34","modified_gmt":"2017-02-15T16:57:34","slug":"beyonce-algo-importante-contarte","status":"publish","type":"articles","link":"https:\/\/graziamagazine.com\/es\/articles\/beyonce-algo-importante-contarte\/","title":{"rendered":"Beyonc\u00e9 tiene algo muy importante que contarte"},"content":{"rendered":"<p>Lo que <strong><a href=\"https:\/\/graziamagazine.com\/es\/etiqueta\/beyonce\/\" target=\"_blank\">Beyonc\u00e9<\/a><\/strong> acaba de anunciar no tiene nada que ver con una retirada de los escenarios ni tampoco con que se vaya a separar de Jay-Z.\u00a0Tranquilidad, sabemos que\u00a0otra ruptura como la de Brangelina ser\u00eda un golpe muy duro.<strong> Lo que la cantante quiere que sepas es que est\u00e1 embaraza \u00a1de gemelos!\u00a0<\/strong>Blue Ivy, sentimos comunicarte esto pero se acab\u00f3 <a href=\"https:\/\/graziamagazine.com\/es\/celebs\/blue-ivy-y-su-cumpleanos-de-princesa\/\" target=\"_blank\">tu reinado<\/a>.<\/p>\n<figure id=\"attachment_101202\" aria-describedby=\"caption-attachment-101202\" style=\"width: 500px\" class=\"wp-caption aligncenter\"><img loading=\"lazy\" decoding=\"async\" class=\"wp-image-101202 size-full\" src=\"https:\/\/graziamagazine.com\/es\/wp-content\/uploads\/sites\/12\/2017\/02\/source.gif\" width=\"500\" height=\"275\" \/><figcaption id=\"caption-attachment-101202\" class=\"wp-caption-text\">S\u00ed, s\u00ed&#8230; As\u00ed es.<\/figcaption><\/figure>\n<p>Tan importante acontecimiento <strong>ha sido anunciado v\u00eda Instagram,<\/strong> <del>c\u00f3mo no<\/del>. Parece que atr\u00e1s quedaron esos d\u00edas en los que las estrellas ten\u00edan su medio de cabecera o periodista de confianza para dar a conocer sus nuevos proyectos y novedades\u00a0en su vida personal.<\/p>\n<blockquote class=\"instagram-media\" style=\"background: #FFF; border: 0; border-radius: 3px; box-shadow: 0 0 1px 0 rgba(0,0,0,0.5),0 1px 10px 0 rgba(0,0,0,0.15); margin: 1px; max-width: 658px; padding: 0; width: calc(100% - 2px);\" data-instgrm-captioned=\"\" data-instgrm-version=\"7\">\n<div style=\"padding: 8px;\">\n<div style=\"background: #F8F8F8; line-height: 0; margin-top: 40px; padding: 61.94444444444444% 0; text-align: center; width: 100%;\"><\/div>\n<p style=\"margin: 8px 0 0 0; padding: 0 4px;\"><a href=\"https:\/\/www.instagram.com\/p\/BP-rXUGBPJa\/\"style=\"color: #000; font-family: Arial,sans-serif; font-size: 14px; font-style: normal; font-weight: normal; line-height: 17px; text-decoration: none; word-wrap: break-word;\"  target=\"_blank\" target=\"_blank\">We would like to share our love and happiness. We have been blessed two times over. We are incredibly grateful that our family will be growing by two, and we thank you for your well wishes. &#8211; The Carters<\/a><\/p>\n<p style=\"color: #c9c8cd; font-family: Arial,sans-serif; font-size: 14px; line-height: 17px; margin-bottom: 0; margin-top: 8px; overflow: hidden; padding: 8px 0 7px; text-align: center; text-overflow: ellipsis; white-space: nowrap;\">Una foto publicada por Beyonc\u00e9 (@beyonce) el <time style=\"font-family: Arial,sans-serif; font-size: 14px; line-height: 17px;\" datetime=\"2017-02-01T18:39:00+00:00\">1 de Feb de 2017 a la(s) 10:39 PST<\/time><\/p>\n<\/div>\n<\/blockquote>\n<p><script async defer src=\"\/\/platform.instagram.com\/en_US\/embeds.js\"><\/script><br \/>\n\u00abNos gustar\u00eda compartir nuestro amor y felicidad. <strong>Hemos sido bendecidos por partida doble.<\/strong> Estamos incre\u00edblemente agradecidos de que\u00a0nuestra familia crezca por dos\u00a0y por todo vuestro apoyo\u00bb, escrib\u00eda la cantante acompa\u00f1ando la imagen que ya acumula cerca de los\u00a0cuatro\u00a0millones de <em>likes<\/em>.<\/p>\n<p>Con esta noticia <strong>la pareja\u00a0pone fin a los continuos rumores de crisis matrimonial,<\/strong> a las posibles infidelidades por parte de Jay-Z y confirma que 2017 ha empezado cargado de <a href=\"https:\/\/graziamagazine.com\/es\/celebs\/beyonce-grammy-historia\/\" target=\"_blank\">nuevas ilusiones<\/a>.<\/p>\n<figure id=\"attachment_101210\" aria-describedby=\"caption-attachment-101210\" style=\"width: 784px\" class=\"wp-caption aligncenter\"><img loading=\"lazy\" decoding=\"async\" class=\"wp-image-101210 size-full\" src=\"https:\/\/graziamagazine.com\/es\/wp-content\/uploads\/sites\/12\/2017\/02\/beyonceembarazada21.jpg\" width=\"784\" height=\"550\" srcset=\"https:\/\/graziamagazine.com\/es\/wp-content\/uploads\/sites\/12\/2017\/02\/beyonceembarazada21.jpg 784w, https:\/\/graziamagazine.com\/es\/wp-content\/uploads\/sites\/12\/2017\/02\/beyonceembarazada21-300x210.jpg 300w, https:\/\/graziamagazine.com\/es\/wp-content\/uploads\/sites\/12\/2017\/02\/beyonceembarazada21-768x539.jpg 768w, https:\/\/graziamagazine.com\/es\/wp-content\/uploads\/sites\/12\/2017\/02\/beyonceembarazada21-720x505.jpg 720w, https:\/\/graziamagazine.com\/es\/wp-content\/uploads\/sites\/12\/2017\/02\/beyonceembarazada21-626x439.jpg 626w, https:\/\/graziamagazine.com\/es\/wp-content\/uploads\/sites\/12\/2017\/02\/beyonceembarazada21-360x253.jpg 360w\" sizes=\"(max-width: 784px) 100vw, 784px\" \/><figcaption id=\"caption-attachment-101210\" class=\"wp-caption-text\">Y todav\u00eda no se han celebrado\u00a0los Grammy&#8230; \u00a9 Getty Images<\/figcaption><\/figure>\n<p>Ahora solo nos queda saber&#8230; \u00bfqu\u00e9 nombre elegir\u00e1 para sus\u00a0reto\u00f1os?\u00a0\u00bfRecurrir\u00e1 de nuevo a los colores\u00a0como fuente de inspiraci\u00f3n?<em>\u00a0Step by step<\/em>&#8230;<\/p>\n<p><iframe loading=\"lazy\" style=\"border: none; overflow: hidden; height: 258px;\" src=\"\/\/www.facebook.com\/plugins\/likebox.php?href=https%3A%2F%2Fwww.facebook.com%2Fgraziaespana&amp;width&amp;height=258&amp;colorscheme=light&amp;show_faces=true&amp;header=false&amp;stream=false&amp;show_border=false&amp;appId=349017955267591\" width=\"300\" height=\"150\" frameborder=\"0\" scrolling=\"no\"><\/iframe><\/p>\n","protected":false},"author":12360,"featured_media":0,"template":"","format":"standard","categories":[14,13],"acf":[],"yoast_head":"<!-- This site is optimized with the Yoast SEO Premium plugin v18.5 (Yoast SEO v20.4) - https:\/\/yoast.com\/wordpress\/plugins\/seo\/ -->\n<title>Beyonc\u00e9 tiene algo muy importante que contarte | Grazia<\/title>\n<meta name=\"description\" content=\"La cantante pone fin a los rumores de crisis matrimonial con Jay-Z con una noticia que va camino a convertirse en el acontecimiento (celebrity) del a\u00f1o.\" \/>\n<meta name=\"robots\" content=\"index, follow, max-snippet:-1, max-image-preview:large, max-video-preview:-1\" \/>\n<link rel=\"canonical\" href=\"https:\/\/graziamagazine.com\/es\/articles\/beyonce-algo-importante-contarte\/\" \/>\n<meta property=\"og:locale\" content=\"es_ES\" \/>\n<meta property=\"og:type\" content=\"article\" \/>\n<meta property=\"og:title\" content=\"Beyonc\u00e9 tiene algo muy importante que contarte\" \/>\n<meta property=\"og:description\" content=\"La cantante pone fin a los rumores de crisis matrimonial con Jay-Z con una noticia que va camino a convertirse en el acontecimiento (celebrity) del a\u00f1o.\" \/>\n<meta property=\"og:url\" content=\"https:\/\/graziamagazine.com\/es\/articles\/beyonce-algo-importante-contarte\/\" \/>\n<meta property=\"og:site_name\" content=\"Grazia\" \/>\n<meta property=\"article:modified_time\" content=\"2017-02-15T16:57:34+00:00\" \/>\n<meta property=\"og:image\" content=\"https:\/\/graziamagazine.com\/es\/wp-content\/uploads\/sites\/12\/2017\/02\/01214153\/beyonceembarazada31.jpg?fit=784%2C480\" \/>\n\t<meta property=\"og:image:width\" content=\"784\" \/>\n\t<meta property=\"og:image:height\" content=\"480\" \/>\n\t<meta property=\"og:image:type\" content=\"image\/jpeg\" \/>\n<meta name=\"twitter:card\" content=\"summary_large_image\" \/>\n<meta name=\"twitter:title\" content=\"Beyonc\u00e9 tiene algo muy importante que contarte\" \/>\n<meta name=\"twitter:description\" content=\"La cantante pone fin a los rumores de crisis matrimonial con Jay-Z con una noticia que va camino a convertirse en el acontecimiento (celebrity) del a\u00f1o.\" \/>\n<meta name=\"twitter:image\" content=\"http:\/\/s3-eu-west-1.amazonaws.com\/grazia-cdn\/wp-content\/uploads\/sites\/12\/2017\/02\/01214153\/beyonceembarazada31.jpg\" \/>\n<meta name=\"twitter:label1\" content=\"Est. reading time\" \/>\n\t<meta name=\"twitter:data1\" content=\"2 minutos\" \/>\n<script type=\"application\/ld+json\" class=\"yoast-schema-graph\">{\"@context\":\"https:\/\/schema.org\",\"@graph\":[{\"@type\":\"WebPage\",\"@id\":\"https:\/\/graziamagazine.com\/es\/articles\/beyonce-algo-importante-contarte\/\",\"url\":\"https:\/\/graziamagazine.com\/es\/articles\/beyonce-algo-importante-contarte\/\",\"name\":\"Beyonc\u00e9 tiene algo muy importante que contarte | Grazia\",\"isPartOf\":{\"@id\":\"https:\/\/graziamagazine.com\/es\/#website\"},\"datePublished\":\"2017-02-01T20:44:12+00:00\",\"dateModified\":\"2017-02-15T16:57:34+00:00\",\"description\":\"La cantante pone fin a los rumores de crisis matrimonial con Jay-Z con una noticia que va camino a convertirse en el acontecimiento (celebrity) del a\u00f1o.\",\"breadcrumb\":{\"@id\":\"https:\/\/graziamagazine.com\/es\/articles\/beyonce-algo-importante-contarte\/#breadcrumb\"},\"inLanguage\":\"es\",\"potentialAction\":[{\"@type\":\"ReadAction\",\"target\":[\"https:\/\/graziamagazine.com\/es\/articles\/beyonce-algo-importante-contarte\/\"]}]},{\"@type\":\"BreadcrumbList\",\"@id\":\"https:\/\/graziamagazine.com\/es\/articles\/beyonce-algo-importante-contarte\/#breadcrumb\",\"itemListElement\":[{\"@type\":\"ListItem\",\"position\":1,\"name\":\"Portada\",\"item\":\"https:\/\/graziamagazine.com\/es\/\"},{\"@type\":\"ListItem\",\"position\":2,\"name\":\"Beyonc\u00e9 tiene algo muy importante que contarte\"}]},{\"@type\":\"WebSite\",\"@id\":\"https:\/\/graziamagazine.com\/es\/#website\",\"url\":\"https:\/\/graziamagazine.com\/es\/\",\"name\":\"Grazia\",\"description\":\"Moda, belleza, celebrities, estilo de vida...\",\"potentialAction\":[{\"@type\":\"SearchAction\",\"target\":{\"@type\":\"EntryPoint\",\"urlTemplate\":\"https:\/\/graziamagazine.com\/es\/?s={search_term_string}\"},\"query-input\":\"required name=search_term_string\"}],\"inLanguage\":\"es\"}]}<\/script>\n<!-- \/ Yoast SEO Premium plugin. -->","yoast_head_json":{"title":"Beyonc\u00e9 tiene algo muy importante que contarte | Grazia","description":"La cantante pone fin a los rumores de crisis matrimonial con Jay-Z con una noticia que va camino a convertirse en el acontecimiento (celebrity) del a\u00f1o.","robots":{"index":"index","follow":"follow","max-snippet":"max-snippet:-1","max-image-preview":"max-image-preview:large","max-video-preview":"max-video-preview:-1"},"canonical":"https:\/\/graziamagazine.com\/es\/articles\/beyonce-algo-importante-contarte\/","og_locale":"es_ES","og_type":"article","og_title":"Beyonc\u00e9 tiene algo muy importante que contarte","og_description":"La cantante pone fin a los rumores de crisis matrimonial con Jay-Z con una noticia que va camino a convertirse en el acontecimiento (celebrity) del a\u00f1o.","og_url":"https:\/\/graziamagazine.com\/es\/articles\/beyonce-algo-importante-contarte\/","og_site_name":"Grazia","article_modified_time":"2017-02-15T16:57:34+00:00","og_image":[{"width":784,"height":480,"url":"https:\/\/graziamagazine.com\/es\/wp-content\/uploads\/sites\/12\/2017\/02\/01214153\/beyonceembarazada31.jpg?fit=784%2C480","type":"image\/jpeg"}],"twitter_card":"summary_large_image","twitter_title":"Beyonc\u00e9 tiene algo muy importante que contarte","twitter_description":"La cantante pone fin a los rumores de crisis matrimonial con Jay-Z con una noticia que va camino a convertirse en el acontecimiento (celebrity) del a\u00f1o.","twitter_image":"http:\/\/s3-eu-west-1.amazonaws.com\/grazia-cdn\/wp-content\/uploads\/sites\/12\/2017\/02\/01214153\/beyonceembarazada31.jpg","twitter_misc":{"Est. reading time":"2 minutos"},"schema":{"@context":"https:\/\/schema.org","@graph":[{"@type":"WebPage","@id":"https:\/\/graziamagazine.com\/es\/articles\/beyonce-algo-importante-contarte\/","url":"https:\/\/graziamagazine.com\/es\/articles\/beyonce-algo-importante-contarte\/","name":"Beyonc\u00e9 tiene algo muy importante que contarte | Grazia","isPartOf":{"@id":"https:\/\/graziamagazine.com\/es\/#website"},"datePublished":"2017-02-01T20:44:12+00:00","dateModified":"2017-02-15T16:57:34+00:00","description":"La cantante pone fin a los rumores de crisis matrimonial con Jay-Z con una noticia que va camino a convertirse en el acontecimiento (celebrity) del a\u00f1o.","breadcrumb":{"@id":"https:\/\/graziamagazine.com\/es\/articles\/beyonce-algo-importante-contarte\/#breadcrumb"},"inLanguage":"es","potentialAction":[{"@type":"ReadAction","target":["https:\/\/graziamagazine.com\/es\/articles\/beyonce-algo-importante-contarte\/"]}]},{"@type":"BreadcrumbList","@id":"https:\/\/graziamagazine.com\/es\/articles\/beyonce-algo-importante-contarte\/#breadcrumb","itemListElement":[{"@type":"ListItem","position":1,"name":"Portada","item":"https:\/\/graziamagazine.com\/es\/"},{"@type":"ListItem","position":2,"name":"Beyonc\u00e9 tiene algo muy importante que contarte"}]},{"@type":"WebSite","@id":"https:\/\/graziamagazine.com\/es\/#website","url":"https:\/\/graziamagazine.com\/es\/","name":"Grazia","description":"Moda, belleza, celebrities, estilo de vida...","potentialAction":[{"@type":"SearchAction","target":{"@type":"EntryPoint","urlTemplate":"https:\/\/graziamagazine.com\/es\/?s={search_term_string}"},"query-input":"required name=search_term_string"}],"inLanguage":"es"}]}},"jetpack_sharing_enabled":true,"distributor_meta":false,"distributor_terms":false,"distributor_media":false,"distributor_original_site_name":"Grazia","distributor_original_site_url":"https:\/\/graziamagazine.com\/es","push-errors":false,"_links":{"self":[{"href":"https:\/\/graziamagazine.com\/es\/wp-json\/wp\/v2\/articles\/101201"}],"collection":[{"href":"https:\/\/graziamagazine.com\/es\/wp-json\/wp\/v2\/articles"}],"about":[{"href":"https:\/\/graziamagazine.com\/es\/wp-json\/wp\/v2\/types\/articles"}],"author":[{"embeddable":true,"href":"https:\/\/graziamagazine.com\/es\/wp-json\/wp\/v2\/users\/12360"}],"wp:attachment":[{"href":"https:\/\/graziamagazine.com\/es\/wp-json\/wp\/v2\/media?parent=101201"}],"wp:term":[{"taxonomy":"category","embeddable":true,"href":"https:\/\/graziamagazine.com\/es\/wp-json\/wp\/v2\/categories?post=101201"}],"curies":[{"name":"wp","href":"https:\/\/api.w.org\/{rel}","templated":true}]}}