{"id":101153,"date":"2017-02-01T14:14:42","date_gmt":"2017-02-01T13:14:42","guid":{"rendered":"https:\/\/graziamagazine.com\/es\/?p=101153"},"modified":"2017-04-25T11:32:31","modified_gmt":"2017-04-25T09:32:31","slug":"ikea-coleccion-spridd-festival-estilo","status":"publish","type":"articles","link":"https:\/\/graziamagazine.com\/es\/articles\/ikea-coleccion-spridd-festival-estilo\/","title":{"rendered":"Ikea quiere que te vayas de festival con estilo"},"content":{"rendered":"<div class=\"textLayer\">\n<p data-canvas-width=\"44.620554466735555\" data-angle=\"0\" data-font-name=\"g_font_3\">Conforme se acerca la primavera, empiezan a desvelarse los cabezas de cartel de los grandes festivales, citas imprescindibles para todo mel\u00f3mano y fan de los eventos al aire libre. Primavera Sound, S\u00f3nar, BBK, Fib, Mad Cool&#8230; Todos compiten porque vayamos al suyo pero <strong>Ikea quiere que adem\u00e1s lo hagamos con estilo (y mucho).<\/strong><\/p>\n<figure id=\"attachment_101155\" aria-describedby=\"caption-attachment-101155\" style=\"width: 785px\" class=\"wp-caption aligncenter\"><img loading=\"lazy\" decoding=\"async\" class=\"wp-image-101155 size-full\" src=\"https:\/\/graziamagazine.com\/es\/wp-content\/uploads\/sites\/12\/2017\/02\/ikeacoleccion4.jpg\" width=\"785\" height=\"550\" srcset=\"https:\/\/graziamagazine.com\/es\/wp-content\/uploads\/sites\/12\/2017\/02\/ikeacoleccion4.jpg 785w, https:\/\/graziamagazine.com\/es\/wp-content\/uploads\/sites\/12\/2017\/02\/ikeacoleccion4-300x210.jpg 300w, https:\/\/graziamagazine.com\/es\/wp-content\/uploads\/sites\/12\/2017\/02\/ikeacoleccion4-768x538.jpg 768w, https:\/\/graziamagazine.com\/es\/wp-content\/uploads\/sites\/12\/2017\/02\/ikeacoleccion4-720x504.jpg 720w, https:\/\/graziamagazine.com\/es\/wp-content\/uploads\/sites\/12\/2017\/02\/ikeacoleccion4-626x439.jpg 626w, https:\/\/graziamagazine.com\/es\/wp-content\/uploads\/sites\/12\/2017\/02\/ikeacoleccion4-360x252.jpg 360w\" sizes=\"(max-width: 785px) 100vw, 785px\" \/><figcaption id=\"caption-attachment-101155\" class=\"wp-caption-text\">\u00bfAs\u00ed te parece hacerlo con suficiente estilo? \u00a9 Cortes\u00eda Ikea<\/figcaption><\/figure>\n<\/div>\n<p data-canvas-width=\"44.620554466735555\" data-angle=\"0\" data-font-name=\"g_font_3\">Por eso, y con el fin de acercar todav\u00eda m\u00e1s el mundo de la decoraci\u00f3n con el de la moda, la firma sueca acaba de presentar su \u00faltima colecci\u00f3n limitada que acaba de salir a la venta. <strong>Spridd es su nombre y qu\u00e9date con \u00e9l porque vas a quererlo todo,<\/strong> sobre todo si por tus venas corre sangre festivalera.<\/p>\n<p data-canvas-width=\"44.620554466735555\" data-angle=\"0\" data-font-name=\"g_font_3\">Esta nueva colecci\u00f3n es fruto del trabajo de Ikea junto al<strong> dise\u00f1ador de moda masculina londinense <a href=\"http:\/\/www.kitneale.com\/\" target=\"_blank\" target=\"_blank\">Kit Neale<\/a>,<\/strong> considerado uno de los m\u00e1s vanguardistas de su sector y reconocido por sus particulares estampados. \u00bfSu inspiraci\u00f3n? El esp\u00edritu n\u00f3mada asociado a la juventud y la m\u00fasica electr\u00f3nica, el hip hop de los 90, el rock y el reggae, cuatro estilos musicales que le han llevado a crear cuatro <em>prints<\/em> muy pop y coloridos.<\/p>\n<figure id=\"attachment_101154\" aria-describedby=\"caption-attachment-101154\" style=\"width: 700px\" class=\"wp-caption aligncenter\"><img loading=\"lazy\" decoding=\"async\" class=\"wp-image-101154 size-full\" src=\"https:\/\/graziamagazine.com\/es\/wp-content\/uploads\/sites\/12\/2017\/02\/ikeacoleccion5.jpg\" width=\"700\" height=\"650\" srcset=\"https:\/\/graziamagazine.com\/es\/wp-content\/uploads\/sites\/12\/2017\/02\/ikeacoleccion5.jpg 700w, https:\/\/graziamagazine.com\/es\/wp-content\/uploads\/sites\/12\/2017\/02\/ikeacoleccion5-300x279.jpg 300w, https:\/\/graziamagazine.com\/es\/wp-content\/uploads\/sites\/12\/2017\/02\/ikeacoleccion5-626x581.jpg 626w, https:\/\/graziamagazine.com\/es\/wp-content\/uploads\/sites\/12\/2017\/02\/ikeacoleccion5-360x334.jpg 360w\" sizes=\"(max-width: 700px) 100vw, 700px\" \/><figcaption id=\"caption-attachment-101154\" class=\"wp-caption-text\">El dise\u00f1ador Kit Neale durante el rodaje de la campa\u00f1a de la colecci\u00f3n. \u00a9 Cortes\u00eda de Ikea<\/figcaption><\/figure>\n<p data-canvas-width=\"44.620554466735555\" data-angle=\"0\" data-font-name=\"g_font_3\">\u00abSPRIDD es muy festivalera con tiendas de campa\u00f1a, bolsas de lona y botellas, adem\u00e1s de cajas que sirven para mudarse a la Universidad o donde sea. F\u00e1ciles de transportar en el coche, en el autob\u00fas, el tren o el avi\u00f3n. <strong>\u00c9sta es una colecci\u00f3n que se mover\u00e1. Est\u00e1 inspirada en la cultura juvenil y en lo que significa ser joven.<\/strong> La juventud es un per\u00edodo ca\u00f3tico en la vida de la gente, y quiz\u00e1s el m\u00e1s importante. Nos prepara para la vida\u201d, <a href=\"https:\/\/www.youtube.com\/watch?time_continue=39&amp;v=aGxaB4ixaH4\" target=\"_blank\" target=\"_blank\">ha contado sobre este nuevo proyecto el dise\u00f1ador<\/a>.<\/p>\n<p data-canvas-width=\"44.620554466735555\" data-angle=\"0\" data-font-name=\"g_font_3\">#SiempreAlgoNuevo es el esl\u00f3gan de esta firma de decoraci\u00f3n que ha cambiado la forma <del>y el coste<\/del> de amueblar una casa y con esta colecci\u00f3n reafirman de nuevo su esp\u00edritu innovador y transgresor, presentando <strong>una colecci\u00f3n llena de vitalidad, salvaje y ecl\u00e9ctica. <\/strong>As\u00ed es Spridd:<\/p>\n<p data-canvas-width=\"44.620554466735555\" data-angle=\"0\" data-font-name=\"g_font_3\">[galeria]<\/p>\n<div class=\"textLayer\">\n<div data-canvas-width=\"427.1396750169262\" data-angle=\"0\" data-font-name=\"g_font_1\">\n<div class=\"textLayer\">\n<div data-canvas-width=\"462.39034957060903\" data-angle=\"0\" data-font-name=\"g_font_1\">\n<div data-canvas-width=\"139.99612300894415\" data-angle=\"0\" data-font-name=\"g_font_1\">\n<p><iframe loading=\"lazy\" style=\"border: none; overflow: hidden; height: 258px;\" src=\"\/\/www.facebook.com\/plugins\/likebox.php?href=https%3A%2F%2Fwww.facebook.com%2Fgraziaespana&amp;width&amp;height=258&amp;colorscheme=light&amp;show_faces=true&amp;header=false&amp;stream=false&amp;show_border=false&amp;appId=349017955267591\" width=\"300\" height=\"150\" frameborder=\"0\" scrolling=\"no\"><\/iframe><\/p>\n<\/div>\n<\/div>\n<\/div>\n<\/div>\n<\/div>\n","protected":false},"author":12360,"featured_media":0,"template":"","format":"standard","categories":[19,18],"acf":[],"yoast_head":"<!-- This site is optimized with the Yoast SEO Premium plugin v18.5 (Yoast SEO v20.4) - https:\/\/yoast.com\/wordpress\/plugins\/seo\/ -->\n<title>Ikea quiere que te vayas de festival con estilo | Grazia<\/title>\n<meta name=\"description\" content=\"La firma sueca se acerca al mundo de la moda con una colecci\u00f3n limitada creada por Kit Neale y pensada para amantes de la m\u00fasica y los festivales.\" \/>\n<meta name=\"robots\" content=\"index, follow, max-snippet:-1, max-image-preview:large, max-video-preview:-1\" \/>\n<link rel=\"canonical\" href=\"https:\/\/graziamagazine.com\/es\/articles\/ikea-coleccion-spridd-festival-estilo\/\" \/>\n<meta property=\"og:locale\" content=\"es_ES\" \/>\n<meta property=\"og:type\" content=\"article\" \/>\n<meta property=\"og:title\" content=\"Ikea quiere que te vayas de festival con estilo\" \/>\n<meta property=\"og:description\" content=\"La firma sueca se acerca al mundo de la moda con una colecci\u00f3n limitada creada por el dise\u00f1ador Kit Neale y pensada para amantes de la m\u00fasica y los festivales.\" \/>\n<meta property=\"og:url\" content=\"https:\/\/graziamagazine.com\/es\/articles\/ikea-coleccion-spridd-festival-estilo\/\" \/>\n<meta property=\"og:site_name\" content=\"Grazia\" \/>\n<meta property=\"article:modified_time\" content=\"2017-04-25T09:32:31+00:00\" \/>\n<meta property=\"og:image\" content=\"https:\/\/graziamagazine.com\/es\/wp-content\/uploads\/sites\/12\/2017\/02\/01131309\/ikeacoleccion2.jpg?fit=785%2C480\" \/>\n\t<meta property=\"og:image:width\" content=\"785\" \/>\n\t<meta property=\"og:image:height\" content=\"480\" \/>\n\t<meta property=\"og:image:type\" content=\"image\/jpeg\" \/>\n<meta name=\"twitter:card\" content=\"summary_large_image\" \/>\n<meta name=\"twitter:title\" content=\"Ikea quiere que te vayas de festival con estilo\" \/>\n<meta name=\"twitter:description\" content=\"La firma sueca se acerca al mundo de la moda con una colecci\u00f3n limitada creada por el dise\u00f1ador Kit Neale y pensada para amantes de la m\u00fasica y los festivales.\" \/>\n<meta name=\"twitter:image\" content=\"http:\/\/s3-eu-west-1.amazonaws.com\/grazia-cdn\/wp-content\/uploads\/sites\/12\/2017\/02\/01131309\/ikeacoleccion2.jpg\" \/>\n<meta name=\"twitter:label1\" content=\"Est. reading time\" \/>\n\t<meta name=\"twitter:data1\" content=\"2 minutos\" \/>\n<script type=\"application\/ld+json\" class=\"yoast-schema-graph\">{\"@context\":\"https:\/\/schema.org\",\"@graph\":[{\"@type\":\"WebPage\",\"@id\":\"https:\/\/graziamagazine.com\/es\/articles\/ikea-coleccion-spridd-festival-estilo\/\",\"url\":\"https:\/\/graziamagazine.com\/es\/articles\/ikea-coleccion-spridd-festival-estilo\/\",\"name\":\"Ikea quiere que te vayas de festival con estilo | Grazia\",\"isPartOf\":{\"@id\":\"https:\/\/graziamagazine.com\/es\/#website\"},\"datePublished\":\"2017-02-01T13:14:42+00:00\",\"dateModified\":\"2017-04-25T09:32:31+00:00\",\"description\":\"La firma sueca se acerca al mundo de la moda con una colecci\u00f3n limitada creada por Kit Neale y pensada para amantes de la m\u00fasica y los festivales.\",\"breadcrumb\":{\"@id\":\"https:\/\/graziamagazine.com\/es\/articles\/ikea-coleccion-spridd-festival-estilo\/#breadcrumb\"},\"inLanguage\":\"es\",\"potentialAction\":[{\"@type\":\"ReadAction\",\"target\":[\"https:\/\/graziamagazine.com\/es\/articles\/ikea-coleccion-spridd-festival-estilo\/\"]}]},{\"@type\":\"BreadcrumbList\",\"@id\":\"https:\/\/graziamagazine.com\/es\/articles\/ikea-coleccion-spridd-festival-estilo\/#breadcrumb\",\"itemListElement\":[{\"@type\":\"ListItem\",\"position\":1,\"name\":\"Portada\",\"item\":\"https:\/\/graziamagazine.com\/es\/\"},{\"@type\":\"ListItem\",\"position\":2,\"name\":\"Ikea quiere que te vayas de festival con estilo\"}]},{\"@type\":\"WebSite\",\"@id\":\"https:\/\/graziamagazine.com\/es\/#website\",\"url\":\"https:\/\/graziamagazine.com\/es\/\",\"name\":\"Grazia\",\"description\":\"Moda, belleza, celebrities, estilo de vida...\",\"potentialAction\":[{\"@type\":\"SearchAction\",\"target\":{\"@type\":\"EntryPoint\",\"urlTemplate\":\"https:\/\/graziamagazine.com\/es\/?s={search_term_string}\"},\"query-input\":\"required name=search_term_string\"}],\"inLanguage\":\"es\"}]}<\/script>\n<!-- \/ Yoast SEO Premium plugin. -->","yoast_head_json":{"title":"Ikea quiere que te vayas de festival con estilo | Grazia","description":"La firma sueca se acerca al mundo de la moda con una colecci\u00f3n limitada creada por Kit Neale y pensada para amantes de la m\u00fasica y los festivales.","robots":{"index":"index","follow":"follow","max-snippet":"max-snippet:-1","max-image-preview":"max-image-preview:large","max-video-preview":"max-video-preview:-1"},"canonical":"https:\/\/graziamagazine.com\/es\/articles\/ikea-coleccion-spridd-festival-estilo\/","og_locale":"es_ES","og_type":"article","og_title":"Ikea quiere que te vayas de festival con estilo","og_description":"La firma sueca se acerca al mundo de la moda con una colecci\u00f3n limitada creada por el dise\u00f1ador Kit Neale y pensada para amantes de la m\u00fasica y los festivales.","og_url":"https:\/\/graziamagazine.com\/es\/articles\/ikea-coleccion-spridd-festival-estilo\/","og_site_name":"Grazia","article_modified_time":"2017-04-25T09:32:31+00:00","og_image":[{"width":785,"height":480,"url":"https:\/\/graziamagazine.com\/es\/wp-content\/uploads\/sites\/12\/2017\/02\/01131309\/ikeacoleccion2.jpg?fit=785%2C480","type":"image\/jpeg"}],"twitter_card":"summary_large_image","twitter_title":"Ikea quiere que te vayas de festival con estilo","twitter_description":"La firma sueca se acerca al mundo de la moda con una colecci\u00f3n limitada creada por el dise\u00f1ador Kit Neale y pensada para amantes de la m\u00fasica y los festivales.","twitter_image":"http:\/\/s3-eu-west-1.amazonaws.com\/grazia-cdn\/wp-content\/uploads\/sites\/12\/2017\/02\/01131309\/ikeacoleccion2.jpg","twitter_misc":{"Est. reading time":"2 minutos"},"schema":{"@context":"https:\/\/schema.org","@graph":[{"@type":"WebPage","@id":"https:\/\/graziamagazine.com\/es\/articles\/ikea-coleccion-spridd-festival-estilo\/","url":"https:\/\/graziamagazine.com\/es\/articles\/ikea-coleccion-spridd-festival-estilo\/","name":"Ikea quiere que te vayas de festival con estilo | Grazia","isPartOf":{"@id":"https:\/\/graziamagazine.com\/es\/#website"},"datePublished":"2017-02-01T13:14:42+00:00","dateModified":"2017-04-25T09:32:31+00:00","description":"La firma sueca se acerca al mundo de la moda con una colecci\u00f3n limitada creada por Kit Neale y pensada para amantes de la m\u00fasica y los festivales.","breadcrumb":{"@id":"https:\/\/graziamagazine.com\/es\/articles\/ikea-coleccion-spridd-festival-estilo\/#breadcrumb"},"inLanguage":"es","potentialAction":[{"@type":"ReadAction","target":["https:\/\/graziamagazine.com\/es\/articles\/ikea-coleccion-spridd-festival-estilo\/"]}]},{"@type":"BreadcrumbList","@id":"https:\/\/graziamagazine.com\/es\/articles\/ikea-coleccion-spridd-festival-estilo\/#breadcrumb","itemListElement":[{"@type":"ListItem","position":1,"name":"Portada","item":"https:\/\/graziamagazine.com\/es\/"},{"@type":"ListItem","position":2,"name":"Ikea quiere que te vayas de festival con estilo"}]},{"@type":"WebSite","@id":"https:\/\/graziamagazine.com\/es\/#website","url":"https:\/\/graziamagazine.com\/es\/","name":"Grazia","description":"Moda, belleza, celebrities, estilo de vida...","potentialAction":[{"@type":"SearchAction","target":{"@type":"EntryPoint","urlTemplate":"https:\/\/graziamagazine.com\/es\/?s={search_term_string}"},"query-input":"required name=search_term_string"}],"inLanguage":"es"}]}},"jetpack_sharing_enabled":true,"distributor_meta":false,"distributor_terms":false,"distributor_media":false,"distributor_original_site_name":"Grazia","distributor_original_site_url":"https:\/\/graziamagazine.com\/es","push-errors":false,"_links":{"self":[{"href":"https:\/\/graziamagazine.com\/es\/wp-json\/wp\/v2\/articles\/101153"}],"collection":[{"href":"https:\/\/graziamagazine.com\/es\/wp-json\/wp\/v2\/articles"}],"about":[{"href":"https:\/\/graziamagazine.com\/es\/wp-json\/wp\/v2\/types\/articles"}],"author":[{"embeddable":true,"href":"https:\/\/graziamagazine.com\/es\/wp-json\/wp\/v2\/users\/12360"}],"wp:attachment":[{"href":"https:\/\/graziamagazine.com\/es\/wp-json\/wp\/v2\/media?parent=101153"}],"wp:term":[{"taxonomy":"category","embeddable":true,"href":"https:\/\/graziamagazine.com\/es\/wp-json\/wp\/v2\/categories?post=101153"}],"curies":[{"name":"wp","href":"https:\/\/api.w.org\/{rel}","templated":true}]}}