{"id":101088,"date":"2017-01-31T11:17:35","date_gmt":"2017-01-31T10:17:35","guid":{"rendered":"https:\/\/graziamagazine.com\/es\/?p=101088"},"modified":"2017-01-31T11:23:53","modified_gmt":"2017-01-31T10:23:53","slug":"cosas-que-no-sabias-de-manolo-blahnik-exposicion-madrid","status":"publish","type":"articles","link":"https:\/\/graziamagazine.com\/es\/articles\/cosas-que-no-sabias-de-manolo-blahnik-exposicion-madrid\/","title":{"rendered":"45 cosas que no sab\u00edas de los &#8216;Manolo&#8217; (Blahnik)"},"content":{"rendered":"<p>Pocas cosas nos gustan m\u00e1s que un cumplea\u00f1os (<del>igual la tarta, qu\u00e9 s\u00e9 yo)<\/del>; quiz\u00e1 un cumplea\u00f1os en el que los homenajeados son zapatos. Concretamente los celeb\u00e9rrimos modelos de <strong><a href=\"https:\/\/graziamagazine.com\/es\/etiqueta\/manolo-blahnik\/\" target=\"_blank\">Manolo Blahnik<\/a>,<\/strong> que cumplen 45 a\u00f1os y lo celebran con una exposici\u00f3n itinerante, <em>The Art of Shoes,<\/em> que har\u00eda las delicias de la mism\u00edsima Carrie Bradshaw.<\/p>\n<p>La muestra se inauguraba la semana pasada en Mil\u00e1n (hasta el 9 de abril en el Palazzo Morando), para viajar despu\u00e9s a San Petersburgo, a Praga, al Bata Shoe Museum de Toronto y a Madrid. S\u00ed amiga, los zapatitos llegar\u00e1n a la capital a finales de a\u00f1o (la fecha todav\u00eda no ha sido confirmada), concretamente al Museo Nacional de Artes Decorativas.<\/p>\n<p>&nbsp;<\/p>\n<figure id=\"attachment_101091\" aria-describedby=\"caption-attachment-101091\" style=\"width: 492px\" class=\"wp-caption aligncenter\"><img loading=\"lazy\" decoding=\"async\" class=\"size-full wp-image-101091\" src=\"https:\/\/graziamagazine.com\/es\/wp-content\/uploads\/sites\/12\/2017\/01\/exposicion.jpg\" alt=\"\" width=\"492\" height=\"633\" srcset=\"https:\/\/graziamagazine.com\/es\/wp-content\/uploads\/sites\/12\/2017\/01\/exposicion.jpg 492w, https:\/\/graziamagazine.com\/es\/wp-content\/uploads\/sites\/12\/2017\/01\/exposicion-233x300.jpg 233w, https:\/\/graziamagazine.com\/es\/wp-content\/uploads\/sites\/12\/2017\/01\/exposicion-360x463.jpg 360w\" sizes=\"(max-width: 492px) 100vw, 492px\" \/><figcaption id=\"caption-attachment-101091\" class=\"wp-caption-text\">Hasta el cartel de la muestra es bonito. \u00a1C\u00f3mo no!<\/figcaption><\/figure>\n<p>&nbsp;<\/p>\n<ul>\n<li><strong>Bienvenidas al universo Blahnik<\/strong><\/li>\n<\/ul>\n<p>Dividida en seis secciones, la exposici\u00f3n es \u00abun homenaje a la creatividad y el arte de este purista del <em>stiletto<\/em>\u00ab, apunta su comisaria, Cristina Carrillo de Albornoz. En total se podr\u00e1n ver 212 pares de zapatos y m\u00e1s de 80 bocetos con los que adentrarse\u00a0en la mente de este maestro en vestir los pies m\u00e1s afortunados. Adem\u00e1s, y no grites al leerlo, se exhibir\u00e1n algunas de las creaciones que dise\u00f1\u00f3 en exclusiva para la pel\u00edcula de Sof\u00eda Coppola, <em>Mar\u00eda Antonieta<\/em> (2006).<\/p>\n<p>Mientras esperamos impacientes su llegada, desde <em>Grazia<\/em> rendimos homenaje a Manolo Blahnik y su obra con 45 datos que quiz\u00e1 no sab\u00edas. Dentro lista.<\/p>\n<figure id=\"attachment_101093\" aria-describedby=\"caption-attachment-101093\" style=\"width: 640px\" class=\"wp-caption aligncenter\"><img loading=\"lazy\" decoding=\"async\" class=\"size-full wp-image-101093\" src=\"https:\/\/graziamagazine.com\/es\/wp-content\/uploads\/sites\/12\/2017\/01\/Maria-Antonieta.jpg\" alt=\"\" width=\"640\" height=\"427\" srcset=\"https:\/\/graziamagazine.com\/es\/wp-content\/uploads\/sites\/12\/2017\/01\/Maria-Antonieta.jpg 640w, https:\/\/graziamagazine.com\/es\/wp-content\/uploads\/sites\/12\/2017\/01\/Maria-Antonieta-300x200.jpg 300w, https:\/\/graziamagazine.com\/es\/wp-content\/uploads\/sites\/12\/2017\/01\/Maria-Antonieta-626x418.jpg 626w, https:\/\/graziamagazine.com\/es\/wp-content\/uploads\/sites\/12\/2017\/01\/Maria-Antonieta-360x240.jpg 360w\" sizes=\"(max-width: 640px) 100vw, 640px\" \/><figcaption id=\"caption-attachment-101093\" class=\"wp-caption-text\">Algunos de los dise\u00f1os de Manolo Blahnik para la cinta &#8216;Mar\u00eda Antonieta&#8217;. \u00a9\u00a0Sotheby&#8217;s<\/figcaption><\/figure>\n<p><strong>1.\u00a0<\/strong>Manolo Blahnik\u00a0<strong>naci\u00f3 en Santa Cruz de La Palma<\/strong> (Canarias) el 27 de noviembre de 1940.<\/p>\n<p><strong>2.<\/strong> De padre checo y madre canaria, el dise\u00f1ador <strong>se cri\u00f3 entre las plantaciones plataneras de su familia.<\/strong><\/p>\n<p><strong>3.<\/strong> De peque\u00f1o <strong>le\u00eda la revista <em>Vogue<\/em><\/strong> que le llegaba a su madre por correo.<\/p>\n<p><strong>4.<\/strong> Comenz\u00f3 la carrera de <strong>Derecho Internacional en Ginebra<\/strong>, pero la dej\u00f3 para mudarse a Par\u00eds.<\/p>\n<p><strong>5.<\/strong> <strong>Estudi\u00f3 Arte<\/strong> durante un a\u00f1o en la capital francesa.<\/p>\n<p><strong>6.<\/strong> Trabaj\u00f3 como <strong>fot\u00f3grafo para el <em>Sunday Times<\/em><\/strong> en Londres.<\/p>\n<p><strong>7.<\/strong> Es <strong>\u00edntimo amigo de Paloma Picasso<\/strong>, hija de Pablo Picasso.<\/p>\n<p><strong>8.<\/strong>\u00a0Diana Vreeland, editora de <em>Vogue USA<\/em>,\u00a0<strong>lo anim\u00f3\u00a0a dise\u00f1ar zapatos<\/strong>. (Gracias, amiga).<\/p>\n<p><strong>9. Su primera tienda se llam\u00f3 <em>Zapata<\/em><\/strong>\u00a0y la abri\u00f3 en 1973 en el barrio de Chelsea en Londres.<\/p>\n<p><strong>10.<\/strong>\u00a0Algunos de sus dise\u00f1os tienen lista de espera porque <strong>solo se producen 80 pares al d\u00eda<\/strong>. Garantizan as\u00ed su car\u00e1cter artesanal.<\/p>\n<p><strong>11.<\/strong> Solo \u00e9l realiza los bocetos, los <strong>esculpe, pinta y recorta<\/strong>.<\/p>\n<p><strong>12.<\/strong> Es tan perfeccionista que <strong>probaba \u00e9l mismo los zapatos<\/strong> hasta que se rompi\u00f3 los ligamentos y los m\u00e9dicos se lo prohibieron.<\/p>\n<p><strong>13.<\/strong> Todos <strong>sus dise\u00f1os se producen\u00a0en Italia<\/strong>. Cuna de la tradici\u00f3n m\u00e1s artesana.<\/p>\n<p><strong>14.\u00a0<\/strong>Madonna describi\u00f3 sus zapatos como <strong>\u00abmejores que el sexo\u00bb<\/strong>.<\/p>\n<p><strong>15. Alejandro Magno o Brigitte Bardot<\/strong> han influido en sus dise\u00f1os.<\/p>\n<p><strong>16.\u00a0<\/strong>Todos sus zapatos <strong>tienen una tapa de color negro al final del tac\u00f3n<\/strong>, un poquito m\u00e1s ancho que el mismo.<\/p>\n<p><strong>17.<\/strong> Las princesas <strong>Diana de Gales y Letizia Ortiz se casaron con sendos dise\u00f1os suyos<\/strong>.<\/p>\n<p><strong>18. Tiene una l\u00ednea de hombre<\/strong>, aunque reconoce que no le gusta el calzado masculino \u00aba no ser que sea muy colorido\u00bb.<\/p>\n<p><strong>19.<\/strong> En 2010 <strong>cre\u00f3 el modelo <em>Madrid<\/em> en honor a nuestro pa\u00eds<\/strong>.<\/p>\n<figure id=\"attachment_101094\" aria-describedby=\"caption-attachment-101094\" style=\"width: 600px\" class=\"wp-caption aligncenter\"><img loading=\"lazy\" decoding=\"async\" class=\"wp-image-101094\" src=\"https:\/\/graziamagazine.com\/es\/wp-content\/uploads\/sites\/12\/2017\/01\/Modelo-Madrid.jpg\" width=\"600\" height=\"400\" srcset=\"https:\/\/graziamagazine.com\/es\/wp-content\/uploads\/sites\/12\/2017\/01\/Modelo-Madrid.jpg 1200w, https:\/\/graziamagazine.com\/es\/wp-content\/uploads\/sites\/12\/2017\/01\/Modelo-Madrid-300x200.jpg 300w, https:\/\/graziamagazine.com\/es\/wp-content\/uploads\/sites\/12\/2017\/01\/Modelo-Madrid-768x512.jpg 768w, https:\/\/graziamagazine.com\/es\/wp-content\/uploads\/sites\/12\/2017\/01\/Modelo-Madrid-1024x683.jpg 1024w, https:\/\/graziamagazine.com\/es\/wp-content\/uploads\/sites\/12\/2017\/01\/Modelo-Madrid-720x480.jpg 720w, https:\/\/graziamagazine.com\/es\/wp-content\/uploads\/sites\/12\/2017\/01\/Modelo-Madrid-626x417.jpg 626w, https:\/\/graziamagazine.com\/es\/wp-content\/uploads\/sites\/12\/2017\/01\/Modelo-Madrid-360x240.jpg 360w\" sizes=\"(max-width: 600px) 100vw, 600px\" \/><figcaption id=\"caption-attachment-101094\" class=\"wp-caption-text\">Precioso y muy colorido.<\/figcaption><\/figure>\n<p><strong>20.<\/strong> El montaje neoyorquino del musical <em>Priscilla, reina del desierto<\/em>\u00a0(2011) cont\u00f3 con un <strong>zapato gigante dise\u00f1ado por Blahnik<\/strong>.<\/p>\n<p><strong>21. Consideraba a Amy Winehouse<\/strong> \u00abun icono de estilo porque no le daba miedo vestir c\u00f3mo quer\u00eda\u00bb.<\/p>\n<p><strong>22.<\/strong> En abril de 2016 comenz\u00f3 a <a href=\"https:\/\/www.manoloblahnik.com\/es\" target=\"_blank\" target=\"_blank\">vender sus dise\u00f1os online en su\u00a0p\u00e1gina web<\/a>.<\/p>\n<p><strong>23. RihannaxManolo<\/strong>, una colecci\u00f3n exclusiva creada en colaboraci\u00f3n con la cantante se lanz\u00f3 en marzo del a\u00f1o pasado. Estaba inspirada en el denim y fue tal exitazo de ventas que esta temporada el t\u00e1ndem ha vuelto a repetir.<\/p>\n<p><strong>24.<\/strong> Mr Big le pidi\u00f3 matrimonio a Carrie con unos inolvidables y maravillosos <strong>Manolo Blahnik azules.<\/strong>\u00a0Son\u00a0el modelo <em>Hangisi<\/em>, que desde entonces se convirti\u00f3 en favorito para dar el &#8216;s\u00ed quiero&#8217; para miles de novias.<\/p>\n<figure id=\"attachment_101095\" aria-describedby=\"caption-attachment-101095\" style=\"width: 785px\" class=\"wp-caption aligncenter\"><img loading=\"lazy\" decoding=\"async\" class=\"wp-image-101095\" src=\"https:\/\/graziamagazine.com\/es\/wp-content\/uploads\/sites\/12\/2017\/01\/slide_412446_5206636_free.jpg\" width=\"785\" height=\"523\" srcset=\"https:\/\/graziamagazine.com\/es\/wp-content\/uploads\/sites\/12\/2017\/01\/slide_412446_5206636_free.jpg 1080w, https:\/\/graziamagazine.com\/es\/wp-content\/uploads\/sites\/12\/2017\/01\/slide_412446_5206636_free-300x200.jpg 300w, https:\/\/graziamagazine.com\/es\/wp-content\/uploads\/sites\/12\/2017\/01\/slide_412446_5206636_free-768x512.jpg 768w, https:\/\/graziamagazine.com\/es\/wp-content\/uploads\/sites\/12\/2017\/01\/slide_412446_5206636_free-1024x683.jpg 1024w, https:\/\/graziamagazine.com\/es\/wp-content\/uploads\/sites\/12\/2017\/01\/slide_412446_5206636_free-720x480.jpg 720w, https:\/\/graziamagazine.com\/es\/wp-content\/uploads\/sites\/12\/2017\/01\/slide_412446_5206636_free-626x417.jpg 626w, https:\/\/graziamagazine.com\/es\/wp-content\/uploads\/sites\/12\/2017\/01\/slide_412446_5206636_free-360x240.jpg 360w\" sizes=\"(max-width: 785px) 100vw, 785px\" \/><figcaption id=\"caption-attachment-101095\" class=\"wp-caption-text\">C\u00f3mo no acordarnos de ellos.<\/figcaption><\/figure>\n<p><strong>25.<\/strong> Los &#8216;Manolo&#8217; <strong>rondan entre los 400 y los 4.000 euros<\/strong>.<\/p>\n<p><strong>26.<\/strong> Todos sus dise\u00f1os <strong>tienen nombre propio.<\/strong><\/p>\n<p><strong>27.<\/strong> Manolo\u00a0Blahnik <strong>reside actualmente en Bath<\/strong> (Inglaterra).<\/p>\n<p><strong>28.<\/strong> Recibi\u00f3 el t\u00edtulo honorario de <em>Commander of the British Empire<\/em> de la <strong>Orden del Imperio Brit\u00e1nico en 2007<\/strong>.<\/p>\n<p><strong>29.<\/strong> Fue investido <strong>Doctor Honoris Causa por la Universidad de La Laguna<\/strong> en mayo del a\u00f1o pasado.<\/p>\n<p><strong>30.<\/strong> En Espa\u00f1a solo hay <strong>dos tiendas oficiales<\/strong>. Una en Madrid y otra en Barcelona.<\/p>\n<p><strong>31.<\/strong> Tambi\u00e9n cuenta con una <a href=\"https:\/\/graziamagazine.com\/es\/moda\/los-primeros-bolsos-de-manolo-blahnik\/\" target=\"_blank\"><strong>colecci\u00f3n de bolsos de<\/strong> <strong>fiesta<\/strong><\/a> desde 2015.<\/p>\n<p><strong>32.<\/strong> En su web puedes encontrar una colecci\u00f3n c\u00e1psula con\u00a0<strong>tres modelos de calcetines unisex<\/strong>.<\/p>\n<p><strong>33.<\/strong> En sus inicios <strong>present\u00f3 una colecci\u00f3n de zapatos de mujer para <em>Saint Laurent<\/em><\/strong> pero la rechazaron.<\/p>\n<p><strong>34.<\/strong> Hizo zapatos <strong>para el m\u00fasico Bryan Ferry<\/strong>.<\/p>\n<p><strong>35.<\/strong> <strong>Le encantan los pompones rojos<\/strong>: \u00abSon mi obsesi\u00f3n\u00bb.<\/p>\n<p><strong>36.<\/strong> Escribi\u00f3 un <strong>libro de memorias \u00abcreativas\u00bb<\/strong> llamado <em>Manolo Blahnik: Fleeting Gestures and Obsessions<\/em>. En \u00e9l colabora el director Pedro Almod\u00f3var.<\/p>\n<p><strong>37. Tous convirti\u00f3 en colgante<\/strong> el zapato modelo <em>Campari<\/em> de Manolo en 2011.<\/p>\n<figure id=\"attachment_101096\" aria-describedby=\"caption-attachment-101096\" style=\"width: 785px\" class=\"wp-caption aligncenter\"><img loading=\"lazy\" decoding=\"async\" class=\"wp-image-101096\" src=\"https:\/\/graziamagazine.com\/es\/wp-content\/uploads\/sites\/12\/2017\/01\/ManoloForTous1.jpg\" width=\"785\" height=\"481\" srcset=\"https:\/\/graziamagazine.com\/es\/wp-content\/uploads\/sites\/12\/2017\/01\/ManoloForTous1.jpg 1400w, https:\/\/graziamagazine.com\/es\/wp-content\/uploads\/sites\/12\/2017\/01\/ManoloForTous1-300x184.jpg 300w, https:\/\/graziamagazine.com\/es\/wp-content\/uploads\/sites\/12\/2017\/01\/ManoloForTous1-768x471.jpg 768w, https:\/\/graziamagazine.com\/es\/wp-content\/uploads\/sites\/12\/2017\/01\/ManoloForTous1-1024x628.jpg 1024w, https:\/\/graziamagazine.com\/es\/wp-content\/uploads\/sites\/12\/2017\/01\/ManoloForTous1-695x425.jpg 695w, https:\/\/graziamagazine.com\/es\/wp-content\/uploads\/sites\/12\/2017\/01\/ManoloForTous1-720x441.jpg 720w, https:\/\/graziamagazine.com\/es\/wp-content\/uploads\/sites\/12\/2017\/01\/ManoloForTous1-1200x735.jpg 1200w, https:\/\/graziamagazine.com\/es\/wp-content\/uploads\/sites\/12\/2017\/01\/ManoloForTous1-626x384.jpg 626w, https:\/\/graziamagazine.com\/es\/wp-content\/uploads\/sites\/12\/2017\/01\/ManoloForTous1-360x221.jpg 360w\" sizes=\"(max-width: 785px) 100vw, 785px\" \/><figcaption id=\"caption-attachment-101096\" class=\"wp-caption-text\">Bonito, \u00bfeh?<\/figcaption><\/figure>\n<p><strong>38.<\/strong> En 2013 <strong>no prest\u00f3\u00a0sus dise\u00f1os ni a Amanda Seyfried ni a Anne Hathaway<\/strong> para lucirlos en los Oscar. \u00abNi siquiera s\u00e9 qui\u00e9n es Amanda Seyfried (&#8230;), la \u00fanica que recuerdo es Julia Roberts porque es singular. Anne Hathaway&#8230; \u00bfGuapa? S\u00ed. \u00bfExcelente actriz? S\u00ed. Pero lo que quiero decir es que ni siquiera la recuerdo. \u00bfQu\u00e9 pasa con ella?\u00bb, confes\u00f3 en su d\u00eda Blahnik.<\/p>\n<p><strong>39.<\/strong> Adora el\u00a0<strong><em>fish &amp; chips<\/em><\/strong>.<\/p>\n<p><strong>40.<\/strong> Su bebida preferida es <strong>el\u00a0c\u00f3ctel Pimm&#8217;s<\/strong>, realizado con ginebra y licores de crema y \u00a0fruta.<\/p>\n<p><strong>\u00a041.<\/strong> Nombr\u00f3 uno de sus dise\u00f1os en honor a <strong>Sarah Jessica Parker.<\/strong><\/p>\n<p><strong>42.<\/strong> La actriz de <em>Sexo en Nueva York<\/em> y el dise\u00f1ador lanzaron una <strong>colecci\u00f3n de zapatos conjunta<\/strong> en 2014.<\/p>\n<p><strong>43.<\/strong> <em>Manolo, the Boy Who Made Shoes for Lizards\u00a0<\/em>es un <strong>documental biogr\u00e1fico<\/strong> sobre \u00e9l que se encuentra en proceso de post-producci\u00f3n. Isabeli Fontana y Eva Herzigova participan en el proyecto.<\/p>\n<p><strong>44.<\/strong> Es extremadamente humilde: <strong>\u00abPero si solo hago est\u00fapidos zapatitos\u00bb,<\/strong> confiesa.<\/p>\n<p><strong>45.<\/strong> Hasta la fecha, Manolo <strong>ha dise\u00f1ado m\u00e1s de 35.000 pares de zapatos<\/strong>.<\/p>\n<p>\u00bfAlguna duda? Espero que no.<\/p>\n<p><iframe loading=\"lazy\" style=\"border: none; overflow: hidden; height: 258px;\" src=\"\/\/www.facebook.com\/plugins\/likebox.php?href=https%3A%2F%2Fwww.facebook.com%2Fgraziaespana&amp;width&amp;height=258&amp;colorscheme=light&amp;show_faces=true&amp;header=false&amp;stream=false&amp;show_border=false&amp;appId=349017955267591\" width=\"300\" height=\"150\" frameborder=\"0\" scrolling=\"no\"><\/iframe><\/p>\n","protected":false},"author":13931,"featured_media":0,"template":"","format":"standard","categories":[3,1],"acf":[],"yoast_head":"<!-- This site is optimized with the Yoast SEO Premium plugin v18.5 (Yoast SEO v20.4) - https:\/\/yoast.com\/wordpress\/plugins\/seo\/ -->\n<title>45 cosas que no sab\u00edas de los &#039;Manolo&#039; (Blahnik) | Grazia<\/title>\n<meta name=\"description\" content=\"Los zapatos preferidos de Carrie Bradshaw (y de Sarah Jessica Parker) est\u00e1n de celebraci\u00f3n. \u00bfNos pueden enviar un par, por favor?\" \/>\n<meta name=\"robots\" content=\"index, follow, max-snippet:-1, max-image-preview:large, max-video-preview:-1\" \/>\n<link rel=\"canonical\" href=\"https:\/\/graziamagazine.com\/es\/articles\/cosas-que-no-sabias-de-manolo-blahnik-exposicion-madrid\/\" \/>\n<meta property=\"og:locale\" content=\"es_ES\" \/>\n<meta property=\"og:type\" content=\"article\" \/>\n<meta property=\"og:title\" content=\"45 cosas que no sab\u00edas de los &#039;Manolo&#039; (Blahnik)\" \/>\n<meta property=\"og:description\" content=\"Por ejemplo, que cumplen 45 a\u00f1os y lo celebran con una gran exposici\u00f3n itinerante que llegar\u00e1 a Espa\u00f1a este a\u00f1o.\" \/>\n<meta property=\"og:url\" content=\"https:\/\/graziamagazine.com\/es\/articles\/cosas-que-no-sabias-de-manolo-blahnik-exposicion-madrid\/\" \/>\n<meta property=\"og:site_name\" content=\"Grazia\" \/>\n<meta property=\"article:modified_time\" content=\"2017-01-31T10:23:53+00:00\" \/>\n<meta property=\"og:image\" content=\"https:\/\/graziamagazine.com\/es\/wp-content\/uploads\/sites\/12\/2017\/01\/31004856\/GettyImages-507990632.jpg?fit=3000%2C2065\" \/>\n\t<meta property=\"og:image:width\" content=\"3000\" \/>\n\t<meta property=\"og:image:height\" content=\"2065\" \/>\n\t<meta property=\"og:image:type\" content=\"image\/jpeg\" \/>\n<meta name=\"twitter:card\" content=\"summary_large_image\" \/>\n<meta name=\"twitter:title\" content=\"45 cosas que no sab\u00edas de los &#039;Manolo&#039; (Blahnik)\" \/>\n<meta name=\"twitter:description\" content=\"Por ejemplo, que cumplen 45 a\u00f1os y lo celebran con una gran exposici\u00f3n itinerante que llegar\u00e1 a Espa\u00f1a este a\u00f1o.\" \/>\n<meta name=\"twitter:image\" content=\"http:\/\/s3-eu-west-1.amazonaws.com\/grazia-cdn\/wp-content\/uploads\/sites\/12\/2017\/01\/31004856\/GettyImages-507990632.jpg\" \/>\n<meta name=\"twitter:label1\" content=\"Est. reading time\" \/>\n\t<meta name=\"twitter:data1\" content=\"5 minutos\" \/>\n<script type=\"application\/ld+json\" class=\"yoast-schema-graph\">{\"@context\":\"https:\/\/schema.org\",\"@graph\":[{\"@type\":\"WebPage\",\"@id\":\"https:\/\/graziamagazine.com\/es\/articles\/cosas-que-no-sabias-de-manolo-blahnik-exposicion-madrid\/\",\"url\":\"https:\/\/graziamagazine.com\/es\/articles\/cosas-que-no-sabias-de-manolo-blahnik-exposicion-madrid\/\",\"name\":\"45 cosas que no sab\u00edas de los 'Manolo' (Blahnik) | Grazia\",\"isPartOf\":{\"@id\":\"https:\/\/graziamagazine.com\/es\/#website\"},\"datePublished\":\"2017-01-31T10:17:35+00:00\",\"dateModified\":\"2017-01-31T10:23:53+00:00\",\"description\":\"Los zapatos preferidos de Carrie Bradshaw (y de Sarah Jessica Parker) est\u00e1n de celebraci\u00f3n. \u00bfNos pueden enviar un par, por favor?\",\"breadcrumb\":{\"@id\":\"https:\/\/graziamagazine.com\/es\/articles\/cosas-que-no-sabias-de-manolo-blahnik-exposicion-madrid\/#breadcrumb\"},\"inLanguage\":\"es\",\"potentialAction\":[{\"@type\":\"ReadAction\",\"target\":[\"https:\/\/graziamagazine.com\/es\/articles\/cosas-que-no-sabias-de-manolo-blahnik-exposicion-madrid\/\"]}]},{\"@type\":\"BreadcrumbList\",\"@id\":\"https:\/\/graziamagazine.com\/es\/articles\/cosas-que-no-sabias-de-manolo-blahnik-exposicion-madrid\/#breadcrumb\",\"itemListElement\":[{\"@type\":\"ListItem\",\"position\":1,\"name\":\"Portada\",\"item\":\"https:\/\/graziamagazine.com\/es\/\"},{\"@type\":\"ListItem\",\"position\":2,\"name\":\"45 cosas que no sab\u00edas de los &#8216;Manolo&#8217; (Blahnik)\"}]},{\"@type\":\"WebSite\",\"@id\":\"https:\/\/graziamagazine.com\/es\/#website\",\"url\":\"https:\/\/graziamagazine.com\/es\/\",\"name\":\"Grazia\",\"description\":\"Moda, belleza, celebrities, estilo de vida...\",\"potentialAction\":[{\"@type\":\"SearchAction\",\"target\":{\"@type\":\"EntryPoint\",\"urlTemplate\":\"https:\/\/graziamagazine.com\/es\/?s={search_term_string}\"},\"query-input\":\"required name=search_term_string\"}],\"inLanguage\":\"es\"}]}<\/script>\n<!-- \/ Yoast SEO Premium plugin. -->","yoast_head_json":{"title":"45 cosas que no sab\u00edas de los 'Manolo' (Blahnik) | Grazia","description":"Los zapatos preferidos de Carrie Bradshaw (y de Sarah Jessica Parker) est\u00e1n de celebraci\u00f3n. \u00bfNos pueden enviar un par, por favor?","robots":{"index":"index","follow":"follow","max-snippet":"max-snippet:-1","max-image-preview":"max-image-preview:large","max-video-preview":"max-video-preview:-1"},"canonical":"https:\/\/graziamagazine.com\/es\/articles\/cosas-que-no-sabias-de-manolo-blahnik-exposicion-madrid\/","og_locale":"es_ES","og_type":"article","og_title":"45 cosas que no sab\u00edas de los 'Manolo' (Blahnik)","og_description":"Por ejemplo, que cumplen 45 a\u00f1os y lo celebran con una gran exposici\u00f3n itinerante que llegar\u00e1 a Espa\u00f1a este a\u00f1o.","og_url":"https:\/\/graziamagazine.com\/es\/articles\/cosas-que-no-sabias-de-manolo-blahnik-exposicion-madrid\/","og_site_name":"Grazia","article_modified_time":"2017-01-31T10:23:53+00:00","og_image":[{"width":3000,"height":2065,"url":"https:\/\/graziamagazine.com\/es\/wp-content\/uploads\/sites\/12\/2017\/01\/31004856\/GettyImages-507990632.jpg?fit=3000%2C2065","type":"image\/jpeg"}],"twitter_card":"summary_large_image","twitter_title":"45 cosas que no sab\u00edas de los 'Manolo' (Blahnik)","twitter_description":"Por ejemplo, que cumplen 45 a\u00f1os y lo celebran con una gran exposici\u00f3n itinerante que llegar\u00e1 a Espa\u00f1a este a\u00f1o.","twitter_image":"http:\/\/s3-eu-west-1.amazonaws.com\/grazia-cdn\/wp-content\/uploads\/sites\/12\/2017\/01\/31004856\/GettyImages-507990632.jpg","twitter_misc":{"Est. reading time":"5 minutos"},"schema":{"@context":"https:\/\/schema.org","@graph":[{"@type":"WebPage","@id":"https:\/\/graziamagazine.com\/es\/articles\/cosas-que-no-sabias-de-manolo-blahnik-exposicion-madrid\/","url":"https:\/\/graziamagazine.com\/es\/articles\/cosas-que-no-sabias-de-manolo-blahnik-exposicion-madrid\/","name":"45 cosas que no sab\u00edas de los 'Manolo' (Blahnik) | Grazia","isPartOf":{"@id":"https:\/\/graziamagazine.com\/es\/#website"},"datePublished":"2017-01-31T10:17:35+00:00","dateModified":"2017-01-31T10:23:53+00:00","description":"Los zapatos preferidos de Carrie Bradshaw (y de Sarah Jessica Parker) est\u00e1n de celebraci\u00f3n. \u00bfNos pueden enviar un par, por favor?","breadcrumb":{"@id":"https:\/\/graziamagazine.com\/es\/articles\/cosas-que-no-sabias-de-manolo-blahnik-exposicion-madrid\/#breadcrumb"},"inLanguage":"es","potentialAction":[{"@type":"ReadAction","target":["https:\/\/graziamagazine.com\/es\/articles\/cosas-que-no-sabias-de-manolo-blahnik-exposicion-madrid\/"]}]},{"@type":"BreadcrumbList","@id":"https:\/\/graziamagazine.com\/es\/articles\/cosas-que-no-sabias-de-manolo-blahnik-exposicion-madrid\/#breadcrumb","itemListElement":[{"@type":"ListItem","position":1,"name":"Portada","item":"https:\/\/graziamagazine.com\/es\/"},{"@type":"ListItem","position":2,"name":"45 cosas que no sab\u00edas de los &#8216;Manolo&#8217; (Blahnik)"}]},{"@type":"WebSite","@id":"https:\/\/graziamagazine.com\/es\/#website","url":"https:\/\/graziamagazine.com\/es\/","name":"Grazia","description":"Moda, belleza, celebrities, estilo de vida...","potentialAction":[{"@type":"SearchAction","target":{"@type":"EntryPoint","urlTemplate":"https:\/\/graziamagazine.com\/es\/?s={search_term_string}"},"query-input":"required name=search_term_string"}],"inLanguage":"es"}]}},"jetpack_sharing_enabled":true,"distributor_meta":false,"distributor_terms":false,"distributor_media":false,"distributor_original_site_name":"Grazia","distributor_original_site_url":"https:\/\/graziamagazine.com\/es","push-errors":false,"_links":{"self":[{"href":"https:\/\/graziamagazine.com\/es\/wp-json\/wp\/v2\/articles\/101088"}],"collection":[{"href":"https:\/\/graziamagazine.com\/es\/wp-json\/wp\/v2\/articles"}],"about":[{"href":"https:\/\/graziamagazine.com\/es\/wp-json\/wp\/v2\/types\/articles"}],"author":[{"embeddable":true,"href":"https:\/\/graziamagazine.com\/es\/wp-json\/wp\/v2\/users\/13931"}],"wp:attachment":[{"href":"https:\/\/graziamagazine.com\/es\/wp-json\/wp\/v2\/media?parent=101088"}],"wp:term":[{"taxonomy":"category","embeddable":true,"href":"https:\/\/graziamagazine.com\/es\/wp-json\/wp\/v2\/categories?post=101088"}],"curies":[{"name":"wp","href":"https:\/\/api.w.org\/{rel}","templated":true}]}}